{"id":16578,"date":"2023-07-19T13:47:34","date_gmt":"2023-07-19T10:47:34","guid":{"rendered":"https:\/\/stage.www.cobalt.legal\/?p=16578"},"modified":"2026-03-25T11:16:53","modified_gmt":"2026-03-25T09:16:53","slug":"lembit-tedder-kommenteerib-aripaeva-veergudel-tekstiilifirma-wendre-kohtuvaidlust","status":"publish","type":"post","link":"https:\/\/www.cobalt.legal\/et\/news-cases\/lembit-tedder-kommenteerib-aripaeva-veergudel-tekstiilifirma-wendre-kohtuvaidlust\/","title":{"rendered":"Lembit Tedder kommenteerib \u00c4rip\u00e4eva veergudel tekstiilifirma Wendre kohtuvaidlust"},"content":{"rendered":"<p style=\"text-align: justify;\"><em>Artikkel ilmus 19. jaanuaril \u00c4rip\u00e4evas<\/em><\/p>\n<p style=\"text-align: justify;\">\u00c4rip\u00e4ev avaldas t\u00e4na loo tekstiilifirma Wendre kohtuvaidlusest, kus ettev\u00f5te omanik Peeter Hunt n\u00f5uab ligi kolme miljonit eurot endistelt juhtivt\u00f6\u00f6tajatelt, s\u00fc\u00fcdistades neid materjalide varguses oma uue \u00e4ri jaoks.<\/p>\n<p style=\"text-align: justify;\">Tsiviilhagis n\u00f5uab Wendre endiste t\u00f6\u00f6tajate poolt loodud uuelt firmalt Paragon Sleepilt 2,79 miljonit eurot. Lisaks n\u00f5utakse k\u00f5igilt asjaosalistelt \u00f5iglast kahjuh\u00fcvitist, saamata j\u00e4\u00e4nud tuludelt viiviste tasumist ning s\u00fc\u00fcdim\u00f5istmise korral kohtukulude kandmist. Samaaegselt on k\u00e4sil ka kriminaalmenetlus. Tsiviilhagi menetletakse samas menetluses kriminaalasjaga ja kui kohus tunnistab isiku s\u00fc\u00fcdi ning leiab, et kuriteoga tekitatud kahju h\u00fcvitamise n\u00f5ue on p\u00f5hjendatud, rahuldab kohus ka tsiviilhagi.<\/p>\n<p style=\"text-align: justify;\">Meie vandeadvokaat ja majanduskuritegude valdkonna kaasjuht Lembit Tedder m\u00e4rkis, et Wendre-taoliste vaidluste puhul on esmat\u00e4htis, et kannatanu tagaks ettev\u00f5tte toimimise ja j\u00e4tkusuutlikkuse.<\/p>\n<p style=\"text-align: justify;\">Tedder selgitas, et kui taoliste vaidluste puhul asjaosalised kokkuleppele ei j\u00f5ua, soovib kannatanud pool alustada reeglina nii tsiviil- kui ka kriminaalmenetlust oma \u00f5iguste igak\u00fclgseks kaitseks. Ta teeb seda lootuses, et v\u00e4hemalt \u00fches neist \u00f5nnestub saavutada soovitud tulemus.<\/p>\n<p style=\"text-align: justify;\">Tsiviilmenetluses saab eesk\u00e4tt n\u00f5uda ebaseadusliku tegevuse l\u00f5petamist ja tekitatud kahju h\u00fcvitamist. Kriminaalmenetluses lahendatakse seevastu ennek\u00f5ike k\u00fcsimus, kas isik on pannud toime karistusseadustikus s\u00e4testatud tunnustele vastava kuriteo. Selle raames saab esitada ka n\u00e4iteks tsiviilhagi, t\u00e4psustas Tedder. Sedalaadi vaidluste puhul on asjakohased muuhulgas usalduse kuritarvitamise v\u00f5i omastamise ja \u00e4risaladuste \u00f5igustamata avaldamise ja kasutamise kuriteokoosseisud, selgitas ta.<\/p>\n<p style=\"text-align: justify;\">Tsiviilmenetlus on Tedderi s\u00f5nul v\u00f5istlev menetlus ning kohus menetleb asja nii-\u00f6elda kannatanu hagi alusel, see t\u00e4hendab, et ta saab ise oma advokaatide vahendusel kujundada, mida, miks ja kellelt ta n\u00f5uab.<\/p>\n<p style=\"text-align: justify;\">Kriminaalmenetluses ei juhi kannatanu ega tema advokaadid menetlust, seda teeb prokuratuur.<\/p>\n<p style=\"text-align: justify;\">\u201cSee t\u00e4hendab muuhulgas, et prokuratuur v\u00f5ib \u00fcks hetk \u00f6elda \u201eEi, ma ei uuri\u201c v\u00f5i siis j\u00e4\u00e4b asi aastateks kuskile lauanurgale seisma. Olgu siis probleem selles, et ametil pole ressurssi, tahtmist, teadmist v\u00f5i muud sellist asja menetlemiseks. Teiselt poolt menetletakse kohati arusaamatu entusiasmi ja ressurssi kuluga asju, mida ilmselgelt menetlema ei peaks. Majanduskuritegude menetlemine Eestis on problemaatiline, kuid eks k\u00f5ik ajas areneb paremuse poole ning omalt poolt aitame seda praktikat kujundada,\u201d \u00fctles Tedder.<\/p>\n<p style=\"text-align: justify;\">Loe t\u00e4ismahus artiklit: <a href=\"https:\/\/www.aripaev.ee\/suur-lugu\/2023\/01\/19\/kaaperdatud-ari-wendre-omanik-nouab-endiselt-juhtkonnalt-kolme-miljonit-eurot\">SIIN<\/a><\/p>\n","protected":false},"excerpt":{"rendered":"<p>Artikkel ilmus 19. jaanuaril \u00c4rip\u00e4evas \u00c4rip\u00e4ev avaldas t\u00e4na loo tekstiilifirma Wendre kohtuvaidlusest, kus ettev\u00f5te omanik Peeter Hunt n\u00f5uab ligi kolme miljonit eurot endistelt juhtivt\u00f6\u00f6tajatelt, s\u00fc\u00fcdistades neid materjalide varguses oma uue \u00e4ri jaoks. Tsiviilhagis n\u00f5uab Wendre endiste t\u00f6\u00f6tajate poolt loodud uuelt..<\/p>\n","protected":false},"author":6,"featured_media":9902,"comment_status":"closed","ping_status":"closed","sticky":false,"template":"","format":"standard","meta":{"_acf_changed":false,"inline_featured_image":false,"footnotes":""},"categories":[28],"country":[84],"class_list":["post-16578","post","type-post","status-publish","format-standard","has-post-thumbnail","hentry","category-uncategorized-et","country-estonia-et"],"acf":[],"yoast_head":"<!-- This site is optimized with the Yoast SEO plugin v27.3 - https:\/\/yoast.com\/product\/yoast-seo-wordpress\/ -->\n<title>Lembit Tedder kommenteerib \u00c4rip\u00e4eva veergudel tekstiilifirma Wendre kohtuvaidlust | COBALT<\/title>\n<meta name=\"description\" content=\"Lembit Tedder kommenteerib \u00c4rip\u00e4eva veergudel tekstiilifirma Wendre kohtuvaidlust. News. Naujienos. Jaunumi. Uudised.\" \/>\n<meta name=\"robots\" content=\"index, follow, max-snippet:-1, max-image-preview:large, max-video-preview:-1\" \/>\n<link rel=\"canonical\" href=\"https:\/\/www.cobalt.legal\/et\/news-cases\/lembit-tedder-kommenteerib-aripaeva-veergudel-tekstiilifirma-wendre-kohtuvaidlust\/\" \/>\n<meta property=\"og:locale\" content=\"et_EE\" \/>\n<meta property=\"og:type\" content=\"article\" \/>\n<meta property=\"og:title\" content=\"Lembit Tedder kommenteerib \u00c4rip\u00e4eva veergudel tekstiilifirma Wendre kohtuvaidlust | COBALT\" \/>\n<meta property=\"og:description\" content=\"Lembit Tedder kommenteerib \u00c4rip\u00e4eva veergudel tekstiilifirma Wendre kohtuvaidlust. News. Naujienos. Jaunumi. Uudised.\" \/>\n<meta property=\"og:url\" content=\"https:\/\/www.cobalt.legal\/et\/news-cases\/lembit-tedder-kommenteerib-aripaeva-veergudel-tekstiilifirma-wendre-kohtuvaidlust\/\" \/>\n<meta property=\"og:site_name\" content=\"COBALT\" \/>\n<meta property=\"article:publisher\" content=\"https:\/\/www.facebook.com\/CobaltLegal\/\" \/>\n<meta property=\"article:published_time\" content=\"2023-07-19T10:47:34+00:00\" \/>\n<meta property=\"article:modified_time\" content=\"2026-03-25T09:16:53+00:00\" \/>\n<meta property=\"og:image\" content=\"https:\/\/www.cobalt.legal\/wp-content\/uploads\/2023\/04\/Lembit-Tedder2-1.jpg\" \/>\n\t<meta property=\"og:image:width\" content=\"2044\" \/>\n\t<meta property=\"og:image:height\" content=\"1788\" \/>\n\t<meta property=\"og:image:type\" content=\"image\/jpeg\" \/>\n<meta name=\"author\" content=\"Ilze Augstkalne\" \/>\n<meta name=\"twitter:card\" content=\"summary_large_image\" \/>\n<meta name=\"twitter:label1\" content=\"Written by\" \/>\n\t<meta name=\"twitter:data1\" content=\"Ilze Augstkalne\" \/>\n\t<meta name=\"twitter:label2\" content=\"Est. reading time\" \/>\n\t<meta name=\"twitter:data2\" content=\"2 minutes\" \/>\n<script type=\"application\/ld+json\" class=\"yoast-schema-graph\">{\"@context\":\"https:\\\/\\\/schema.org\",\"@graph\":[{\"@type\":\"Article\",\"@id\":\"https:\\\/\\\/www.cobalt.legal\\\/et\\\/news-cases\\\/lembit-tedder-kommenteerib-aripaeva-veergudel-tekstiilifirma-wendre-kohtuvaidlust\\\/#article\",\"isPartOf\":{\"@id\":\"https:\\\/\\\/www.cobalt.legal\\\/et\\\/news-cases\\\/lembit-tedder-kommenteerib-aripaeva-veergudel-tekstiilifirma-wendre-kohtuvaidlust\\\/\"},\"author\":{\"name\":\"Ilze Augstkalne\",\"@id\":\"https:\\\/\\\/www.cobalt.legal\\\/et\\\/#\\\/schema\\\/person\\\/a96c052a2eba55b2f6b995c69436c3aa\"},\"headline\":\"Lembit Tedder kommenteerib \u00c4rip\u00e4eva veergudel tekstiilifirma Wendre kohtuvaidlust\",\"datePublished\":\"2023-07-19T10:47:34+00:00\",\"dateModified\":\"2026-03-25T09:16:53+00:00\",\"mainEntityOfPage\":{\"@id\":\"https:\\\/\\\/www.cobalt.legal\\\/et\\\/news-cases\\\/lembit-tedder-kommenteerib-aripaeva-veergudel-tekstiilifirma-wendre-kohtuvaidlust\\\/\"},\"wordCount\":378,\"publisher\":{\"@id\":\"https:\\\/\\\/www.cobalt.legal\\\/et\\\/#organization\"},\"image\":{\"@id\":\"https:\\\/\\\/www.cobalt.legal\\\/et\\\/news-cases\\\/lembit-tedder-kommenteerib-aripaeva-veergudel-tekstiilifirma-wendre-kohtuvaidlust\\\/#primaryimage\"},\"thumbnailUrl\":\"https:\\\/\\\/www.cobalt.legal\\\/wp-content\\\/uploads\\\/2023\\\/04\\\/Lembit-Tedder2-1.jpg\",\"articleSection\":[\"Uncategorized @et\"],\"inLanguage\":\"et-EE\"},{\"@type\":\"WebPage\",\"@id\":\"https:\\\/\\\/www.cobalt.legal\\\/et\\\/news-cases\\\/lembit-tedder-kommenteerib-aripaeva-veergudel-tekstiilifirma-wendre-kohtuvaidlust\\\/\",\"url\":\"https:\\\/\\\/www.cobalt.legal\\\/et\\\/news-cases\\\/lembit-tedder-kommenteerib-aripaeva-veergudel-tekstiilifirma-wendre-kohtuvaidlust\\\/\",\"name\":\"Lembit Tedder kommenteerib \u00c4rip\u00e4eva veergudel tekstiilifirma Wendre kohtuvaidlust | COBALT\",\"isPartOf\":{\"@id\":\"https:\\\/\\\/www.cobalt.legal\\\/et\\\/#website\"},\"primaryImageOfPage\":{\"@id\":\"https:\\\/\\\/www.cobalt.legal\\\/et\\\/news-cases\\\/lembit-tedder-kommenteerib-aripaeva-veergudel-tekstiilifirma-wendre-kohtuvaidlust\\\/#primaryimage\"},\"image\":{\"@id\":\"https:\\\/\\\/www.cobalt.legal\\\/et\\\/news-cases\\\/lembit-tedder-kommenteerib-aripaeva-veergudel-tekstiilifirma-wendre-kohtuvaidlust\\\/#primaryimage\"},\"thumbnailUrl\":\"https:\\\/\\\/www.cobalt.legal\\\/wp-content\\\/uploads\\\/2023\\\/04\\\/Lembit-Tedder2-1.jpg\",\"datePublished\":\"2023-07-19T10:47:34+00:00\",\"dateModified\":\"2026-03-25T09:16:53+00:00\",\"description\":\"Lembit Tedder kommenteerib \u00c4rip\u00e4eva veergudel tekstiilifirma Wendre kohtuvaidlust. News. Naujienos. Jaunumi. Uudised.\",\"breadcrumb\":{\"@id\":\"https:\\\/\\\/www.cobalt.legal\\\/et\\\/news-cases\\\/lembit-tedder-kommenteerib-aripaeva-veergudel-tekstiilifirma-wendre-kohtuvaidlust\\\/#breadcrumb\"},\"inLanguage\":\"et-EE\",\"potentialAction\":[{\"@type\":\"ReadAction\",\"target\":[\"https:\\\/\\\/www.cobalt.legal\\\/et\\\/news-cases\\\/lembit-tedder-kommenteerib-aripaeva-veergudel-tekstiilifirma-wendre-kohtuvaidlust\\\/\"]}]},{\"@type\":\"ImageObject\",\"inLanguage\":\"et-EE\",\"@id\":\"https:\\\/\\\/www.cobalt.legal\\\/et\\\/news-cases\\\/lembit-tedder-kommenteerib-aripaeva-veergudel-tekstiilifirma-wendre-kohtuvaidlust\\\/#primaryimage\",\"url\":\"https:\\\/\\\/www.cobalt.legal\\\/wp-content\\\/uploads\\\/2023\\\/04\\\/Lembit-Tedder2-1.jpg\",\"contentUrl\":\"https:\\\/\\\/www.cobalt.legal\\\/wp-content\\\/uploads\\\/2023\\\/04\\\/Lembit-Tedder2-1.jpg\",\"width\":2044,\"height\":1788},{\"@type\":\"BreadcrumbList\",\"@id\":\"https:\\\/\\\/www.cobalt.legal\\\/et\\\/news-cases\\\/lembit-tedder-kommenteerib-aripaeva-veergudel-tekstiilifirma-wendre-kohtuvaidlust\\\/#breadcrumb\",\"itemListElement\":[{\"@type\":\"ListItem\",\"position\":1,\"name\":\"Home\",\"item\":\"https:\\\/\\\/www.cobalt.legal\\\/et\\\/\"},{\"@type\":\"ListItem\",\"position\":2,\"name\":\"Lembit Tedder kommenteerib \u00c4rip\u00e4eva veergudel tekstiilifirma Wendre kohtuvaidlust\"}]},{\"@type\":\"WebSite\",\"@id\":\"https:\\\/\\\/www.cobalt.legal\\\/et\\\/#website\",\"url\":\"https:\\\/\\\/www.cobalt.legal\\\/et\\\/\",\"name\":\"COBALT\",\"description\":\"Top-tier law services in Estonia, Latvia and Lithuania\",\"publisher\":{\"@id\":\"https:\\\/\\\/www.cobalt.legal\\\/et\\\/#organization\"},\"potentialAction\":[{\"@type\":\"SearchAction\",\"target\":{\"@type\":\"EntryPoint\",\"urlTemplate\":\"https:\\\/\\\/www.cobalt.legal\\\/et\\\/?s={search_term_string}\"},\"query-input\":{\"@type\":\"PropertyValueSpecification\",\"valueRequired\":true,\"valueName\":\"search_term_string\"}}],\"inLanguage\":\"et-EE\"},{\"@type\":\"Organization\",\"@id\":\"https:\\\/\\\/www.cobalt.legal\\\/et\\\/#organization\",\"name\":\"COBALT\",\"url\":\"https:\\\/\\\/www.cobalt.legal\\\/et\\\/\",\"logo\":{\"@type\":\"ImageObject\",\"inLanguage\":\"et-EE\",\"@id\":\"https:\\\/\\\/www.cobalt.legal\\\/et\\\/#\\\/schema\\\/logo\\\/image\\\/\",\"url\":\"https:\\\/\\\/www.cobalt.legal\\\/wp-content\\\/uploads\\\/2023\\\/04\\\/cobalt-logo.png\",\"contentUrl\":\"https:\\\/\\\/www.cobalt.legal\\\/wp-content\\\/uploads\\\/2023\\\/04\\\/cobalt-logo.png\",\"width\":400,\"height\":116,\"caption\":\"COBALT\"},\"image\":{\"@id\":\"https:\\\/\\\/www.cobalt.legal\\\/et\\\/#\\\/schema\\\/logo\\\/image\\\/\"},\"sameAs\":[\"https:\\\/\\\/www.facebook.com\\\/CobaltLegal\\\/\"]},{\"@type\":\"Person\",\"@id\":\"https:\\\/\\\/www.cobalt.legal\\\/et\\\/#\\\/schema\\\/person\\\/a96c052a2eba55b2f6b995c69436c3aa\",\"name\":\"Ilze Augstkalne\",\"url\":\"https:\\\/\\\/www.cobalt.legal\\\/et\\\/author\\\/ilze\\\/\"}]}<\/script>\n<!-- \/ Yoast SEO plugin. -->","yoast_head_json":{"title":"Lembit Tedder kommenteerib \u00c4rip\u00e4eva veergudel tekstiilifirma Wendre kohtuvaidlust | COBALT","description":"Lembit Tedder kommenteerib \u00c4rip\u00e4eva veergudel tekstiilifirma Wendre kohtuvaidlust. News. Naujienos. Jaunumi. Uudised.","robots":{"index":"index","follow":"follow","max-snippet":"max-snippet:-1","max-image-preview":"max-image-preview:large","max-video-preview":"max-video-preview:-1"},"canonical":"https:\/\/www.cobalt.legal\/et\/news-cases\/lembit-tedder-kommenteerib-aripaeva-veergudel-tekstiilifirma-wendre-kohtuvaidlust\/","og_locale":"et_EE","og_type":"article","og_title":"Lembit Tedder kommenteerib \u00c4rip\u00e4eva veergudel tekstiilifirma Wendre kohtuvaidlust | COBALT","og_description":"Lembit Tedder kommenteerib \u00c4rip\u00e4eva veergudel tekstiilifirma Wendre kohtuvaidlust. News. Naujienos. Jaunumi. Uudised.","og_url":"https:\/\/www.cobalt.legal\/et\/news-cases\/lembit-tedder-kommenteerib-aripaeva-veergudel-tekstiilifirma-wendre-kohtuvaidlust\/","og_site_name":"COBALT","article_publisher":"https:\/\/www.facebook.com\/CobaltLegal\/","article_published_time":"2023-07-19T10:47:34+00:00","article_modified_time":"2026-03-25T09:16:53+00:00","og_image":[{"width":2044,"height":1788,"url":"https:\/\/www.cobalt.legal\/wp-content\/uploads\/2023\/04\/Lembit-Tedder2-1.jpg","type":"image\/jpeg"}],"author":"Ilze Augstkalne","twitter_card":"summary_large_image","twitter_misc":{"Written by":"Ilze Augstkalne","Est. reading time":"2 minutes"},"schema":{"@context":"https:\/\/schema.org","@graph":[{"@type":"Article","@id":"https:\/\/www.cobalt.legal\/et\/news-cases\/lembit-tedder-kommenteerib-aripaeva-veergudel-tekstiilifirma-wendre-kohtuvaidlust\/#article","isPartOf":{"@id":"https:\/\/www.cobalt.legal\/et\/news-cases\/lembit-tedder-kommenteerib-aripaeva-veergudel-tekstiilifirma-wendre-kohtuvaidlust\/"},"author":{"name":"Ilze Augstkalne","@id":"https:\/\/www.cobalt.legal\/et\/#\/schema\/person\/a96c052a2eba55b2f6b995c69436c3aa"},"headline":"Lembit Tedder kommenteerib \u00c4rip\u00e4eva veergudel tekstiilifirma Wendre kohtuvaidlust","datePublished":"2023-07-19T10:47:34+00:00","dateModified":"2026-03-25T09:16:53+00:00","mainEntityOfPage":{"@id":"https:\/\/www.cobalt.legal\/et\/news-cases\/lembit-tedder-kommenteerib-aripaeva-veergudel-tekstiilifirma-wendre-kohtuvaidlust\/"},"wordCount":378,"publisher":{"@id":"https:\/\/www.cobalt.legal\/et\/#organization"},"image":{"@id":"https:\/\/www.cobalt.legal\/et\/news-cases\/lembit-tedder-kommenteerib-aripaeva-veergudel-tekstiilifirma-wendre-kohtuvaidlust\/#primaryimage"},"thumbnailUrl":"https:\/\/www.cobalt.legal\/wp-content\/uploads\/2023\/04\/Lembit-Tedder2-1.jpg","articleSection":["Uncategorized @et"],"inLanguage":"et-EE"},{"@type":"WebPage","@id":"https:\/\/www.cobalt.legal\/et\/news-cases\/lembit-tedder-kommenteerib-aripaeva-veergudel-tekstiilifirma-wendre-kohtuvaidlust\/","url":"https:\/\/www.cobalt.legal\/et\/news-cases\/lembit-tedder-kommenteerib-aripaeva-veergudel-tekstiilifirma-wendre-kohtuvaidlust\/","name":"Lembit Tedder kommenteerib \u00c4rip\u00e4eva veergudel tekstiilifirma Wendre kohtuvaidlust | COBALT","isPartOf":{"@id":"https:\/\/www.cobalt.legal\/et\/#website"},"primaryImageOfPage":{"@id":"https:\/\/www.cobalt.legal\/et\/news-cases\/lembit-tedder-kommenteerib-aripaeva-veergudel-tekstiilifirma-wendre-kohtuvaidlust\/#primaryimage"},"image":{"@id":"https:\/\/www.cobalt.legal\/et\/news-cases\/lembit-tedder-kommenteerib-aripaeva-veergudel-tekstiilifirma-wendre-kohtuvaidlust\/#primaryimage"},"thumbnailUrl":"https:\/\/www.cobalt.legal\/wp-content\/uploads\/2023\/04\/Lembit-Tedder2-1.jpg","datePublished":"2023-07-19T10:47:34+00:00","dateModified":"2026-03-25T09:16:53+00:00","description":"Lembit Tedder kommenteerib \u00c4rip\u00e4eva veergudel tekstiilifirma Wendre kohtuvaidlust. News. Naujienos. Jaunumi. Uudised.","breadcrumb":{"@id":"https:\/\/www.cobalt.legal\/et\/news-cases\/lembit-tedder-kommenteerib-aripaeva-veergudel-tekstiilifirma-wendre-kohtuvaidlust\/#breadcrumb"},"inLanguage":"et-EE","potentialAction":[{"@type":"ReadAction","target":["https:\/\/www.cobalt.legal\/et\/news-cases\/lembit-tedder-kommenteerib-aripaeva-veergudel-tekstiilifirma-wendre-kohtuvaidlust\/"]}]},{"@type":"ImageObject","inLanguage":"et-EE","@id":"https:\/\/www.cobalt.legal\/et\/news-cases\/lembit-tedder-kommenteerib-aripaeva-veergudel-tekstiilifirma-wendre-kohtuvaidlust\/#primaryimage","url":"https:\/\/www.cobalt.legal\/wp-content\/uploads\/2023\/04\/Lembit-Tedder2-1.jpg","contentUrl":"https:\/\/www.cobalt.legal\/wp-content\/uploads\/2023\/04\/Lembit-Tedder2-1.jpg","width":2044,"height":1788},{"@type":"BreadcrumbList","@id":"https:\/\/www.cobalt.legal\/et\/news-cases\/lembit-tedder-kommenteerib-aripaeva-veergudel-tekstiilifirma-wendre-kohtuvaidlust\/#breadcrumb","itemListElement":[{"@type":"ListItem","position":1,"name":"Home","item":"https:\/\/www.cobalt.legal\/et\/"},{"@type":"ListItem","position":2,"name":"Lembit Tedder kommenteerib \u00c4rip\u00e4eva veergudel tekstiilifirma Wendre kohtuvaidlust"}]},{"@type":"WebSite","@id":"https:\/\/www.cobalt.legal\/et\/#website","url":"https:\/\/www.cobalt.legal\/et\/","name":"COBALT","description":"Top-tier law services in Estonia, Latvia and Lithuania","publisher":{"@id":"https:\/\/www.cobalt.legal\/et\/#organization"},"potentialAction":[{"@type":"SearchAction","target":{"@type":"EntryPoint","urlTemplate":"https:\/\/www.cobalt.legal\/et\/?s={search_term_string}"},"query-input":{"@type":"PropertyValueSpecification","valueRequired":true,"valueName":"search_term_string"}}],"inLanguage":"et-EE"},{"@type":"Organization","@id":"https:\/\/www.cobalt.legal\/et\/#organization","name":"COBALT","url":"https:\/\/www.cobalt.legal\/et\/","logo":{"@type":"ImageObject","inLanguage":"et-EE","@id":"https:\/\/www.cobalt.legal\/et\/#\/schema\/logo\/image\/","url":"https:\/\/www.cobalt.legal\/wp-content\/uploads\/2023\/04\/cobalt-logo.png","contentUrl":"https:\/\/www.cobalt.legal\/wp-content\/uploads\/2023\/04\/cobalt-logo.png","width":400,"height":116,"caption":"COBALT"},"image":{"@id":"https:\/\/www.cobalt.legal\/et\/#\/schema\/logo\/image\/"},"sameAs":["https:\/\/www.facebook.com\/CobaltLegal\/"]},{"@type":"Person","@id":"https:\/\/www.cobalt.legal\/et\/#\/schema\/person\/a96c052a2eba55b2f6b995c69436c3aa","name":"Ilze Augstkalne","url":"https:\/\/www.cobalt.legal\/et\/author\/ilze\/"}]}},"_links":{"self":[{"href":"https:\/\/www.cobalt.legal\/et\/wp-json\/wp\/v2\/posts\/16578","targetHints":{"allow":["GET"]}}],"collection":[{"href":"https:\/\/www.cobalt.legal\/et\/wp-json\/wp\/v2\/posts"}],"about":[{"href":"https:\/\/www.cobalt.legal\/et\/wp-json\/wp\/v2\/types\/post"}],"author":[{"embeddable":true,"href":"https:\/\/www.cobalt.legal\/et\/wp-json\/wp\/v2\/users\/6"}],"replies":[{"embeddable":true,"href":"https:\/\/www.cobalt.legal\/et\/wp-json\/wp\/v2\/comments?post=16578"}],"version-history":[{"count":2,"href":"https:\/\/www.cobalt.legal\/et\/wp-json\/wp\/v2\/posts\/16578\/revisions"}],"predecessor-version":[{"id":54023,"href":"https:\/\/www.cobalt.legal\/et\/wp-json\/wp\/v2\/posts\/16578\/revisions\/54023"}],"wp:featuredmedia":[{"embeddable":true,"href":"https:\/\/www.cobalt.legal\/et\/wp-json\/wp\/v2\/media\/9902"}],"wp:attachment":[{"href":"https:\/\/www.cobalt.legal\/et\/wp-json\/wp\/v2\/media?parent=16578"}],"wp:term":[{"taxonomy":"category","embeddable":true,"href":"https:\/\/www.cobalt.legal\/et\/wp-json\/wp\/v2\/categories?post=16578"},{"taxonomy":"country","embeddable":true,"href":"https:\/\/www.cobalt.legal\/et\/wp-json\/wp\/v2\/country?post=16578"}],"curies":[{"name":"wp","href":"https:\/\/api.w.org\/{rel}","templated":true}]}}