{"id":24636,"date":"2023-08-30T15:19:28","date_gmt":"2023-08-30T12:19:28","guid":{"rendered":"https:\/\/stage.www.cobalt.legal\/?p=24636"},"modified":"2023-08-30T15:20:15","modified_gmt":"2023-08-30T12:20:15","slug":"kas-tooandjal-on-oigus-kusida-tootajalt-terviseandmeid-covid-19-nakatumise-kohta","status":"publish","type":"post","link":"https:\/\/www.cobalt.legal\/et\/news-cases\/kas-tooandjal-on-oigus-kusida-tootajalt-terviseandmeid-covid-19-nakatumise-kohta\/","title":{"rendered":"Kas t\u00f6\u00f6andjal on \u00f5igus k\u00fcsida t\u00f6\u00f6tajalt terviseandmeid COVID-19 nakatumise kohta?"},"content":{"rendered":"<p>COVID-19 leviku piiramiseks ja m\u00f5jude leevendamiseks on Eestis v\u00e4lja kuulutatud eriolukord. T\u00f6\u00f6andjal on kohustus t\u00f6\u00f6kohal tagada, et t\u00f6\u00f6tajate vahel on v\u00e4hemalt kahemeetrine vahemaa, v\u00e4lja arvatud juhul, kui seda ei ole m\u00f5istlikult v\u00f5imalik tagada. \u00a0Sellises olukorras t\u00f6\u00f6andjate poolt kohaste ja toimivate ohutusmeetmete rakendamine t\u00f6\u00f6kohal eeldab tihtipeale t\u00f6\u00f6tajatelt t\u00e4iendavate isikuandmete, sh tervisandmete k\u00fcsimist. Kas ja millisel juhul on t\u00f6\u00f6taja terviseandmete k\u00fcsimine \u00f5igustatud?<\/p>\n<p><strong>T\u00f6\u00f6taja terviseandmete t\u00f6\u00f6tlemise seaduslikkus<\/strong><\/p>\n<p>Isikuandmete t\u00f6\u00f6tlemist reguleerivad Euroopa Liidu isikuandmete kaitse \u00fcldm\u00e4\u00e4rus ja piiratud ulatuses isikuandmete kaitse seadus. \u00dcldm\u00e4\u00e4ruse kohaselt on terviseandmed eriliiki isikuandmed, mille delikaatsus seab nende t\u00f6\u00f6tlemisele t\u00e4iendavad n\u00f5udmised.<\/p>\n<p>Eriliiki isikuandmeid v\u00f5ib t\u00f6\u00f6delda \u00fcksnes juhul, kui esineb \u00fcldm\u00e4\u00e4ruse artiklis 6 s\u00e4testatud \u00f5iguslik alus ja on t\u00e4idetud v\u00e4hemalt \u00fcks \u00fcldm\u00e4\u00e4ruse artikli 9 l\u00f5ikes 2 s\u00e4testatud eritingimus.<\/p>\n<p>COVID-19 leviku valguses on t\u00f6\u00f6andjal v\u00f5imalus tugineda t\u00f6\u00f6taja terviseandmete k\u00e4sitlemisel \u00fcldm\u00e4\u00e4ruse artikkel 9 l\u00f5ige 2 punktis b s\u00e4testatule, mille kohaselt on eriliiki isikuandmete t\u00f6\u00f6tlemine lubatud, kui see on vajalik seoses t\u00f6\u00f6\u00f5igusest tulenevate kohustustega, koosm\u00f5jus t\u00f6\u00f6tervishoiu ja t\u00f6\u00f6ohutuse seaduses s\u00e4testatud t\u00f6\u00f6andja kohustusega tagada ohutu t\u00f6\u00f6keskkond. Seega saab jaatada t\u00f6\u00f6andja \u00f5igust teatud ulatuses t\u00f6\u00f6taja terviseandmeid t\u00f6\u00f6delda.<\/p>\n<p>Lisaks on oluline r\u00f5hutada, et vastavalt t\u00f6\u00f6tervishoiu ja t\u00f6\u00f6ohutuse seadusele on t\u00f6\u00f6andja ning t\u00f6\u00f6taja kohustatud ohutu t\u00f6\u00f6keskkonna saavutamiseks tegema koost\u00f6\u00f6d, mis t\u00e4hendab, et paratamatult s\u00f5ltub nakatumisega seotud andmete saamine t\u00f6\u00f6tajast endast. Olgugi, et t\u00f6\u00f6andja ei saa t\u00f6\u00f6tajat sundida andmeid avaldama, v\u00f5ib t\u00f6\u00f6andja keeldumist k\u00e4sitleda t\u00f6\u00f6tervishoiu- ja t\u00f6\u00f6ohutusalaste kohustuste rikkumisena.<\/p>\n<p>T\u00e4iendus 08.04.2020: Tutvu ka Andmekaitse Inspektsiooni t\u00e4iendatud <a href=\"https:\/\/www.aki.ee\/et\/uudised\/tootajate-isikuandmete-tootlemisest-koroonaviiruse-kontekstis\">soovitustega<\/a>\u00a0terviseandmete t\u00f6\u00f6tlemise kohta, mille kohaselt on teatud tegevusaladel v\u00f5imalik tugineda ka \u00fclaltoodust erinevale \u00f5iguslikule alusele t\u00f6\u00f6taja terviseandmete t\u00f6\u00f6tlemisel, n\u00e4iteks kui t\u00f6\u00f6tajad k\u00e4itlevad t\u00f6\u00f6\u00fclesannete t\u00f5ttu toitu ja joogivett v\u00f5i puutuvad kokku nende k\u00e4itlemisvahenditega v\u00f5i kui t\u00f6\u00f6tajad puutuvad vahetult kokku laste ja noorukitega.<\/p>\n<p><strong>Terviseandmete t\u00f6\u00f6tlemisega kaasnevad kohustused<\/strong><\/p>\n<p>S\u00f5ltumata t\u00f6\u00f6taja terviseandmete t\u00f6\u00f6tlemise seaduslikkusest, ei tohi t\u00f6\u00f6andja j\u00e4tta t\u00e4helepanuta teisi isikuandmete t\u00f6\u00f6tlemise p\u00f5him\u00f5tetest tulenevaid t\u00f6\u00f6andja kohustusi: minimaalsus, konfidentsiaalsus, l\u00e4bipaistvus, s\u00e4ilitamise piirang ja vastutus. Isikuandmete t\u00f6\u00f6tlemise p\u00f5him\u00f5tete rikkumisel on lihtne muuta ka esmapilgul vajalik andmet\u00f6\u00f6tlus ebaseaduslikuks.<\/p>\n<p><strong>Minimaalsus<\/strong> t\u00e4hendab, et t\u00f6\u00f6andja k\u00fcsib t\u00f6\u00f6tajalt \u00fcksnes selliseid andmeid, mis on vajalikud otsustamaks COVID-19 leviku piiramist ja m\u00f5jude leevendamist soodustavate meetmete rakendamist.\u00a0 N\u00e4iteks, tasub kaaluda, kas k\u00f5iki t\u00f6\u00f6tajaid h\u00f5lmava kodukontori korra m\u00e4\u00e4ramisel on vajalik k\u00fcsida isikustatult tervise- ja reisiandmeid v\u00f5i piisab kui anon\u00fc\u00fcmse k\u00fcsitluse tulemusena esineb nakatumise kahtlus. Kindlasti ei saa t\u00f6\u00f6keskkonnas minimaalseks ja proportsionaalseks lugeda termokaamerate kasutamist, pelgalt selle pinnal otsuste langetamist ning meetmete v\u00f5tmist konkreetsete t\u00f6\u00f6tajate suhtes.<\/p>\n<p>T\u00f6\u00f6andja peab tagama kogutavate isikuandmete <strong>konfidentsiaalsuse<\/strong> ja kaitsma neid loata v\u00f5i ebaseadusliku t\u00f6\u00f6tlemise, avaldamise v\u00f5i kahjustamise eest. See t\u00e4hendab, et t\u00f6\u00f6andja peab seadma juurdep\u00e4\u00e4supiirangud t\u00f6\u00f6tajate isikuandmetele, eriti pidades silmas terviseandmete suurema kaitse vajadust. Keelatud on m\u00f5juva p\u00f5hjuseta avaldada kollektiivis v\u00f5i kolmandatele isikutele t\u00f6\u00f6taja diagnoosi v\u00f5i kahtlust COVID-19 nakatumise kohta. Seet\u00f5ttu on oluline, et ettev\u00f5ttes on ligip\u00e4\u00e4s terviseandmetele \u00fcksnes nendel ametipositsioonidel t\u00f6\u00f6tajatele, kelle jaoks on see v\u00e4ltimatult vajalik, et tagada t\u00f6\u00f6keskkonna ohutus ning t\u00f6\u00f6alased \u00fcmberkorraldused.<\/p>\n<p>T\u00f6\u00f6andja poolne isikuandmete kogumine ja nende k\u00e4sitlemine peab olema<strong> l\u00e4bipaistev<\/strong> \u2013 \u00fchest k\u00fcljest \u00fcldm\u00e4\u00e4rusest tuleneva kohustuse t\u00f5ttu, kuid soovitatavalt ka t\u00f6\u00f6tajate usalduse tagamiseks, et v\u00e4ltida hilisemaid vaidluseid ja n\u00f5udeid<strong>. <\/strong>T\u00f6\u00f6andjal on kohustus teavitada t\u00f6\u00f6tajaid andmete kogumise eesm\u00e4rgist ja t\u00f6\u00f6tajate \u00f5igustest seoses oma isikuandmetega lihtsasti k\u00e4ttesaadaval ja loetaval viisil. Eriti puudutab see olukorda, kus erakorraliselt kogutakse tavap\u00e4rasest erinevaid andmeid ehk see toob kaasa muutused andmet\u00f6\u00f6tlusprotsessides ning t\u00f6\u00f6tajatele varasemalt esitatud privaatsusteavitused selliseid protsesse ei h\u00f5lma. Samuti peab t\u00f6\u00f6andja m\u00e4\u00e4ratlema isikuandmete <strong>s\u00e4ilitamise t\u00e4htaja<\/strong> ning tagama, et kogutud isikuandmeid sisaldavad andmekandjad h\u00e4vitatakse p\u00e4rast m\u00e4\u00e4ratud t\u00e4htaega.<\/p>\n<p>T\u00e4iendus 08.04.2020: L\u00e4htudes Andmekaitse Inspektsiooni ja Euroopa Andmekaitse N\u00f5ukogu soovitustest, tuleb t\u00f6\u00f6tajaid ette teavitada terviseandmete k\u00fcsimise vajalikkusest, esitades neile teabelehe, milles on v\u00e4lja toodud miks v\u00f5ib t\u00f6\u00f6andja terviseandmeid k\u00fcsida, kellel on nendele ligip\u00e4\u00e4s ja kui kaua neid s\u00e4ilitatakse.<\/p>\n<p><strong>Vastutuse p\u00f5him\u00f5tte<\/strong> t\u00e4itmiseks, peab t\u00f6\u00f6andja dokumenteerima k\u00f5ik otsustusprotsessid seoses COVID-19 haldamiseks rakendatud meetmetega, mis h\u00f5lmavad isikuandmete t\u00f6\u00f6tlemist. Dokumenteerimise olulisus seisneb t\u00f6\u00f6andja v\u00f5imaluses tagantj\u00e4rele t\u00f5endada eelnimetatud p\u00f5him\u00f5tete j\u00e4rgimist, tagades samal ajal ka kaitse v\u00f5imalike n\u00f5uete vastu.<\/p>\n<p><strong>T\u00f6\u00f6andjal on \u00f5igus k\u00fcsida terviseandmeid, j\u00e4rgides isikuandmete t\u00f6\u00f6tlemise p\u00f5him\u00f5tteid<\/strong><\/p>\n<p>Nii isikuandmete kaitse \u00fcldm\u00e4\u00e4rus kui ka Eesti seadused v\u00f5imaldavad t\u00f6\u00f6andjal kriisiolukorras v\u00f5tta tarvilikke meetmeid t\u00f6\u00f6tajate isikuandmetega ringik\u00e4imisel eesm\u00e4rgiga efektiivselt tagada ohutu t\u00f6\u00f6keskkond ja kollektiivi tervise kaitse. Kuiv\u00f5rd \u00f5igus isikuandmete kaitsele on Euroopa Liidu \u00fcks p\u00f5hi\u00f5igustest, siis tasub t\u00f6\u00f6andjal meetmete rakendamisel meeles pidada \u00fcldm\u00e4\u00e4ruses toodud p\u00f5him\u00f5tete j\u00e4rgimist \u2013 nii kindlustab t\u00f6\u00f6andja oma kohustuste t\u00e4itmise kui ka t\u00f6\u00f6tajate usalduse keerulisel perioodil.<\/p>\n<p><em>Artikli autorid on valdkonna n\u00f5unik Aleksander Tsuiman ning advokaat Stella Raudsepp.\u00a0<\/em><\/p>\n","protected":false},"excerpt":{"rendered":"<p>COVID-19 leviku piiramiseks ja m\u00f5jude leevendamiseks on Eestis v\u00e4lja kuulutatud eriolukord. T\u00f6\u00f6andjal on kohustus t\u00f6\u00f6kohal tagada, et t\u00f6\u00f6tajate vahel on v\u00e4hemalt kahemeetrine vahemaa, v\u00e4lja arvatud juhul, kui seda ei ole m\u00f5istlikult v\u00f5imalik tagada. \u00a0Sellises olukorras t\u00f6\u00f6andjate poolt kohaste ja toimivate..<\/p>\n","protected":false},"author":5,"featured_media":50000,"comment_status":"closed","ping_status":"closed","sticky":false,"template":"","format":"standard","meta":{"_acf_changed":false,"inline_featured_image":false,"footnotes":""},"categories":[28],"country":[84],"class_list":["post-24636","post","type-post","status-publish","format-standard","has-post-thumbnail","hentry","category-uncategorized-et","country-estonia-et"],"acf":[],"yoast_head":"<!-- This site is optimized with the Yoast SEO plugin v27.3 - https:\/\/yoast.com\/product\/yoast-seo-wordpress\/ -->\n<title>Kas t\u00f6\u00f6andjal on \u00f5igus k\u00fcsida t\u00f6\u00f6tajalt terviseandmeid COVID-19 nakatumise kohta? | COBALT<\/title>\n<meta name=\"description\" content=\"Kas t\u00f6\u00f6andjal on \u00f5igus k\u00fcsida t\u00f6\u00f6tajalt terviseandmeid COVID-19 nakatumise kohta?. News. Naujienos. Jaunumi. Uudised.\" \/>\n<meta name=\"robots\" content=\"index, follow, max-snippet:-1, max-image-preview:large, max-video-preview:-1\" \/>\n<link rel=\"canonical\" href=\"https:\/\/www.cobalt.legal\/et\/news-cases\/kas-tooandjal-on-oigus-kusida-tootajalt-terviseandmeid-covid-19-nakatumise-kohta\/\" \/>\n<meta property=\"og:locale\" content=\"et_EE\" \/>\n<meta property=\"og:type\" content=\"article\" \/>\n<meta property=\"og:title\" content=\"Kas t\u00f6\u00f6andjal on \u00f5igus k\u00fcsida t\u00f6\u00f6tajalt terviseandmeid COVID-19 nakatumise kohta? | COBALT\" \/>\n<meta property=\"og:description\" content=\"Kas t\u00f6\u00f6andjal on \u00f5igus k\u00fcsida t\u00f6\u00f6tajalt terviseandmeid COVID-19 nakatumise kohta?. News. Naujienos. Jaunumi. Uudised.\" \/>\n<meta property=\"og:url\" content=\"https:\/\/www.cobalt.legal\/et\/news-cases\/kas-tooandjal-on-oigus-kusida-tootajalt-terviseandmeid-covid-19-nakatumise-kohta\/\" \/>\n<meta property=\"og:site_name\" content=\"COBALT\" \/>\n<meta property=\"article:publisher\" content=\"https:\/\/www.facebook.com\/CobaltLegal\/\" \/>\n<meta property=\"article:published_time\" content=\"2023-08-30T12:19:28+00:00\" \/>\n<meta property=\"article:modified_time\" content=\"2023-08-30T12:20:15+00:00\" \/>\n<meta property=\"og:image\" content=\"https:\/\/www.cobalt.legal\/wp-content\/uploads\/2023\/08\/StellaAleks.jpg\" \/>\n\t<meta property=\"og:image:width\" content=\"1453\" \/>\n\t<meta property=\"og:image:height\" content=\"775\" \/>\n\t<meta property=\"og:image:type\" content=\"image\/jpeg\" \/>\n<meta name=\"author\" content=\"saturs\" \/>\n<meta name=\"twitter:card\" content=\"summary_large_image\" \/>\n<meta name=\"twitter:label1\" content=\"Written by\" \/>\n\t<meta name=\"twitter:data1\" content=\"saturs\" \/>\n\t<meta name=\"twitter:label2\" content=\"Est. reading time\" \/>\n\t<meta name=\"twitter:data2\" content=\"5 minutes\" \/>\n<script type=\"application\/ld+json\" class=\"yoast-schema-graph\">{\"@context\":\"https:\\\/\\\/schema.org\",\"@graph\":[{\"@type\":\"Article\",\"@id\":\"https:\\\/\\\/www.cobalt.legal\\\/et\\\/news-cases\\\/kas-tooandjal-on-oigus-kusida-tootajalt-terviseandmeid-covid-19-nakatumise-kohta\\\/#article\",\"isPartOf\":{\"@id\":\"https:\\\/\\\/www.cobalt.legal\\\/et\\\/news-cases\\\/kas-tooandjal-on-oigus-kusida-tootajalt-terviseandmeid-covid-19-nakatumise-kohta\\\/\"},\"author\":{\"name\":\"saturs\",\"@id\":\"https:\\\/\\\/www.cobalt.legal\\\/et\\\/#\\\/schema\\\/person\\\/8b9371cd6186321c5b42e891663a4ec0\"},\"headline\":\"Kas t\u00f6\u00f6andjal on \u00f5igus k\u00fcsida t\u00f6\u00f6tajalt terviseandmeid COVID-19 nakatumise kohta?\",\"datePublished\":\"2023-08-30T12:19:28+00:00\",\"dateModified\":\"2023-08-30T12:20:15+00:00\",\"mainEntityOfPage\":{\"@id\":\"https:\\\/\\\/www.cobalt.legal\\\/et\\\/news-cases\\\/kas-tooandjal-on-oigus-kusida-tootajalt-terviseandmeid-covid-19-nakatumise-kohta\\\/\"},\"wordCount\":915,\"publisher\":{\"@id\":\"https:\\\/\\\/www.cobalt.legal\\\/et\\\/#organization\"},\"image\":{\"@id\":\"https:\\\/\\\/www.cobalt.legal\\\/et\\\/news-cases\\\/kas-tooandjal-on-oigus-kusida-tootajalt-terviseandmeid-covid-19-nakatumise-kohta\\\/#primaryimage\"},\"thumbnailUrl\":\"https:\\\/\\\/www.cobalt.legal\\\/wp-content\\\/uploads\\\/2023\\\/08\\\/abstract-7.jpg\",\"articleSection\":[\"Uncategorized @et\"],\"inLanguage\":\"et-EE\"},{\"@type\":\"WebPage\",\"@id\":\"https:\\\/\\\/www.cobalt.legal\\\/et\\\/news-cases\\\/kas-tooandjal-on-oigus-kusida-tootajalt-terviseandmeid-covid-19-nakatumise-kohta\\\/\",\"url\":\"https:\\\/\\\/www.cobalt.legal\\\/et\\\/news-cases\\\/kas-tooandjal-on-oigus-kusida-tootajalt-terviseandmeid-covid-19-nakatumise-kohta\\\/\",\"name\":\"Kas t\u00f6\u00f6andjal on \u00f5igus k\u00fcsida t\u00f6\u00f6tajalt terviseandmeid COVID-19 nakatumise kohta? | COBALT\",\"isPartOf\":{\"@id\":\"https:\\\/\\\/www.cobalt.legal\\\/et\\\/#website\"},\"primaryImageOfPage\":{\"@id\":\"https:\\\/\\\/www.cobalt.legal\\\/et\\\/news-cases\\\/kas-tooandjal-on-oigus-kusida-tootajalt-terviseandmeid-covid-19-nakatumise-kohta\\\/#primaryimage\"},\"image\":{\"@id\":\"https:\\\/\\\/www.cobalt.legal\\\/et\\\/news-cases\\\/kas-tooandjal-on-oigus-kusida-tootajalt-terviseandmeid-covid-19-nakatumise-kohta\\\/#primaryimage\"},\"thumbnailUrl\":\"https:\\\/\\\/www.cobalt.legal\\\/wp-content\\\/uploads\\\/2023\\\/08\\\/abstract-7.jpg\",\"datePublished\":\"2023-08-30T12:19:28+00:00\",\"dateModified\":\"2023-08-30T12:20:15+00:00\",\"description\":\"Kas t\u00f6\u00f6andjal on \u00f5igus k\u00fcsida t\u00f6\u00f6tajalt terviseandmeid COVID-19 nakatumise kohta?. News. Naujienos. Jaunumi. Uudised.\",\"breadcrumb\":{\"@id\":\"https:\\\/\\\/www.cobalt.legal\\\/et\\\/news-cases\\\/kas-tooandjal-on-oigus-kusida-tootajalt-terviseandmeid-covid-19-nakatumise-kohta\\\/#breadcrumb\"},\"inLanguage\":\"et-EE\",\"potentialAction\":[{\"@type\":\"ReadAction\",\"target\":[\"https:\\\/\\\/www.cobalt.legal\\\/et\\\/news-cases\\\/kas-tooandjal-on-oigus-kusida-tootajalt-terviseandmeid-covid-19-nakatumise-kohta\\\/\"]}]},{\"@type\":\"ImageObject\",\"inLanguage\":\"et-EE\",\"@id\":\"https:\\\/\\\/www.cobalt.legal\\\/et\\\/news-cases\\\/kas-tooandjal-on-oigus-kusida-tootajalt-terviseandmeid-covid-19-nakatumise-kohta\\\/#primaryimage\",\"url\":\"https:\\\/\\\/www.cobalt.legal\\\/wp-content\\\/uploads\\\/2023\\\/08\\\/abstract-7.jpg\",\"contentUrl\":\"https:\\\/\\\/www.cobalt.legal\\\/wp-content\\\/uploads\\\/2023\\\/08\\\/abstract-7.jpg\",\"width\":2160,\"height\":1728},{\"@type\":\"BreadcrumbList\",\"@id\":\"https:\\\/\\\/www.cobalt.legal\\\/et\\\/news-cases\\\/kas-tooandjal-on-oigus-kusida-tootajalt-terviseandmeid-covid-19-nakatumise-kohta\\\/#breadcrumb\",\"itemListElement\":[{\"@type\":\"ListItem\",\"position\":1,\"name\":\"Home\",\"item\":\"https:\\\/\\\/www.cobalt.legal\\\/et\\\/\"},{\"@type\":\"ListItem\",\"position\":2,\"name\":\"Kas t\u00f6\u00f6andjal on \u00f5igus k\u00fcsida t\u00f6\u00f6tajalt terviseandmeid COVID-19 nakatumise kohta?\"}]},{\"@type\":\"WebSite\",\"@id\":\"https:\\\/\\\/www.cobalt.legal\\\/et\\\/#website\",\"url\":\"https:\\\/\\\/www.cobalt.legal\\\/et\\\/\",\"name\":\"COBALT\",\"description\":\"Top-tier law services in Estonia, Latvia and Lithuania\",\"publisher\":{\"@id\":\"https:\\\/\\\/www.cobalt.legal\\\/et\\\/#organization\"},\"potentialAction\":[{\"@type\":\"SearchAction\",\"target\":{\"@type\":\"EntryPoint\",\"urlTemplate\":\"https:\\\/\\\/www.cobalt.legal\\\/et\\\/?s={search_term_string}\"},\"query-input\":{\"@type\":\"PropertyValueSpecification\",\"valueRequired\":true,\"valueName\":\"search_term_string\"}}],\"inLanguage\":\"et-EE\"},{\"@type\":\"Organization\",\"@id\":\"https:\\\/\\\/www.cobalt.legal\\\/et\\\/#organization\",\"name\":\"COBALT\",\"url\":\"https:\\\/\\\/www.cobalt.legal\\\/et\\\/\",\"logo\":{\"@type\":\"ImageObject\",\"inLanguage\":\"et-EE\",\"@id\":\"https:\\\/\\\/www.cobalt.legal\\\/et\\\/#\\\/schema\\\/logo\\\/image\\\/\",\"url\":\"https:\\\/\\\/www.cobalt.legal\\\/wp-content\\\/uploads\\\/2023\\\/04\\\/cobalt-logo.png\",\"contentUrl\":\"https:\\\/\\\/www.cobalt.legal\\\/wp-content\\\/uploads\\\/2023\\\/04\\\/cobalt-logo.png\",\"width\":400,\"height\":116,\"caption\":\"COBALT\"},\"image\":{\"@id\":\"https:\\\/\\\/www.cobalt.legal\\\/et\\\/#\\\/schema\\\/logo\\\/image\\\/\"},\"sameAs\":[\"https:\\\/\\\/www.facebook.com\\\/CobaltLegal\\\/\"]},{\"@type\":\"Person\",\"@id\":\"https:\\\/\\\/www.cobalt.legal\\\/et\\\/#\\\/schema\\\/person\\\/8b9371cd6186321c5b42e891663a4ec0\",\"name\":\"saturs\",\"url\":\"https:\\\/\\\/www.cobalt.legal\\\/et\\\/author\\\/saturs\\\/\"}]}<\/script>\n<!-- \/ Yoast SEO plugin. -->","yoast_head_json":{"title":"Kas t\u00f6\u00f6andjal on \u00f5igus k\u00fcsida t\u00f6\u00f6tajalt terviseandmeid COVID-19 nakatumise kohta? | COBALT","description":"Kas t\u00f6\u00f6andjal on \u00f5igus k\u00fcsida t\u00f6\u00f6tajalt terviseandmeid COVID-19 nakatumise kohta?. News. Naujienos. Jaunumi. Uudised.","robots":{"index":"index","follow":"follow","max-snippet":"max-snippet:-1","max-image-preview":"max-image-preview:large","max-video-preview":"max-video-preview:-1"},"canonical":"https:\/\/www.cobalt.legal\/et\/news-cases\/kas-tooandjal-on-oigus-kusida-tootajalt-terviseandmeid-covid-19-nakatumise-kohta\/","og_locale":"et_EE","og_type":"article","og_title":"Kas t\u00f6\u00f6andjal on \u00f5igus k\u00fcsida t\u00f6\u00f6tajalt terviseandmeid COVID-19 nakatumise kohta? | COBALT","og_description":"Kas t\u00f6\u00f6andjal on \u00f5igus k\u00fcsida t\u00f6\u00f6tajalt terviseandmeid COVID-19 nakatumise kohta?. News. Naujienos. Jaunumi. Uudised.","og_url":"https:\/\/www.cobalt.legal\/et\/news-cases\/kas-tooandjal-on-oigus-kusida-tootajalt-terviseandmeid-covid-19-nakatumise-kohta\/","og_site_name":"COBALT","article_publisher":"https:\/\/www.facebook.com\/CobaltLegal\/","article_published_time":"2023-08-30T12:19:28+00:00","article_modified_time":"2023-08-30T12:20:15+00:00","og_image":[{"width":1453,"height":775,"url":"https:\/\/www.cobalt.legal\/wp-content\/uploads\/2023\/08\/StellaAleks.jpg","type":"image\/jpeg"}],"author":"saturs","twitter_card":"summary_large_image","twitter_misc":{"Written by":"saturs","Est. reading time":"5 minutes"},"schema":{"@context":"https:\/\/schema.org","@graph":[{"@type":"Article","@id":"https:\/\/www.cobalt.legal\/et\/news-cases\/kas-tooandjal-on-oigus-kusida-tootajalt-terviseandmeid-covid-19-nakatumise-kohta\/#article","isPartOf":{"@id":"https:\/\/www.cobalt.legal\/et\/news-cases\/kas-tooandjal-on-oigus-kusida-tootajalt-terviseandmeid-covid-19-nakatumise-kohta\/"},"author":{"name":"saturs","@id":"https:\/\/www.cobalt.legal\/et\/#\/schema\/person\/8b9371cd6186321c5b42e891663a4ec0"},"headline":"Kas t\u00f6\u00f6andjal on \u00f5igus k\u00fcsida t\u00f6\u00f6tajalt terviseandmeid COVID-19 nakatumise kohta?","datePublished":"2023-08-30T12:19:28+00:00","dateModified":"2023-08-30T12:20:15+00:00","mainEntityOfPage":{"@id":"https:\/\/www.cobalt.legal\/et\/news-cases\/kas-tooandjal-on-oigus-kusida-tootajalt-terviseandmeid-covid-19-nakatumise-kohta\/"},"wordCount":915,"publisher":{"@id":"https:\/\/www.cobalt.legal\/et\/#organization"},"image":{"@id":"https:\/\/www.cobalt.legal\/et\/news-cases\/kas-tooandjal-on-oigus-kusida-tootajalt-terviseandmeid-covid-19-nakatumise-kohta\/#primaryimage"},"thumbnailUrl":"https:\/\/www.cobalt.legal\/wp-content\/uploads\/2023\/08\/abstract-7.jpg","articleSection":["Uncategorized @et"],"inLanguage":"et-EE"},{"@type":"WebPage","@id":"https:\/\/www.cobalt.legal\/et\/news-cases\/kas-tooandjal-on-oigus-kusida-tootajalt-terviseandmeid-covid-19-nakatumise-kohta\/","url":"https:\/\/www.cobalt.legal\/et\/news-cases\/kas-tooandjal-on-oigus-kusida-tootajalt-terviseandmeid-covid-19-nakatumise-kohta\/","name":"Kas t\u00f6\u00f6andjal on \u00f5igus k\u00fcsida t\u00f6\u00f6tajalt terviseandmeid COVID-19 nakatumise kohta? | COBALT","isPartOf":{"@id":"https:\/\/www.cobalt.legal\/et\/#website"},"primaryImageOfPage":{"@id":"https:\/\/www.cobalt.legal\/et\/news-cases\/kas-tooandjal-on-oigus-kusida-tootajalt-terviseandmeid-covid-19-nakatumise-kohta\/#primaryimage"},"image":{"@id":"https:\/\/www.cobalt.legal\/et\/news-cases\/kas-tooandjal-on-oigus-kusida-tootajalt-terviseandmeid-covid-19-nakatumise-kohta\/#primaryimage"},"thumbnailUrl":"https:\/\/www.cobalt.legal\/wp-content\/uploads\/2023\/08\/abstract-7.jpg","datePublished":"2023-08-30T12:19:28+00:00","dateModified":"2023-08-30T12:20:15+00:00","description":"Kas t\u00f6\u00f6andjal on \u00f5igus k\u00fcsida t\u00f6\u00f6tajalt terviseandmeid COVID-19 nakatumise kohta?. News. Naujienos. Jaunumi. Uudised.","breadcrumb":{"@id":"https:\/\/www.cobalt.legal\/et\/news-cases\/kas-tooandjal-on-oigus-kusida-tootajalt-terviseandmeid-covid-19-nakatumise-kohta\/#breadcrumb"},"inLanguage":"et-EE","potentialAction":[{"@type":"ReadAction","target":["https:\/\/www.cobalt.legal\/et\/news-cases\/kas-tooandjal-on-oigus-kusida-tootajalt-terviseandmeid-covid-19-nakatumise-kohta\/"]}]},{"@type":"ImageObject","inLanguage":"et-EE","@id":"https:\/\/www.cobalt.legal\/et\/news-cases\/kas-tooandjal-on-oigus-kusida-tootajalt-terviseandmeid-covid-19-nakatumise-kohta\/#primaryimage","url":"https:\/\/www.cobalt.legal\/wp-content\/uploads\/2023\/08\/abstract-7.jpg","contentUrl":"https:\/\/www.cobalt.legal\/wp-content\/uploads\/2023\/08\/abstract-7.jpg","width":2160,"height":1728},{"@type":"BreadcrumbList","@id":"https:\/\/www.cobalt.legal\/et\/news-cases\/kas-tooandjal-on-oigus-kusida-tootajalt-terviseandmeid-covid-19-nakatumise-kohta\/#breadcrumb","itemListElement":[{"@type":"ListItem","position":1,"name":"Home","item":"https:\/\/www.cobalt.legal\/et\/"},{"@type":"ListItem","position":2,"name":"Kas t\u00f6\u00f6andjal on \u00f5igus k\u00fcsida t\u00f6\u00f6tajalt terviseandmeid COVID-19 nakatumise kohta?"}]},{"@type":"WebSite","@id":"https:\/\/www.cobalt.legal\/et\/#website","url":"https:\/\/www.cobalt.legal\/et\/","name":"COBALT","description":"Top-tier law services in Estonia, Latvia and Lithuania","publisher":{"@id":"https:\/\/www.cobalt.legal\/et\/#organization"},"potentialAction":[{"@type":"SearchAction","target":{"@type":"EntryPoint","urlTemplate":"https:\/\/www.cobalt.legal\/et\/?s={search_term_string}"},"query-input":{"@type":"PropertyValueSpecification","valueRequired":true,"valueName":"search_term_string"}}],"inLanguage":"et-EE"},{"@type":"Organization","@id":"https:\/\/www.cobalt.legal\/et\/#organization","name":"COBALT","url":"https:\/\/www.cobalt.legal\/et\/","logo":{"@type":"ImageObject","inLanguage":"et-EE","@id":"https:\/\/www.cobalt.legal\/et\/#\/schema\/logo\/image\/","url":"https:\/\/www.cobalt.legal\/wp-content\/uploads\/2023\/04\/cobalt-logo.png","contentUrl":"https:\/\/www.cobalt.legal\/wp-content\/uploads\/2023\/04\/cobalt-logo.png","width":400,"height":116,"caption":"COBALT"},"image":{"@id":"https:\/\/www.cobalt.legal\/et\/#\/schema\/logo\/image\/"},"sameAs":["https:\/\/www.facebook.com\/CobaltLegal\/"]},{"@type":"Person","@id":"https:\/\/www.cobalt.legal\/et\/#\/schema\/person\/8b9371cd6186321c5b42e891663a4ec0","name":"saturs","url":"https:\/\/www.cobalt.legal\/et\/author\/saturs\/"}]}},"_links":{"self":[{"href":"https:\/\/www.cobalt.legal\/et\/wp-json\/wp\/v2\/posts\/24636","targetHints":{"allow":["GET"]}}],"collection":[{"href":"https:\/\/www.cobalt.legal\/et\/wp-json\/wp\/v2\/posts"}],"about":[{"href":"https:\/\/www.cobalt.legal\/et\/wp-json\/wp\/v2\/types\/post"}],"author":[{"embeddable":true,"href":"https:\/\/www.cobalt.legal\/et\/wp-json\/wp\/v2\/users\/5"}],"replies":[{"embeddable":true,"href":"https:\/\/www.cobalt.legal\/et\/wp-json\/wp\/v2\/comments?post=24636"}],"version-history":[{"count":1,"href":"https:\/\/www.cobalt.legal\/et\/wp-json\/wp\/v2\/posts\/24636\/revisions"}],"predecessor-version":[{"id":24637,"href":"https:\/\/www.cobalt.legal\/et\/wp-json\/wp\/v2\/posts\/24636\/revisions\/24637"}],"wp:featuredmedia":[{"embeddable":true,"href":"https:\/\/www.cobalt.legal\/et\/wp-json\/wp\/v2\/media\/50000"}],"wp:attachment":[{"href":"https:\/\/www.cobalt.legal\/et\/wp-json\/wp\/v2\/media?parent=24636"}],"wp:term":[{"taxonomy":"category","embeddable":true,"href":"https:\/\/www.cobalt.legal\/et\/wp-json\/wp\/v2\/categories?post=24636"},{"taxonomy":"country","embeddable":true,"href":"https:\/\/www.cobalt.legal\/et\/wp-json\/wp\/v2\/country?post=24636"}],"curies":[{"name":"wp","href":"https:\/\/api.w.org\/{rel}","templated":true}]}}