{"id":37861,"date":"2024-07-01T16:00:59","date_gmt":"2024-07-01T13:00:59","guid":{"rendered":"https:\/\/www.cobalt.legal\/?p=37861"},"modified":"2024-07-01T16:05:11","modified_gmt":"2024-07-01T13:05:11","slug":"euroopa-parlament-kiitis-heaks-saastliku-pakendamise-meetmed","status":"publish","type":"post","link":"https:\/\/www.cobalt.legal\/et\/news-cases\/euroopa-parlament-kiitis-heaks-saastliku-pakendamise-meetmed\/","title":{"rendered":"Euroopa Parlament kiitis heaks s\u00e4\u00e4stliku pakendamise meetmed"},"content":{"rendered":"<p>Viimasel valimiste eelsel t\u00e4iskogu istungil andis Euroopa Parlament l\u00f5pliku heakskiidu m\u00e4\u00e4rusele, mis asendaks kehtiva pakendidirektiivi. M\u00e4\u00e4ruse sisu p\u00f5hineb 4. m\u00e4rtsil Euroopa Parlamendi ja EL liikmesriike esindava n\u00f5ukogu vahel s\u00f5lmitud kokkuleppel.<\/p>\n<p>Eesm\u00e4rgiga v\u00e4hendada liidus pakendij\u00e4\u00e4tmete tekkimist n\u00e4eb <a href=\"https:\/\/www.europarl.europa.eu\/news\/en\/press-room\/20240419IPR20589\/new-eu-rules-to-reduce-reuse-and-recycle-packaging\" target=\"_blank\" rel=\"noopener\">uus m\u00e4\u00e4rus<\/a> liikmesriikidele ette kohustuse v\u00e4hendada riiklikku pakendite tarbimist 5% aastaks 2030, 10% aastaks 2035 ning 15% aastaks 2040. Pakendite koguse v\u00e4hendamise eesm\u00e4rkide lisandumine kujutab endast p\u00f5him\u00f5ttelist t\u00e4iendust senisele regulatsioonile, kus eesm\u00e4rgid on seatud vaid pakendite ringlusse v\u00f5tmisele. Lisaks peavad tootjad hakkama pakendites v\u00e4hendama nn \u2019t\u00fchja \u00f5hku\u2019, s\u00e4ilitades j\u00e4tkuvalt pakendi funktsionaalsuse ning toote kaitse. Tarbijatele m\u00fc\u00fcdavate toodete pakendid peavad m\u00e4\u00e4ruse kohaselt olema v\u00f5imalikud kerged ja v\u00e4ikesed.<\/p>\n<p>Liigpakendamise v\u00e4hendamise k\u00f5rval on m\u00e4\u00e4ruse eesm\u00e4rk j\u00e4tkuvalt tagada, et v\u00f5imalikult suurt osa turule j\u00f5udvatest pakenditest oleks v\u00f5imalik hiljem taas ringlusesse v\u00f5tta. M\u00e4\u00e4ruse kohaldamise algusest peavad hiljemalt 18 kuu jooksul olema peaaegu k\u00f5ik turule lastavad pakendid ringlussev\u00f5etavad. Alates 2030. aastast hakatakse pakendite ringlussev\u00f5etavust hindama rangete kriteeriumite alusel, mis t\u00f6\u00f6tatakse v\u00e4lja 2028. aasta alguseks. \u00dcksikud pakendimaterjalid on n\u00f5udest vabastatud, sh kerge puit, kumm ja tekstiil. Lisaks peavad alates 2030. aastast olema plastikpakendid ka ise osaliselt ringlussev\u00f5etud j\u00e4\u00e4tmetest valmistatud.<\/p>\n<p>Teatud liiki \u00fchekordselt kasutatavad plastikpakendid keelatakse turult 2030. aastast. Sh keelatakse v\u00e4rskete puu- ja k\u00f6\u00f6giviljade \u00fcmbrispakendid, nt v\u00f5rgud, aga ka selliste viljade kandmiseks kasutatavad v\u00e4ga kerged kilekotid, v.a h\u00fcgieenivajadustel kasutatavad kotid. Keelatakse ka toitlustusettev\u00f5tetes kasutatavad \u00fchekordsed n\u00f5ud ja karbid.<\/p>\n<p>Parlamendis heaks kiidetud <a href=\"https:\/\/www.europarl.europa.eu\/doceo\/document\/TA-9-2024-0318_ET.pdf\" target=\"_blank\" rel=\"noopener\">tekst<\/a> ootab hetkel l\u00f5plikku koosk\u00f5lastust EL N\u00f5ukogult, kelle j\u00e4rgmine kohtumine on kalendris seatud 14. oktoobrile. Peale l\u00f5plikku koosk\u00f5lastust avalikustatakse m\u00e4\u00e4rus EL Teatajas, misj\u00e4rel on liikmesriikidel aega 18 kuud, et s\u00e4tteid kohaldama hakata.<\/p>\n","protected":false},"excerpt":{"rendered":"<p>Viimasel valimiste eelsel t\u00e4iskogu istungil andis Euroopa Parlament l\u00f5pliku heakskiidu m\u00e4\u00e4rusele, mis asendaks kehtiva pakendidirektiivi. M\u00e4\u00e4ruse sisu p\u00f5hineb 4. m\u00e4rtsil Euroopa Parlamendi ja EL liikmesriike esindava n\u00f5ukogu vahel s\u00f5lmitud kokkuleppel. Eesm\u00e4rgiga v\u00e4hendada liidus pakendij\u00e4\u00e4tmete tekkimist n\u00e4eb uus m\u00e4\u00e4rus liikmesriikidele ette..<\/p>\n","protected":false},"author":14,"featured_media":37862,"comment_status":"closed","ping_status":"closed","sticky":false,"template":"","format":"standard","meta":{"_acf_changed":false,"inline_featured_image":false,"footnotes":""},"categories":[28],"country":[84],"class_list":["post-37861","post","type-post","status-publish","format-standard","has-post-thumbnail","hentry","category-uncategorized-et","country-estonia-et"],"acf":[],"yoast_head":"<!-- This site is optimized with the Yoast SEO plugin v27.3 - https:\/\/yoast.com\/product\/yoast-seo-wordpress\/ -->\n<title>Euroopa Parlament kiitis heaks s\u00e4\u00e4stliku pakendamise meetmed | COBALT<\/title>\n<meta name=\"description\" content=\"Euroopa Parlament kiitis heaks s\u00e4\u00e4stliku pakendamise meetmed. News. Naujienos. Jaunumi. Uudised.\" \/>\n<meta name=\"robots\" content=\"index, follow, max-snippet:-1, max-image-preview:large, max-video-preview:-1\" \/>\n<link rel=\"canonical\" href=\"https:\/\/www.cobalt.legal\/et\/news-cases\/euroopa-parlament-kiitis-heaks-saastliku-pakendamise-meetmed\/\" \/>\n<meta property=\"og:locale\" content=\"et_EE\" \/>\n<meta property=\"og:type\" content=\"article\" \/>\n<meta property=\"og:title\" content=\"Euroopa Parlament kiitis heaks s\u00e4\u00e4stliku pakendamise meetmed | COBALT\" \/>\n<meta property=\"og:description\" content=\"Euroopa Parlament kiitis heaks s\u00e4\u00e4stliku pakendamise meetmed. News. Naujienos. Jaunumi. Uudised.\" \/>\n<meta property=\"og:url\" content=\"https:\/\/www.cobalt.legal\/et\/news-cases\/euroopa-parlament-kiitis-heaks-saastliku-pakendamise-meetmed\/\" \/>\n<meta property=\"og:site_name\" content=\"COBALT\" \/>\n<meta property=\"article:publisher\" content=\"https:\/\/www.facebook.com\/CobaltLegal\/\" \/>\n<meta property=\"article:published_time\" content=\"2024-07-01T13:00:59+00:00\" \/>\n<meta property=\"article:modified_time\" content=\"2024-07-01T13:05:11+00:00\" \/>\n<meta property=\"og:image\" content=\"https:\/\/www.cobalt.legal\/wp-content\/uploads\/2024\/07\/harper-sunday-fyh4shnxuq8-unsplash.jpg\" \/>\n\t<meta property=\"og:image:width\" content=\"2560\" \/>\n\t<meta property=\"og:image:height\" content=\"1707\" \/>\n\t<meta property=\"og:image:type\" content=\"image\/jpeg\" \/>\n<meta name=\"author\" content=\"Kadri-Ann Adra\" \/>\n<meta name=\"twitter:card\" content=\"summary_large_image\" \/>\n<meta name=\"twitter:label1\" content=\"Written by\" \/>\n\t<meta name=\"twitter:data1\" content=\"Kadri-Ann Adra\" \/>\n\t<meta name=\"twitter:label2\" content=\"Est. reading time\" \/>\n\t<meta name=\"twitter:data2\" content=\"2 minutes\" \/>\n<script type=\"application\/ld+json\" class=\"yoast-schema-graph\">{\"@context\":\"https:\\\/\\\/schema.org\",\"@graph\":[{\"@type\":\"Article\",\"@id\":\"https:\\\/\\\/www.cobalt.legal\\\/et\\\/news-cases\\\/euroopa-parlament-kiitis-heaks-saastliku-pakendamise-meetmed\\\/#article\",\"isPartOf\":{\"@id\":\"https:\\\/\\\/www.cobalt.legal\\\/et\\\/news-cases\\\/euroopa-parlament-kiitis-heaks-saastliku-pakendamise-meetmed\\\/\"},\"author\":{\"name\":\"Kadri-Ann Adra\",\"@id\":\"https:\\\/\\\/www.cobalt.legal\\\/et\\\/#\\\/schema\\\/person\\\/fef440fdd5c3649bfa4657abc1baa803\"},\"headline\":\"Euroopa Parlament kiitis heaks s\u00e4\u00e4stliku pakendamise meetmed\",\"datePublished\":\"2024-07-01T13:00:59+00:00\",\"dateModified\":\"2024-07-01T13:05:11+00:00\",\"mainEntityOfPage\":{\"@id\":\"https:\\\/\\\/www.cobalt.legal\\\/et\\\/news-cases\\\/euroopa-parlament-kiitis-heaks-saastliku-pakendamise-meetmed\\\/\"},\"wordCount\":310,\"publisher\":{\"@id\":\"https:\\\/\\\/www.cobalt.legal\\\/et\\\/#organization\"},\"image\":{\"@id\":\"https:\\\/\\\/www.cobalt.legal\\\/et\\\/news-cases\\\/euroopa-parlament-kiitis-heaks-saastliku-pakendamise-meetmed\\\/#primaryimage\"},\"thumbnailUrl\":\"https:\\\/\\\/www.cobalt.legal\\\/wp-content\\\/uploads\\\/2024\\\/07\\\/harper-sunday-fyh4shnxuq8-unsplash.jpg\",\"articleSection\":[\"Uncategorized @et\"],\"inLanguage\":\"et-EE\"},{\"@type\":\"WebPage\",\"@id\":\"https:\\\/\\\/www.cobalt.legal\\\/et\\\/news-cases\\\/euroopa-parlament-kiitis-heaks-saastliku-pakendamise-meetmed\\\/\",\"url\":\"https:\\\/\\\/www.cobalt.legal\\\/et\\\/news-cases\\\/euroopa-parlament-kiitis-heaks-saastliku-pakendamise-meetmed\\\/\",\"name\":\"Euroopa Parlament kiitis heaks s\u00e4\u00e4stliku pakendamise meetmed | COBALT\",\"isPartOf\":{\"@id\":\"https:\\\/\\\/www.cobalt.legal\\\/et\\\/#website\"},\"primaryImageOfPage\":{\"@id\":\"https:\\\/\\\/www.cobalt.legal\\\/et\\\/news-cases\\\/euroopa-parlament-kiitis-heaks-saastliku-pakendamise-meetmed\\\/#primaryimage\"},\"image\":{\"@id\":\"https:\\\/\\\/www.cobalt.legal\\\/et\\\/news-cases\\\/euroopa-parlament-kiitis-heaks-saastliku-pakendamise-meetmed\\\/#primaryimage\"},\"thumbnailUrl\":\"https:\\\/\\\/www.cobalt.legal\\\/wp-content\\\/uploads\\\/2024\\\/07\\\/harper-sunday-fyh4shnxuq8-unsplash.jpg\",\"datePublished\":\"2024-07-01T13:00:59+00:00\",\"dateModified\":\"2024-07-01T13:05:11+00:00\",\"description\":\"Euroopa Parlament kiitis heaks s\u00e4\u00e4stliku pakendamise meetmed. News. Naujienos. Jaunumi. Uudised.\",\"breadcrumb\":{\"@id\":\"https:\\\/\\\/www.cobalt.legal\\\/et\\\/news-cases\\\/euroopa-parlament-kiitis-heaks-saastliku-pakendamise-meetmed\\\/#breadcrumb\"},\"inLanguage\":\"et-EE\",\"potentialAction\":[{\"@type\":\"ReadAction\",\"target\":[\"https:\\\/\\\/www.cobalt.legal\\\/et\\\/news-cases\\\/euroopa-parlament-kiitis-heaks-saastliku-pakendamise-meetmed\\\/\"]}]},{\"@type\":\"ImageObject\",\"inLanguage\":\"et-EE\",\"@id\":\"https:\\\/\\\/www.cobalt.legal\\\/et\\\/news-cases\\\/euroopa-parlament-kiitis-heaks-saastliku-pakendamise-meetmed\\\/#primaryimage\",\"url\":\"https:\\\/\\\/www.cobalt.legal\\\/wp-content\\\/uploads\\\/2024\\\/07\\\/harper-sunday-fyh4shnxuq8-unsplash.jpg\",\"contentUrl\":\"https:\\\/\\\/www.cobalt.legal\\\/wp-content\\\/uploads\\\/2024\\\/07\\\/harper-sunday-fyh4shnxuq8-unsplash.jpg\",\"width\":2560,\"height\":1707},{\"@type\":\"BreadcrumbList\",\"@id\":\"https:\\\/\\\/www.cobalt.legal\\\/et\\\/news-cases\\\/euroopa-parlament-kiitis-heaks-saastliku-pakendamise-meetmed\\\/#breadcrumb\",\"itemListElement\":[{\"@type\":\"ListItem\",\"position\":1,\"name\":\"Home\",\"item\":\"https:\\\/\\\/www.cobalt.legal\\\/et\\\/\"},{\"@type\":\"ListItem\",\"position\":2,\"name\":\"Euroopa Parlament kiitis heaks s\u00e4\u00e4stliku pakendamise meetmed\"}]},{\"@type\":\"WebSite\",\"@id\":\"https:\\\/\\\/www.cobalt.legal\\\/et\\\/#website\",\"url\":\"https:\\\/\\\/www.cobalt.legal\\\/et\\\/\",\"name\":\"COBALT\",\"description\":\"Top-tier law services in Estonia, Latvia and Lithuania\",\"publisher\":{\"@id\":\"https:\\\/\\\/www.cobalt.legal\\\/et\\\/#organization\"},\"potentialAction\":[{\"@type\":\"SearchAction\",\"target\":{\"@type\":\"EntryPoint\",\"urlTemplate\":\"https:\\\/\\\/www.cobalt.legal\\\/et\\\/?s={search_term_string}\"},\"query-input\":{\"@type\":\"PropertyValueSpecification\",\"valueRequired\":true,\"valueName\":\"search_term_string\"}}],\"inLanguage\":\"et-EE\"},{\"@type\":\"Organization\",\"@id\":\"https:\\\/\\\/www.cobalt.legal\\\/et\\\/#organization\",\"name\":\"COBALT\",\"url\":\"https:\\\/\\\/www.cobalt.legal\\\/et\\\/\",\"logo\":{\"@type\":\"ImageObject\",\"inLanguage\":\"et-EE\",\"@id\":\"https:\\\/\\\/www.cobalt.legal\\\/et\\\/#\\\/schema\\\/logo\\\/image\\\/\",\"url\":\"https:\\\/\\\/www.cobalt.legal\\\/wp-content\\\/uploads\\\/2023\\\/04\\\/cobalt-logo.png\",\"contentUrl\":\"https:\\\/\\\/www.cobalt.legal\\\/wp-content\\\/uploads\\\/2023\\\/04\\\/cobalt-logo.png\",\"width\":400,\"height\":116,\"caption\":\"COBALT\"},\"image\":{\"@id\":\"https:\\\/\\\/www.cobalt.legal\\\/et\\\/#\\\/schema\\\/logo\\\/image\\\/\"},\"sameAs\":[\"https:\\\/\\\/www.facebook.com\\\/CobaltLegal\\\/\"]},{\"@type\":\"Person\",\"@id\":\"https:\\\/\\\/www.cobalt.legal\\\/et\\\/#\\\/schema\\\/person\\\/fef440fdd5c3649bfa4657abc1baa803\",\"name\":\"Kadri-Ann Adra\",\"url\":\"https:\\\/\\\/www.cobalt.legal\\\/et\\\/author\\\/kadriann\\\/\"}]}<\/script>\n<!-- \/ Yoast SEO plugin. -->","yoast_head_json":{"title":"Euroopa Parlament kiitis heaks s\u00e4\u00e4stliku pakendamise meetmed | COBALT","description":"Euroopa Parlament kiitis heaks s\u00e4\u00e4stliku pakendamise meetmed. News. Naujienos. Jaunumi. Uudised.","robots":{"index":"index","follow":"follow","max-snippet":"max-snippet:-1","max-image-preview":"max-image-preview:large","max-video-preview":"max-video-preview:-1"},"canonical":"https:\/\/www.cobalt.legal\/et\/news-cases\/euroopa-parlament-kiitis-heaks-saastliku-pakendamise-meetmed\/","og_locale":"et_EE","og_type":"article","og_title":"Euroopa Parlament kiitis heaks s\u00e4\u00e4stliku pakendamise meetmed | COBALT","og_description":"Euroopa Parlament kiitis heaks s\u00e4\u00e4stliku pakendamise meetmed. News. Naujienos. Jaunumi. Uudised.","og_url":"https:\/\/www.cobalt.legal\/et\/news-cases\/euroopa-parlament-kiitis-heaks-saastliku-pakendamise-meetmed\/","og_site_name":"COBALT","article_publisher":"https:\/\/www.facebook.com\/CobaltLegal\/","article_published_time":"2024-07-01T13:00:59+00:00","article_modified_time":"2024-07-01T13:05:11+00:00","og_image":[{"width":2560,"height":1707,"url":"https:\/\/www.cobalt.legal\/wp-content\/uploads\/2024\/07\/harper-sunday-fyh4shnxuq8-unsplash.jpg","type":"image\/jpeg"}],"author":"Kadri-Ann Adra","twitter_card":"summary_large_image","twitter_misc":{"Written by":"Kadri-Ann Adra","Est. reading time":"2 minutes"},"schema":{"@context":"https:\/\/schema.org","@graph":[{"@type":"Article","@id":"https:\/\/www.cobalt.legal\/et\/news-cases\/euroopa-parlament-kiitis-heaks-saastliku-pakendamise-meetmed\/#article","isPartOf":{"@id":"https:\/\/www.cobalt.legal\/et\/news-cases\/euroopa-parlament-kiitis-heaks-saastliku-pakendamise-meetmed\/"},"author":{"name":"Kadri-Ann Adra","@id":"https:\/\/www.cobalt.legal\/et\/#\/schema\/person\/fef440fdd5c3649bfa4657abc1baa803"},"headline":"Euroopa Parlament kiitis heaks s\u00e4\u00e4stliku pakendamise meetmed","datePublished":"2024-07-01T13:00:59+00:00","dateModified":"2024-07-01T13:05:11+00:00","mainEntityOfPage":{"@id":"https:\/\/www.cobalt.legal\/et\/news-cases\/euroopa-parlament-kiitis-heaks-saastliku-pakendamise-meetmed\/"},"wordCount":310,"publisher":{"@id":"https:\/\/www.cobalt.legal\/et\/#organization"},"image":{"@id":"https:\/\/www.cobalt.legal\/et\/news-cases\/euroopa-parlament-kiitis-heaks-saastliku-pakendamise-meetmed\/#primaryimage"},"thumbnailUrl":"https:\/\/www.cobalt.legal\/wp-content\/uploads\/2024\/07\/harper-sunday-fyh4shnxuq8-unsplash.jpg","articleSection":["Uncategorized @et"],"inLanguage":"et-EE"},{"@type":"WebPage","@id":"https:\/\/www.cobalt.legal\/et\/news-cases\/euroopa-parlament-kiitis-heaks-saastliku-pakendamise-meetmed\/","url":"https:\/\/www.cobalt.legal\/et\/news-cases\/euroopa-parlament-kiitis-heaks-saastliku-pakendamise-meetmed\/","name":"Euroopa Parlament kiitis heaks s\u00e4\u00e4stliku pakendamise meetmed | COBALT","isPartOf":{"@id":"https:\/\/www.cobalt.legal\/et\/#website"},"primaryImageOfPage":{"@id":"https:\/\/www.cobalt.legal\/et\/news-cases\/euroopa-parlament-kiitis-heaks-saastliku-pakendamise-meetmed\/#primaryimage"},"image":{"@id":"https:\/\/www.cobalt.legal\/et\/news-cases\/euroopa-parlament-kiitis-heaks-saastliku-pakendamise-meetmed\/#primaryimage"},"thumbnailUrl":"https:\/\/www.cobalt.legal\/wp-content\/uploads\/2024\/07\/harper-sunday-fyh4shnxuq8-unsplash.jpg","datePublished":"2024-07-01T13:00:59+00:00","dateModified":"2024-07-01T13:05:11+00:00","description":"Euroopa Parlament kiitis heaks s\u00e4\u00e4stliku pakendamise meetmed. News. Naujienos. Jaunumi. Uudised.","breadcrumb":{"@id":"https:\/\/www.cobalt.legal\/et\/news-cases\/euroopa-parlament-kiitis-heaks-saastliku-pakendamise-meetmed\/#breadcrumb"},"inLanguage":"et-EE","potentialAction":[{"@type":"ReadAction","target":["https:\/\/www.cobalt.legal\/et\/news-cases\/euroopa-parlament-kiitis-heaks-saastliku-pakendamise-meetmed\/"]}]},{"@type":"ImageObject","inLanguage":"et-EE","@id":"https:\/\/www.cobalt.legal\/et\/news-cases\/euroopa-parlament-kiitis-heaks-saastliku-pakendamise-meetmed\/#primaryimage","url":"https:\/\/www.cobalt.legal\/wp-content\/uploads\/2024\/07\/harper-sunday-fyh4shnxuq8-unsplash.jpg","contentUrl":"https:\/\/www.cobalt.legal\/wp-content\/uploads\/2024\/07\/harper-sunday-fyh4shnxuq8-unsplash.jpg","width":2560,"height":1707},{"@type":"BreadcrumbList","@id":"https:\/\/www.cobalt.legal\/et\/news-cases\/euroopa-parlament-kiitis-heaks-saastliku-pakendamise-meetmed\/#breadcrumb","itemListElement":[{"@type":"ListItem","position":1,"name":"Home","item":"https:\/\/www.cobalt.legal\/et\/"},{"@type":"ListItem","position":2,"name":"Euroopa Parlament kiitis heaks s\u00e4\u00e4stliku pakendamise meetmed"}]},{"@type":"WebSite","@id":"https:\/\/www.cobalt.legal\/et\/#website","url":"https:\/\/www.cobalt.legal\/et\/","name":"COBALT","description":"Top-tier law services in Estonia, Latvia and Lithuania","publisher":{"@id":"https:\/\/www.cobalt.legal\/et\/#organization"},"potentialAction":[{"@type":"SearchAction","target":{"@type":"EntryPoint","urlTemplate":"https:\/\/www.cobalt.legal\/et\/?s={search_term_string}"},"query-input":{"@type":"PropertyValueSpecification","valueRequired":true,"valueName":"search_term_string"}}],"inLanguage":"et-EE"},{"@type":"Organization","@id":"https:\/\/www.cobalt.legal\/et\/#organization","name":"COBALT","url":"https:\/\/www.cobalt.legal\/et\/","logo":{"@type":"ImageObject","inLanguage":"et-EE","@id":"https:\/\/www.cobalt.legal\/et\/#\/schema\/logo\/image\/","url":"https:\/\/www.cobalt.legal\/wp-content\/uploads\/2023\/04\/cobalt-logo.png","contentUrl":"https:\/\/www.cobalt.legal\/wp-content\/uploads\/2023\/04\/cobalt-logo.png","width":400,"height":116,"caption":"COBALT"},"image":{"@id":"https:\/\/www.cobalt.legal\/et\/#\/schema\/logo\/image\/"},"sameAs":["https:\/\/www.facebook.com\/CobaltLegal\/"]},{"@type":"Person","@id":"https:\/\/www.cobalt.legal\/et\/#\/schema\/person\/fef440fdd5c3649bfa4657abc1baa803","name":"Kadri-Ann Adra","url":"https:\/\/www.cobalt.legal\/et\/author\/kadriann\/"}]}},"_links":{"self":[{"href":"https:\/\/www.cobalt.legal\/et\/wp-json\/wp\/v2\/posts\/37861","targetHints":{"allow":["GET"]}}],"collection":[{"href":"https:\/\/www.cobalt.legal\/et\/wp-json\/wp\/v2\/posts"}],"about":[{"href":"https:\/\/www.cobalt.legal\/et\/wp-json\/wp\/v2\/types\/post"}],"author":[{"embeddable":true,"href":"https:\/\/www.cobalt.legal\/et\/wp-json\/wp\/v2\/users\/14"}],"replies":[{"embeddable":true,"href":"https:\/\/www.cobalt.legal\/et\/wp-json\/wp\/v2\/comments?post=37861"}],"version-history":[{"count":5,"href":"https:\/\/www.cobalt.legal\/et\/wp-json\/wp\/v2\/posts\/37861\/revisions"}],"predecessor-version":[{"id":37877,"href":"https:\/\/www.cobalt.legal\/et\/wp-json\/wp\/v2\/posts\/37861\/revisions\/37877"}],"wp:featuredmedia":[{"embeddable":true,"href":"https:\/\/www.cobalt.legal\/et\/wp-json\/wp\/v2\/media\/37862"}],"wp:attachment":[{"href":"https:\/\/www.cobalt.legal\/et\/wp-json\/wp\/v2\/media?parent=37861"}],"wp:term":[{"taxonomy":"category","embeddable":true,"href":"https:\/\/www.cobalt.legal\/et\/wp-json\/wp\/v2\/categories?post=37861"},{"taxonomy":"country","embeddable":true,"href":"https:\/\/www.cobalt.legal\/et\/wp-json\/wp\/v2\/country?post=37861"}],"curies":[{"name":"wp","href":"https:\/\/api.w.org\/{rel}","templated":true}]}}