{"id":37907,"date":"2024-07-01T16:20:01","date_gmt":"2024-07-01T13:20:01","guid":{"rendered":"https:\/\/www.cobalt.legal\/?p=37907"},"modified":"2024-07-01T16:20:01","modified_gmt":"2024-07-01T13:20:01","slug":"el-keskkonnanoukogu-kohtumisel-vaadati-ule-tulevased-keskkonnaregulatsioonid","status":"publish","type":"post","link":"https:\/\/www.cobalt.legal\/et\/news-cases\/el-keskkonnanoukogu-kohtumisel-vaadati-ule-tulevased-keskkonnaregulatsioonid\/","title":{"rendered":"EL keskkonnan\u00f5ukogu kohtumisel vaadati \u00fcle tulevased keskkonnaregulatsioonid"},"content":{"rendered":"<ol start=\"17\">\n<li>juunil toimunud EL keskkonnaministrite kohtumisel saavutati kokkulepe mitme keskkonda puudutava seadusandliku ettepaneku \u00fcle.<\/li>\n<\/ol>\n<ul>\n<li>N\u00f5ukogu andis <a href=\"https:\/\/www.consilium.europa.eu\/et\/press\/press-releases\/2024\/06\/17\/nature-restoration-law-council-gives-final-green-light\/\" target=\"_blank\" rel=\"noopener\">l\u00f5pliku heakskiidu<\/a> esimesele looduse taastamist etten\u00e4gevale m\u00e4\u00e4rusele, mis seab liikmesriikidele siduvad eesm\u00e4rgid halvenenud maa-, mere-, maa- ja linnakeskkondade taastamiseks. Aastaks 2030 tuleb taastada v\u00e4hemalt 20% sellistest keskkondadest, seades prioriteediks Natura 2000 alad. \u00dchtlasi tuleb 2030. aastaks taastada v\u00e4hemalt 30% halba seisukorda kuulutatud elupaikadest. \u00dchtlasi peavad riigid rakendama meetmeid taastatud keskkonna uuesti halvenemise takistamiseks ning tolmeldajate (mesilased jt) kaitsmiseks. M\u00e4\u00e4rus avaldatakse l\u00e4hiajal EL teatajas ning hakkab liikmesriikidele otse kohalduma.<\/li>\n<li>Kinnitati <a href=\"https:\/\/www.consilium.europa.eu\/et\/press\/press-releases\/2024\/06\/17\/green-claims-directive-council-ready-to-start-talks-with-the-european-parliament\/\" target=\"_blank\" rel=\"noopener\">p\u00f5him\u00f5tteline kokkulepe<\/a> tarbijaid eksitavaid rohev\u00e4iteid puudutava direktiivi osas. Kui aasta alguses vastu v\u00f5etud rohepesu keelav <a href=\"https:\/\/eur-lex.europa.eu\/legal-content\/EN\/TXT\/?uri=OJ%3AL_202400825\">direktiiv<\/a> reguleeris eesk\u00e4tt turul keelatud eksitavaid v\u00f5tteid, siis uue direktiivi eesm\u00e4rk on sisustada kriteeriumid, mille j\u00e4rgi ettev\u00f5tted oma v\u00e4iteid t\u00f5endama peavad. L\u00e4bir\u00e4\u00e4kimised direktiivi teksti osas algavad juba uue Euroopa Parlamendi koosseisuga.<\/li>\n<li>Saavutati kokkulepe <a href=\"https:\/\/www.consilium.europa.eu\/et\/press\/press-releases\/2024\/06\/17\/soil-monitoring-law-eu-on-the-pathway-to-healthy-soils-by-2050\/\" target=\"_blank\" rel=\"noopener\">p\u00f5him\u00f5ttelises l\u00e4henemises<\/a> EL pinnase tervise parandamiseks. V\u00e4lja kavatsetakse t\u00f6\u00f6tada direktiiv, mille kohaselt peavad liikmesriigid aktiivsemalt oma territooriumi mulla tervist j\u00e4lgima hakkama. \u00dchtlasi kaasneb direktiiviga liikmesriikide kohustus v\u00e4lja t\u00f6\u00f6tada metoodika, mille abil tagada pinnase j\u00e4tkusuutlik majandamine ning loodusliku pinnase tehislikuga asendamise v\u00e4hendamine. L\u00e4bir\u00e4\u00e4kimised direktiivi teksti \u00fcle algavad eelduslikult uue Euroopa Parlamendi koosseisu ametiaja alguses.<\/li>\n<li>Vaadati \u00fcle j\u00e4\u00e4tmete raamdirektiiv, mille <a href=\"https:\/\/www.consilium.europa.eu\/et\/press\/press-releases\/2024\/06\/17\/waste-framework-directive-council-set-to-start-talks-on-its-revision\/\" target=\"_blank\" rel=\"noopener\">muudatuste<\/a> eesm\u00e4rk on eelk\u00f5ige v\u00e4hendada ebavajalikku toidukadu. V\u00e4lja pakutud direktiiv n\u00e4eks 2030. aastaks ette 10%-se toiduj\u00e4\u00e4tmete v\u00e4henemise tootmises ning 30%-se v\u00e4henemise tarbijate seas. \u00dchtlasi n\u00e4hakse ette kohustused tekstiilisektoris kangaste liigiti kogumiseks juba 2025. aasta algusest. Euroopa Parlament kinnitas oma seisukoha juba m\u00e4rtsis ning ootuste kohaselt algavad l\u00f5ppteksti \u00fcle l\u00e4bir\u00e4\u00e4kimised juba uue parlamendi koosseisu ametiaja alguses.<\/li>\n<\/ul>\n","protected":false},"excerpt":{"rendered":"<p>juunil toimunud EL keskkonnaministrite kohtumisel saavutati kokkulepe mitme keskkonda puudutava seadusandliku ettepaneku \u00fcle. N\u00f5ukogu andis l\u00f5pliku heakskiidu esimesele looduse taastamist etten\u00e4gevale m\u00e4\u00e4rusele, mis seab liikmesriikidele siduvad eesm\u00e4rgid halvenenud maa-, mere-, maa- ja linnakeskkondade taastamiseks. Aastaks 2030 tuleb taastada v\u00e4hemalt 20%..<\/p>\n","protected":false},"author":14,"featured_media":37908,"comment_status":"closed","ping_status":"closed","sticky":false,"template":"","format":"standard","meta":{"_acf_changed":false,"inline_featured_image":false,"footnotes":""},"categories":[28],"country":[84],"class_list":["post-37907","post","type-post","status-publish","format-standard","has-post-thumbnail","hentry","category-uncategorized-et","country-estonia-et"],"acf":[],"yoast_head":"<!-- This site is optimized with the Yoast SEO plugin v27.3 - https:\/\/yoast.com\/product\/yoast-seo-wordpress\/ -->\n<title>EL keskkonnan\u00f5ukogu kohtumisel vaadati \u00fcle tulevased keskkonnaregulatsioonid | COBALT<\/title>\n<meta name=\"description\" content=\"EL keskkonnan\u00f5ukogu kohtumisel vaadati \u00fcle tulevased keskkonnaregulatsioonid. News. Naujienos. Jaunumi. Uudised.\" \/>\n<meta name=\"robots\" content=\"index, follow, max-snippet:-1, max-image-preview:large, max-video-preview:-1\" \/>\n<link rel=\"canonical\" href=\"https:\/\/www.cobalt.legal\/et\/news-cases\/el-keskkonnanoukogu-kohtumisel-vaadati-ule-tulevased-keskkonnaregulatsioonid\/\" \/>\n<meta property=\"og:locale\" content=\"et_EE\" \/>\n<meta property=\"og:type\" content=\"article\" \/>\n<meta property=\"og:title\" content=\"EL keskkonnan\u00f5ukogu kohtumisel vaadati \u00fcle tulevased keskkonnaregulatsioonid | COBALT\" \/>\n<meta property=\"og:description\" content=\"EL keskkonnan\u00f5ukogu kohtumisel vaadati \u00fcle tulevased keskkonnaregulatsioonid. News. Naujienos. Jaunumi. Uudised.\" \/>\n<meta property=\"og:url\" content=\"https:\/\/www.cobalt.legal\/et\/news-cases\/el-keskkonnanoukogu-kohtumisel-vaadati-ule-tulevased-keskkonnaregulatsioonid\/\" \/>\n<meta property=\"og:site_name\" content=\"COBALT\" \/>\n<meta property=\"article:publisher\" content=\"https:\/\/www.facebook.com\/CobaltLegal\/\" \/>\n<meta property=\"article:published_time\" content=\"2024-07-01T13:20:01+00:00\" \/>\n<meta property=\"og:image\" content=\"https:\/\/www.cobalt.legal\/wp-content\/uploads\/2024\/07\/tim-schramm-l9v-4wgm-y-unsplash.jpg\" \/>\n\t<meta property=\"og:image:width\" content=\"2560\" \/>\n\t<meta property=\"og:image:height\" content=\"1707\" \/>\n\t<meta property=\"og:image:type\" content=\"image\/jpeg\" \/>\n<meta name=\"author\" content=\"Kadri-Ann Adra\" \/>\n<meta name=\"twitter:card\" content=\"summary_large_image\" \/>\n<meta name=\"twitter:label1\" content=\"Written by\" \/>\n\t<meta name=\"twitter:data1\" content=\"Kadri-Ann Adra\" \/>\n\t<meta name=\"twitter:label2\" content=\"Est. reading time\" \/>\n\t<meta name=\"twitter:data2\" content=\"2 minutes\" \/>\n<script type=\"application\/ld+json\" class=\"yoast-schema-graph\">{\"@context\":\"https:\\\/\\\/schema.org\",\"@graph\":[{\"@type\":\"Article\",\"@id\":\"https:\\\/\\\/www.cobalt.legal\\\/et\\\/news-cases\\\/el-keskkonnanoukogu-kohtumisel-vaadati-ule-tulevased-keskkonnaregulatsioonid\\\/#article\",\"isPartOf\":{\"@id\":\"https:\\\/\\\/www.cobalt.legal\\\/et\\\/news-cases\\\/el-keskkonnanoukogu-kohtumisel-vaadati-ule-tulevased-keskkonnaregulatsioonid\\\/\"},\"author\":{\"name\":\"Kadri-Ann Adra\",\"@id\":\"https:\\\/\\\/www.cobalt.legal\\\/et\\\/#\\\/schema\\\/person\\\/fef440fdd5c3649bfa4657abc1baa803\"},\"headline\":\"EL keskkonnan\u00f5ukogu kohtumisel vaadati \u00fcle tulevased keskkonnaregulatsioonid\",\"datePublished\":\"2024-07-01T13:20:01+00:00\",\"mainEntityOfPage\":{\"@id\":\"https:\\\/\\\/www.cobalt.legal\\\/et\\\/news-cases\\\/el-keskkonnanoukogu-kohtumisel-vaadati-ule-tulevased-keskkonnaregulatsioonid\\\/\"},\"wordCount\":294,\"publisher\":{\"@id\":\"https:\\\/\\\/www.cobalt.legal\\\/et\\\/#organization\"},\"image\":{\"@id\":\"https:\\\/\\\/www.cobalt.legal\\\/et\\\/news-cases\\\/el-keskkonnanoukogu-kohtumisel-vaadati-ule-tulevased-keskkonnaregulatsioonid\\\/#primaryimage\"},\"thumbnailUrl\":\"https:\\\/\\\/www.cobalt.legal\\\/wp-content\\\/uploads\\\/2024\\\/07\\\/tim-schramm-l9v-4wgm-y-unsplash.jpg\",\"articleSection\":[\"Uncategorized @et\"],\"inLanguage\":\"et-EE\"},{\"@type\":\"WebPage\",\"@id\":\"https:\\\/\\\/www.cobalt.legal\\\/et\\\/news-cases\\\/el-keskkonnanoukogu-kohtumisel-vaadati-ule-tulevased-keskkonnaregulatsioonid\\\/\",\"url\":\"https:\\\/\\\/www.cobalt.legal\\\/et\\\/news-cases\\\/el-keskkonnanoukogu-kohtumisel-vaadati-ule-tulevased-keskkonnaregulatsioonid\\\/\",\"name\":\"EL keskkonnan\u00f5ukogu kohtumisel vaadati \u00fcle tulevased keskkonnaregulatsioonid | COBALT\",\"isPartOf\":{\"@id\":\"https:\\\/\\\/www.cobalt.legal\\\/et\\\/#website\"},\"primaryImageOfPage\":{\"@id\":\"https:\\\/\\\/www.cobalt.legal\\\/et\\\/news-cases\\\/el-keskkonnanoukogu-kohtumisel-vaadati-ule-tulevased-keskkonnaregulatsioonid\\\/#primaryimage\"},\"image\":{\"@id\":\"https:\\\/\\\/www.cobalt.legal\\\/et\\\/news-cases\\\/el-keskkonnanoukogu-kohtumisel-vaadati-ule-tulevased-keskkonnaregulatsioonid\\\/#primaryimage\"},\"thumbnailUrl\":\"https:\\\/\\\/www.cobalt.legal\\\/wp-content\\\/uploads\\\/2024\\\/07\\\/tim-schramm-l9v-4wgm-y-unsplash.jpg\",\"datePublished\":\"2024-07-01T13:20:01+00:00\",\"description\":\"EL keskkonnan\u00f5ukogu kohtumisel vaadati \u00fcle tulevased keskkonnaregulatsioonid. News. Naujienos. Jaunumi. Uudised.\",\"breadcrumb\":{\"@id\":\"https:\\\/\\\/www.cobalt.legal\\\/et\\\/news-cases\\\/el-keskkonnanoukogu-kohtumisel-vaadati-ule-tulevased-keskkonnaregulatsioonid\\\/#breadcrumb\"},\"inLanguage\":\"et-EE\",\"potentialAction\":[{\"@type\":\"ReadAction\",\"target\":[\"https:\\\/\\\/www.cobalt.legal\\\/et\\\/news-cases\\\/el-keskkonnanoukogu-kohtumisel-vaadati-ule-tulevased-keskkonnaregulatsioonid\\\/\"]}]},{\"@type\":\"ImageObject\",\"inLanguage\":\"et-EE\",\"@id\":\"https:\\\/\\\/www.cobalt.legal\\\/et\\\/news-cases\\\/el-keskkonnanoukogu-kohtumisel-vaadati-ule-tulevased-keskkonnaregulatsioonid\\\/#primaryimage\",\"url\":\"https:\\\/\\\/www.cobalt.legal\\\/wp-content\\\/uploads\\\/2024\\\/07\\\/tim-schramm-l9v-4wgm-y-unsplash.jpg\",\"contentUrl\":\"https:\\\/\\\/www.cobalt.legal\\\/wp-content\\\/uploads\\\/2024\\\/07\\\/tim-schramm-l9v-4wgm-y-unsplash.jpg\",\"width\":2560,\"height\":1707},{\"@type\":\"BreadcrumbList\",\"@id\":\"https:\\\/\\\/www.cobalt.legal\\\/et\\\/news-cases\\\/el-keskkonnanoukogu-kohtumisel-vaadati-ule-tulevased-keskkonnaregulatsioonid\\\/#breadcrumb\",\"itemListElement\":[{\"@type\":\"ListItem\",\"position\":1,\"name\":\"Home\",\"item\":\"https:\\\/\\\/www.cobalt.legal\\\/et\\\/\"},{\"@type\":\"ListItem\",\"position\":2,\"name\":\"EL keskkonnan\u00f5ukogu kohtumisel vaadati \u00fcle tulevased keskkonnaregulatsioonid\"}]},{\"@type\":\"WebSite\",\"@id\":\"https:\\\/\\\/www.cobalt.legal\\\/et\\\/#website\",\"url\":\"https:\\\/\\\/www.cobalt.legal\\\/et\\\/\",\"name\":\"COBALT\",\"description\":\"Top-tier law services in Estonia, Latvia and Lithuania\",\"publisher\":{\"@id\":\"https:\\\/\\\/www.cobalt.legal\\\/et\\\/#organization\"},\"potentialAction\":[{\"@type\":\"SearchAction\",\"target\":{\"@type\":\"EntryPoint\",\"urlTemplate\":\"https:\\\/\\\/www.cobalt.legal\\\/et\\\/?s={search_term_string}\"},\"query-input\":{\"@type\":\"PropertyValueSpecification\",\"valueRequired\":true,\"valueName\":\"search_term_string\"}}],\"inLanguage\":\"et-EE\"},{\"@type\":\"Organization\",\"@id\":\"https:\\\/\\\/www.cobalt.legal\\\/et\\\/#organization\",\"name\":\"COBALT\",\"url\":\"https:\\\/\\\/www.cobalt.legal\\\/et\\\/\",\"logo\":{\"@type\":\"ImageObject\",\"inLanguage\":\"et-EE\",\"@id\":\"https:\\\/\\\/www.cobalt.legal\\\/et\\\/#\\\/schema\\\/logo\\\/image\\\/\",\"url\":\"https:\\\/\\\/www.cobalt.legal\\\/wp-content\\\/uploads\\\/2023\\\/04\\\/cobalt-logo.png\",\"contentUrl\":\"https:\\\/\\\/www.cobalt.legal\\\/wp-content\\\/uploads\\\/2023\\\/04\\\/cobalt-logo.png\",\"width\":400,\"height\":116,\"caption\":\"COBALT\"},\"image\":{\"@id\":\"https:\\\/\\\/www.cobalt.legal\\\/et\\\/#\\\/schema\\\/logo\\\/image\\\/\"},\"sameAs\":[\"https:\\\/\\\/www.facebook.com\\\/CobaltLegal\\\/\"]},{\"@type\":\"Person\",\"@id\":\"https:\\\/\\\/www.cobalt.legal\\\/et\\\/#\\\/schema\\\/person\\\/fef440fdd5c3649bfa4657abc1baa803\",\"name\":\"Kadri-Ann Adra\",\"url\":\"https:\\\/\\\/www.cobalt.legal\\\/et\\\/author\\\/kadriann\\\/\"}]}<\/script>\n<!-- \/ Yoast SEO plugin. -->","yoast_head_json":{"title":"EL keskkonnan\u00f5ukogu kohtumisel vaadati \u00fcle tulevased keskkonnaregulatsioonid | COBALT","description":"EL keskkonnan\u00f5ukogu kohtumisel vaadati \u00fcle tulevased keskkonnaregulatsioonid. News. Naujienos. Jaunumi. Uudised.","robots":{"index":"index","follow":"follow","max-snippet":"max-snippet:-1","max-image-preview":"max-image-preview:large","max-video-preview":"max-video-preview:-1"},"canonical":"https:\/\/www.cobalt.legal\/et\/news-cases\/el-keskkonnanoukogu-kohtumisel-vaadati-ule-tulevased-keskkonnaregulatsioonid\/","og_locale":"et_EE","og_type":"article","og_title":"EL keskkonnan\u00f5ukogu kohtumisel vaadati \u00fcle tulevased keskkonnaregulatsioonid | COBALT","og_description":"EL keskkonnan\u00f5ukogu kohtumisel vaadati \u00fcle tulevased keskkonnaregulatsioonid. News. Naujienos. Jaunumi. Uudised.","og_url":"https:\/\/www.cobalt.legal\/et\/news-cases\/el-keskkonnanoukogu-kohtumisel-vaadati-ule-tulevased-keskkonnaregulatsioonid\/","og_site_name":"COBALT","article_publisher":"https:\/\/www.facebook.com\/CobaltLegal\/","article_published_time":"2024-07-01T13:20:01+00:00","og_image":[{"width":2560,"height":1707,"url":"https:\/\/www.cobalt.legal\/wp-content\/uploads\/2024\/07\/tim-schramm-l9v-4wgm-y-unsplash.jpg","type":"image\/jpeg"}],"author":"Kadri-Ann Adra","twitter_card":"summary_large_image","twitter_misc":{"Written by":"Kadri-Ann Adra","Est. reading time":"2 minutes"},"schema":{"@context":"https:\/\/schema.org","@graph":[{"@type":"Article","@id":"https:\/\/www.cobalt.legal\/et\/news-cases\/el-keskkonnanoukogu-kohtumisel-vaadati-ule-tulevased-keskkonnaregulatsioonid\/#article","isPartOf":{"@id":"https:\/\/www.cobalt.legal\/et\/news-cases\/el-keskkonnanoukogu-kohtumisel-vaadati-ule-tulevased-keskkonnaregulatsioonid\/"},"author":{"name":"Kadri-Ann Adra","@id":"https:\/\/www.cobalt.legal\/et\/#\/schema\/person\/fef440fdd5c3649bfa4657abc1baa803"},"headline":"EL keskkonnan\u00f5ukogu kohtumisel vaadati \u00fcle tulevased keskkonnaregulatsioonid","datePublished":"2024-07-01T13:20:01+00:00","mainEntityOfPage":{"@id":"https:\/\/www.cobalt.legal\/et\/news-cases\/el-keskkonnanoukogu-kohtumisel-vaadati-ule-tulevased-keskkonnaregulatsioonid\/"},"wordCount":294,"publisher":{"@id":"https:\/\/www.cobalt.legal\/et\/#organization"},"image":{"@id":"https:\/\/www.cobalt.legal\/et\/news-cases\/el-keskkonnanoukogu-kohtumisel-vaadati-ule-tulevased-keskkonnaregulatsioonid\/#primaryimage"},"thumbnailUrl":"https:\/\/www.cobalt.legal\/wp-content\/uploads\/2024\/07\/tim-schramm-l9v-4wgm-y-unsplash.jpg","articleSection":["Uncategorized @et"],"inLanguage":"et-EE"},{"@type":"WebPage","@id":"https:\/\/www.cobalt.legal\/et\/news-cases\/el-keskkonnanoukogu-kohtumisel-vaadati-ule-tulevased-keskkonnaregulatsioonid\/","url":"https:\/\/www.cobalt.legal\/et\/news-cases\/el-keskkonnanoukogu-kohtumisel-vaadati-ule-tulevased-keskkonnaregulatsioonid\/","name":"EL keskkonnan\u00f5ukogu kohtumisel vaadati \u00fcle tulevased keskkonnaregulatsioonid | COBALT","isPartOf":{"@id":"https:\/\/www.cobalt.legal\/et\/#website"},"primaryImageOfPage":{"@id":"https:\/\/www.cobalt.legal\/et\/news-cases\/el-keskkonnanoukogu-kohtumisel-vaadati-ule-tulevased-keskkonnaregulatsioonid\/#primaryimage"},"image":{"@id":"https:\/\/www.cobalt.legal\/et\/news-cases\/el-keskkonnanoukogu-kohtumisel-vaadati-ule-tulevased-keskkonnaregulatsioonid\/#primaryimage"},"thumbnailUrl":"https:\/\/www.cobalt.legal\/wp-content\/uploads\/2024\/07\/tim-schramm-l9v-4wgm-y-unsplash.jpg","datePublished":"2024-07-01T13:20:01+00:00","description":"EL keskkonnan\u00f5ukogu kohtumisel vaadati \u00fcle tulevased keskkonnaregulatsioonid. News. Naujienos. Jaunumi. Uudised.","breadcrumb":{"@id":"https:\/\/www.cobalt.legal\/et\/news-cases\/el-keskkonnanoukogu-kohtumisel-vaadati-ule-tulevased-keskkonnaregulatsioonid\/#breadcrumb"},"inLanguage":"et-EE","potentialAction":[{"@type":"ReadAction","target":["https:\/\/www.cobalt.legal\/et\/news-cases\/el-keskkonnanoukogu-kohtumisel-vaadati-ule-tulevased-keskkonnaregulatsioonid\/"]}]},{"@type":"ImageObject","inLanguage":"et-EE","@id":"https:\/\/www.cobalt.legal\/et\/news-cases\/el-keskkonnanoukogu-kohtumisel-vaadati-ule-tulevased-keskkonnaregulatsioonid\/#primaryimage","url":"https:\/\/www.cobalt.legal\/wp-content\/uploads\/2024\/07\/tim-schramm-l9v-4wgm-y-unsplash.jpg","contentUrl":"https:\/\/www.cobalt.legal\/wp-content\/uploads\/2024\/07\/tim-schramm-l9v-4wgm-y-unsplash.jpg","width":2560,"height":1707},{"@type":"BreadcrumbList","@id":"https:\/\/www.cobalt.legal\/et\/news-cases\/el-keskkonnanoukogu-kohtumisel-vaadati-ule-tulevased-keskkonnaregulatsioonid\/#breadcrumb","itemListElement":[{"@type":"ListItem","position":1,"name":"Home","item":"https:\/\/www.cobalt.legal\/et\/"},{"@type":"ListItem","position":2,"name":"EL keskkonnan\u00f5ukogu kohtumisel vaadati \u00fcle tulevased keskkonnaregulatsioonid"}]},{"@type":"WebSite","@id":"https:\/\/www.cobalt.legal\/et\/#website","url":"https:\/\/www.cobalt.legal\/et\/","name":"COBALT","description":"Top-tier law services in Estonia, Latvia and Lithuania","publisher":{"@id":"https:\/\/www.cobalt.legal\/et\/#organization"},"potentialAction":[{"@type":"SearchAction","target":{"@type":"EntryPoint","urlTemplate":"https:\/\/www.cobalt.legal\/et\/?s={search_term_string}"},"query-input":{"@type":"PropertyValueSpecification","valueRequired":true,"valueName":"search_term_string"}}],"inLanguage":"et-EE"},{"@type":"Organization","@id":"https:\/\/www.cobalt.legal\/et\/#organization","name":"COBALT","url":"https:\/\/www.cobalt.legal\/et\/","logo":{"@type":"ImageObject","inLanguage":"et-EE","@id":"https:\/\/www.cobalt.legal\/et\/#\/schema\/logo\/image\/","url":"https:\/\/www.cobalt.legal\/wp-content\/uploads\/2023\/04\/cobalt-logo.png","contentUrl":"https:\/\/www.cobalt.legal\/wp-content\/uploads\/2023\/04\/cobalt-logo.png","width":400,"height":116,"caption":"COBALT"},"image":{"@id":"https:\/\/www.cobalt.legal\/et\/#\/schema\/logo\/image\/"},"sameAs":["https:\/\/www.facebook.com\/CobaltLegal\/"]},{"@type":"Person","@id":"https:\/\/www.cobalt.legal\/et\/#\/schema\/person\/fef440fdd5c3649bfa4657abc1baa803","name":"Kadri-Ann Adra","url":"https:\/\/www.cobalt.legal\/et\/author\/kadriann\/"}]}},"_links":{"self":[{"href":"https:\/\/www.cobalt.legal\/et\/wp-json\/wp\/v2\/posts\/37907","targetHints":{"allow":["GET"]}}],"collection":[{"href":"https:\/\/www.cobalt.legal\/et\/wp-json\/wp\/v2\/posts"}],"about":[{"href":"https:\/\/www.cobalt.legal\/et\/wp-json\/wp\/v2\/types\/post"}],"author":[{"embeddable":true,"href":"https:\/\/www.cobalt.legal\/et\/wp-json\/wp\/v2\/users\/14"}],"replies":[{"embeddable":true,"href":"https:\/\/www.cobalt.legal\/et\/wp-json\/wp\/v2\/comments?post=37907"}],"version-history":[{"count":2,"href":"https:\/\/www.cobalt.legal\/et\/wp-json\/wp\/v2\/posts\/37907\/revisions"}],"predecessor-version":[{"id":37913,"href":"https:\/\/www.cobalt.legal\/et\/wp-json\/wp\/v2\/posts\/37907\/revisions\/37913"}],"wp:featuredmedia":[{"embeddable":true,"href":"https:\/\/www.cobalt.legal\/et\/wp-json\/wp\/v2\/media\/37908"}],"wp:attachment":[{"href":"https:\/\/www.cobalt.legal\/et\/wp-json\/wp\/v2\/media?parent=37907"}],"wp:term":[{"taxonomy":"category","embeddable":true,"href":"https:\/\/www.cobalt.legal\/et\/wp-json\/wp\/v2\/categories?post=37907"},{"taxonomy":"country","embeddable":true,"href":"https:\/\/www.cobalt.legal\/et\/wp-json\/wp\/v2\/country?post=37907"}],"curies":[{"name":"wp","href":"https:\/\/api.w.org\/{rel}","templated":true}]}}