{"id":37914,"date":"2024-07-01T16:21:49","date_gmt":"2024-07-01T13:21:49","guid":{"rendered":"https:\/\/www.cobalt.legal\/?p=37914"},"modified":"2024-07-02T11:58:35","modified_gmt":"2024-07-02T08:58:35","slug":"kliimaministeerium-soovib-kliimakindla-majanduse-seaduse-eelnou-valmis-saada-juuni-lopuks","status":"publish","type":"post","link":"https:\/\/www.cobalt.legal\/et\/news-cases\/kliimaministeerium-soovib-kliimakindla-majanduse-seaduse-eelnou-valmis-saada-juuni-lopuks\/","title":{"rendered":"Kliimaministeerium soovib kliimakindla majanduse seaduse eeln\u00f5u valmis saada juuni l\u00f5puks"},"content":{"rendered":"<p>Kliimaseadusele on antud uus nimi &#8211; kliimakindla majanduse seadus. Lisaks uuele nimele tutvustas kliimaministeerium 8. mail ka seaduse koostamise vahepealseid arenguid ning <a href=\"https:\/\/kliimaministeerium.ee\/rohereform-kliima\/kliimakindla-majanduse-seadus\/seaduse-pohisuunad\" target=\"_blank\" rel=\"noopener\">p\u00f5hisuundi<\/a>.<\/p>\n<p>J\u00e4tkuvalt on seaduse peamine eesm\u00e4rk v\u00f5tta selge suund kasvuhoonegaaside heite tuleviku osas. M\u00e4rkimisv\u00e4\u00e4rselt on aga v\u00f5etud hoiak, et sektori\u00fcleselt on veel 2030. aastaks vaja s\u00e4ilitada praeguseid kasvuhoonegaaside heitkoguseid ning heide peab hakkama langema alles 2035. aastaks. Eeltoodu on seotud riigi sooviga hoida Eesti atraktiivse sihtkohana uutele, kliimakindlasse majandusse panustavatele t\u00f6\u00f6stusinvesteeringutele. Kui teistes sektorites on juba 2030. aastaks ette n\u00e4htud varieeruva ulatusega heitkoguste langused, siis p\u00f5levkivi- ja \u00fclej\u00e4\u00e4nud tootva t\u00f6\u00f6stuse osas on 2030. aastaks ette n\u00e4htud m\u00e4rgatav heitkoguste kasv. P\u00f5levkivisektoris n\u00e4hakse 2030. aastaks ette kuni 40%-st heitkoguste kasvu ning \u00fclej\u00e4\u00e4nud t\u00f6\u00f6tlevas t\u00f6\u00f6stuses v\u00f5ib heide 2030. aastaks enam kui kahekordistuda. Esimest langust v\u00f5rreldes 2022. aastaga n\u00e4hakse p\u00f5levkivit\u00f6\u00f6stuses ette alles 2040. aastaks ning \u00fclej\u00e4\u00e4nus t\u00f6\u00f6stuses veelgi hiljem.<\/p>\n<p>Olenemata eeltoodust ei ole riigil kavas enam anda uusi p\u00f5levkivi kaevandamise lubasid sellest k\u00fctuse v\u00f5i energiakandjate tootmise jaoks. Lubasid on j\u00e4tkuvalt v\u00f5imalik anda muude toodete (nt keemiat\u00f6\u00f6stuses vajalike materjalide) tootmise eesm\u00e4rgil. Olemasolevaid p\u00f5levkivi kaevandamislubasid on v\u00f5imalik nende kehtivuse l\u00f5puni kasutada senisel eesm\u00e4rgil, sh \u00f5litootmiseks. V\u00e4ga kiired arengud on 2035. ja 2040. aasta vahele ette n\u00e4htud ka elektri- ning soojuse tootmise valdkonnas, kus peaks toimuma ligi pool praegu kavandatavast heitkoguste v\u00e4hendamisest. M\u00f5lemad valdkonnad peavad 2040. aastaks toimima CO2 heiteta. J\u00e4tkuvalt on kavas 2030. aastaks toota piisavalt taastuvenergiat, et katta riigi tarbimise kogumaht.<\/p>\n<p>T\u00e4helepanu v\u00e4\u00e4rivate p\u00f5hipunktide hulka kuuluvad veel mh:<\/p>\n<ul>\n<li>\u00dchtlane pikaajaline raiemaht, j\u00e4ttes raied majandusmetsade juurdekasvu piiresse;<\/li>\n<li>Kliimaneutraalsus maakasutussektoris aastaks 2030;<\/li>\n<li>Lihtsustatud ja kiirendatud tegevuslubade andmine uute tehnoloogiate kasutuselev\u00f5tuks;<\/li>\n<li>Riigi CO2 m\u00fc\u00fcgist saadud vahenditest 30% suunamine erasektori investeeringuteks uutesse tehnoloogiatesse ja energiaefektiivsusesse;<\/li>\n<li>aastaks peaks veerandis riigihangetest olema otsustamisel \u00fcheks kriteeriumiks CO2 heide.<\/li>\n<\/ul>\n<p style=\"text-align: left;\">Kliimaministeeriumi ajakava n\u00e4eb ette seaduse j\u00f5ustumise juba 2025. aasta jaanuariks. <a href=\"https:\/\/www.err.ee\/1609364534\/ministeerium-lubab-kliimaseaduse-eelnou-juunis-valmis-saada\" target=\"_blank\" rel=\"noopener\">L\u00e4hiajal<\/a> on oodata ka seaduseeln\u00f5u teksti ja seletuskirja valmimist, mille soovib ministeerium veel suve jooksul Vabariigi Valitsusele esitada.<\/p>\n","protected":false},"excerpt":{"rendered":"<p>Kliimaseadusele on antud uus nimi &#8211; kliimakindla majanduse seadus. Lisaks uuele nimele tutvustas kliimaministeerium 8. mail ka seaduse koostamise vahepealseid arenguid ning p\u00f5hisuundi. J\u00e4tkuvalt on seaduse peamine eesm\u00e4rk v\u00f5tta selge suund kasvuhoonegaaside heite tuleviku osas. M\u00e4rkimisv\u00e4\u00e4rselt on aga v\u00f5etud hoiak,..<\/p>\n","protected":false},"author":14,"featured_media":37915,"comment_status":"closed","ping_status":"closed","sticky":false,"template":"","format":"standard","meta":{"_acf_changed":false,"inline_featured_image":false,"footnotes":""},"categories":[28],"country":[84],"class_list":["post-37914","post","type-post","status-publish","format-standard","has-post-thumbnail","hentry","category-uncategorized-et","country-estonia-et"],"acf":[],"yoast_head":"<!-- This site is optimized with the Yoast SEO plugin v27.3 - https:\/\/yoast.com\/product\/yoast-seo-wordpress\/ -->\n<title>Kliimaministeerium soovib kliimakindla majanduse seaduse eeln\u00f5u valmis saada juuni l\u00f5puks | COBALT<\/title>\n<meta name=\"description\" content=\"Kliimaministeerium soovib kliimakindla majanduse seaduse eeln\u00f5u valmis saada juuni l\u00f5puks. News. Naujienos. Jaunumi. Uudised.\" \/>\n<meta name=\"robots\" content=\"index, follow, max-snippet:-1, max-image-preview:large, max-video-preview:-1\" \/>\n<link rel=\"canonical\" href=\"https:\/\/www.cobalt.legal\/et\/news-cases\/kliimaministeerium-soovib-kliimakindla-majanduse-seaduse-eelnou-valmis-saada-juuni-lopuks\/\" \/>\n<meta property=\"og:locale\" content=\"et_EE\" \/>\n<meta property=\"og:type\" content=\"article\" \/>\n<meta property=\"og:title\" content=\"Kliimaministeerium soovib kliimakindla majanduse seaduse eeln\u00f5u valmis saada juuni l\u00f5puks | COBALT\" \/>\n<meta property=\"og:description\" content=\"Kliimaministeerium soovib kliimakindla majanduse seaduse eeln\u00f5u valmis saada juuni l\u00f5puks. News. Naujienos. Jaunumi. Uudised.\" \/>\n<meta property=\"og:url\" content=\"https:\/\/www.cobalt.legal\/et\/news-cases\/kliimaministeerium-soovib-kliimakindla-majanduse-seaduse-eelnou-valmis-saada-juuni-lopuks\/\" \/>\n<meta property=\"og:site_name\" content=\"COBALT\" \/>\n<meta property=\"article:publisher\" content=\"https:\/\/www.facebook.com\/CobaltLegal\/\" \/>\n<meta property=\"article:published_time\" content=\"2024-07-01T13:21:49+00:00\" \/>\n<meta property=\"article:modified_time\" content=\"2024-07-02T08:58:35+00:00\" \/>\n<meta property=\"og:image\" content=\"https:\/\/www.cobalt.legal\/wp-content\/uploads\/2024\/07\/markus-spiske-xrify-4ck1w-unsplash.jpg\" \/>\n\t<meta property=\"og:image:width\" content=\"2560\" \/>\n\t<meta property=\"og:image:height\" content=\"1706\" \/>\n\t<meta property=\"og:image:type\" content=\"image\/jpeg\" \/>\n<meta name=\"author\" content=\"Kadri-Ann Adra\" \/>\n<meta name=\"twitter:card\" content=\"summary_large_image\" \/>\n<meta name=\"twitter:label1\" content=\"Written by\" \/>\n\t<meta name=\"twitter:data1\" content=\"Kadri-Ann Adra\" \/>\n\t<meta name=\"twitter:label2\" content=\"Est. reading time\" \/>\n\t<meta name=\"twitter:data2\" content=\"2 minutes\" \/>\n<script type=\"application\/ld+json\" class=\"yoast-schema-graph\">{\"@context\":\"https:\\\/\\\/schema.org\",\"@graph\":[{\"@type\":\"Article\",\"@id\":\"https:\\\/\\\/www.cobalt.legal\\\/et\\\/news-cases\\\/kliimaministeerium-soovib-kliimakindla-majanduse-seaduse-eelnou-valmis-saada-juuni-lopuks\\\/#article\",\"isPartOf\":{\"@id\":\"https:\\\/\\\/www.cobalt.legal\\\/et\\\/news-cases\\\/kliimaministeerium-soovib-kliimakindla-majanduse-seaduse-eelnou-valmis-saada-juuni-lopuks\\\/\"},\"author\":{\"name\":\"Kadri-Ann Adra\",\"@id\":\"https:\\\/\\\/www.cobalt.legal\\\/et\\\/#\\\/schema\\\/person\\\/fef440fdd5c3649bfa4657abc1baa803\"},\"headline\":\"Kliimaministeerium soovib kliimakindla majanduse seaduse eeln\u00f5u valmis saada juuni l\u00f5puks\",\"datePublished\":\"2024-07-01T13:21:49+00:00\",\"dateModified\":\"2024-07-02T08:58:35+00:00\",\"mainEntityOfPage\":{\"@id\":\"https:\\\/\\\/www.cobalt.legal\\\/et\\\/news-cases\\\/kliimaministeerium-soovib-kliimakindla-majanduse-seaduse-eelnou-valmis-saada-juuni-lopuks\\\/\"},\"wordCount\":356,\"publisher\":{\"@id\":\"https:\\\/\\\/www.cobalt.legal\\\/et\\\/#organization\"},\"image\":{\"@id\":\"https:\\\/\\\/www.cobalt.legal\\\/et\\\/news-cases\\\/kliimaministeerium-soovib-kliimakindla-majanduse-seaduse-eelnou-valmis-saada-juuni-lopuks\\\/#primaryimage\"},\"thumbnailUrl\":\"https:\\\/\\\/www.cobalt.legal\\\/wp-content\\\/uploads\\\/2024\\\/07\\\/markus-spiske-xrify-4ck1w-unsplash.jpg\",\"articleSection\":[\"Uncategorized @et\"],\"inLanguage\":\"et-EE\"},{\"@type\":\"WebPage\",\"@id\":\"https:\\\/\\\/www.cobalt.legal\\\/et\\\/news-cases\\\/kliimaministeerium-soovib-kliimakindla-majanduse-seaduse-eelnou-valmis-saada-juuni-lopuks\\\/\",\"url\":\"https:\\\/\\\/www.cobalt.legal\\\/et\\\/news-cases\\\/kliimaministeerium-soovib-kliimakindla-majanduse-seaduse-eelnou-valmis-saada-juuni-lopuks\\\/\",\"name\":\"Kliimaministeerium soovib kliimakindla majanduse seaduse eeln\u00f5u valmis saada juuni l\u00f5puks | COBALT\",\"isPartOf\":{\"@id\":\"https:\\\/\\\/www.cobalt.legal\\\/et\\\/#website\"},\"primaryImageOfPage\":{\"@id\":\"https:\\\/\\\/www.cobalt.legal\\\/et\\\/news-cases\\\/kliimaministeerium-soovib-kliimakindla-majanduse-seaduse-eelnou-valmis-saada-juuni-lopuks\\\/#primaryimage\"},\"image\":{\"@id\":\"https:\\\/\\\/www.cobalt.legal\\\/et\\\/news-cases\\\/kliimaministeerium-soovib-kliimakindla-majanduse-seaduse-eelnou-valmis-saada-juuni-lopuks\\\/#primaryimage\"},\"thumbnailUrl\":\"https:\\\/\\\/www.cobalt.legal\\\/wp-content\\\/uploads\\\/2024\\\/07\\\/markus-spiske-xrify-4ck1w-unsplash.jpg\",\"datePublished\":\"2024-07-01T13:21:49+00:00\",\"dateModified\":\"2024-07-02T08:58:35+00:00\",\"description\":\"Kliimaministeerium soovib kliimakindla majanduse seaduse eeln\u00f5u valmis saada juuni l\u00f5puks. News. Naujienos. Jaunumi. Uudised.\",\"breadcrumb\":{\"@id\":\"https:\\\/\\\/www.cobalt.legal\\\/et\\\/news-cases\\\/kliimaministeerium-soovib-kliimakindla-majanduse-seaduse-eelnou-valmis-saada-juuni-lopuks\\\/#breadcrumb\"},\"inLanguage\":\"et-EE\",\"potentialAction\":[{\"@type\":\"ReadAction\",\"target\":[\"https:\\\/\\\/www.cobalt.legal\\\/et\\\/news-cases\\\/kliimaministeerium-soovib-kliimakindla-majanduse-seaduse-eelnou-valmis-saada-juuni-lopuks\\\/\"]}]},{\"@type\":\"ImageObject\",\"inLanguage\":\"et-EE\",\"@id\":\"https:\\\/\\\/www.cobalt.legal\\\/et\\\/news-cases\\\/kliimaministeerium-soovib-kliimakindla-majanduse-seaduse-eelnou-valmis-saada-juuni-lopuks\\\/#primaryimage\",\"url\":\"https:\\\/\\\/www.cobalt.legal\\\/wp-content\\\/uploads\\\/2024\\\/07\\\/markus-spiske-xrify-4ck1w-unsplash.jpg\",\"contentUrl\":\"https:\\\/\\\/www.cobalt.legal\\\/wp-content\\\/uploads\\\/2024\\\/07\\\/markus-spiske-xrify-4ck1w-unsplash.jpg\",\"width\":2560,\"height\":1706},{\"@type\":\"BreadcrumbList\",\"@id\":\"https:\\\/\\\/www.cobalt.legal\\\/et\\\/news-cases\\\/kliimaministeerium-soovib-kliimakindla-majanduse-seaduse-eelnou-valmis-saada-juuni-lopuks\\\/#breadcrumb\",\"itemListElement\":[{\"@type\":\"ListItem\",\"position\":1,\"name\":\"Home\",\"item\":\"https:\\\/\\\/www.cobalt.legal\\\/et\\\/\"},{\"@type\":\"ListItem\",\"position\":2,\"name\":\"Kliimaministeerium soovib kliimakindla majanduse seaduse eeln\u00f5u valmis saada juuni l\u00f5puks\"}]},{\"@type\":\"WebSite\",\"@id\":\"https:\\\/\\\/www.cobalt.legal\\\/et\\\/#website\",\"url\":\"https:\\\/\\\/www.cobalt.legal\\\/et\\\/\",\"name\":\"COBALT\",\"description\":\"Top-tier law services in Estonia, Latvia and Lithuania\",\"publisher\":{\"@id\":\"https:\\\/\\\/www.cobalt.legal\\\/et\\\/#organization\"},\"potentialAction\":[{\"@type\":\"SearchAction\",\"target\":{\"@type\":\"EntryPoint\",\"urlTemplate\":\"https:\\\/\\\/www.cobalt.legal\\\/et\\\/?s={search_term_string}\"},\"query-input\":{\"@type\":\"PropertyValueSpecification\",\"valueRequired\":true,\"valueName\":\"search_term_string\"}}],\"inLanguage\":\"et-EE\"},{\"@type\":\"Organization\",\"@id\":\"https:\\\/\\\/www.cobalt.legal\\\/et\\\/#organization\",\"name\":\"COBALT\",\"url\":\"https:\\\/\\\/www.cobalt.legal\\\/et\\\/\",\"logo\":{\"@type\":\"ImageObject\",\"inLanguage\":\"et-EE\",\"@id\":\"https:\\\/\\\/www.cobalt.legal\\\/et\\\/#\\\/schema\\\/logo\\\/image\\\/\",\"url\":\"https:\\\/\\\/www.cobalt.legal\\\/wp-content\\\/uploads\\\/2023\\\/04\\\/cobalt-logo.png\",\"contentUrl\":\"https:\\\/\\\/www.cobalt.legal\\\/wp-content\\\/uploads\\\/2023\\\/04\\\/cobalt-logo.png\",\"width\":400,\"height\":116,\"caption\":\"COBALT\"},\"image\":{\"@id\":\"https:\\\/\\\/www.cobalt.legal\\\/et\\\/#\\\/schema\\\/logo\\\/image\\\/\"},\"sameAs\":[\"https:\\\/\\\/www.facebook.com\\\/CobaltLegal\\\/\"]},{\"@type\":\"Person\",\"@id\":\"https:\\\/\\\/www.cobalt.legal\\\/et\\\/#\\\/schema\\\/person\\\/fef440fdd5c3649bfa4657abc1baa803\",\"name\":\"Kadri-Ann Adra\",\"url\":\"https:\\\/\\\/www.cobalt.legal\\\/et\\\/author\\\/kadriann\\\/\"}]}<\/script>\n<!-- \/ Yoast SEO plugin. -->","yoast_head_json":{"title":"Kliimaministeerium soovib kliimakindla majanduse seaduse eeln\u00f5u valmis saada juuni l\u00f5puks | COBALT","description":"Kliimaministeerium soovib kliimakindla majanduse seaduse eeln\u00f5u valmis saada juuni l\u00f5puks. News. Naujienos. Jaunumi. Uudised.","robots":{"index":"index","follow":"follow","max-snippet":"max-snippet:-1","max-image-preview":"max-image-preview:large","max-video-preview":"max-video-preview:-1"},"canonical":"https:\/\/www.cobalt.legal\/et\/news-cases\/kliimaministeerium-soovib-kliimakindla-majanduse-seaduse-eelnou-valmis-saada-juuni-lopuks\/","og_locale":"et_EE","og_type":"article","og_title":"Kliimaministeerium soovib kliimakindla majanduse seaduse eeln\u00f5u valmis saada juuni l\u00f5puks | COBALT","og_description":"Kliimaministeerium soovib kliimakindla majanduse seaduse eeln\u00f5u valmis saada juuni l\u00f5puks. News. Naujienos. Jaunumi. Uudised.","og_url":"https:\/\/www.cobalt.legal\/et\/news-cases\/kliimaministeerium-soovib-kliimakindla-majanduse-seaduse-eelnou-valmis-saada-juuni-lopuks\/","og_site_name":"COBALT","article_publisher":"https:\/\/www.facebook.com\/CobaltLegal\/","article_published_time":"2024-07-01T13:21:49+00:00","article_modified_time":"2024-07-02T08:58:35+00:00","og_image":[{"width":2560,"height":1706,"url":"https:\/\/www.cobalt.legal\/wp-content\/uploads\/2024\/07\/markus-spiske-xrify-4ck1w-unsplash.jpg","type":"image\/jpeg"}],"author":"Kadri-Ann Adra","twitter_card":"summary_large_image","twitter_misc":{"Written by":"Kadri-Ann Adra","Est. reading time":"2 minutes"},"schema":{"@context":"https:\/\/schema.org","@graph":[{"@type":"Article","@id":"https:\/\/www.cobalt.legal\/et\/news-cases\/kliimaministeerium-soovib-kliimakindla-majanduse-seaduse-eelnou-valmis-saada-juuni-lopuks\/#article","isPartOf":{"@id":"https:\/\/www.cobalt.legal\/et\/news-cases\/kliimaministeerium-soovib-kliimakindla-majanduse-seaduse-eelnou-valmis-saada-juuni-lopuks\/"},"author":{"name":"Kadri-Ann Adra","@id":"https:\/\/www.cobalt.legal\/et\/#\/schema\/person\/fef440fdd5c3649bfa4657abc1baa803"},"headline":"Kliimaministeerium soovib kliimakindla majanduse seaduse eeln\u00f5u valmis saada juuni l\u00f5puks","datePublished":"2024-07-01T13:21:49+00:00","dateModified":"2024-07-02T08:58:35+00:00","mainEntityOfPage":{"@id":"https:\/\/www.cobalt.legal\/et\/news-cases\/kliimaministeerium-soovib-kliimakindla-majanduse-seaduse-eelnou-valmis-saada-juuni-lopuks\/"},"wordCount":356,"publisher":{"@id":"https:\/\/www.cobalt.legal\/et\/#organization"},"image":{"@id":"https:\/\/www.cobalt.legal\/et\/news-cases\/kliimaministeerium-soovib-kliimakindla-majanduse-seaduse-eelnou-valmis-saada-juuni-lopuks\/#primaryimage"},"thumbnailUrl":"https:\/\/www.cobalt.legal\/wp-content\/uploads\/2024\/07\/markus-spiske-xrify-4ck1w-unsplash.jpg","articleSection":["Uncategorized @et"],"inLanguage":"et-EE"},{"@type":"WebPage","@id":"https:\/\/www.cobalt.legal\/et\/news-cases\/kliimaministeerium-soovib-kliimakindla-majanduse-seaduse-eelnou-valmis-saada-juuni-lopuks\/","url":"https:\/\/www.cobalt.legal\/et\/news-cases\/kliimaministeerium-soovib-kliimakindla-majanduse-seaduse-eelnou-valmis-saada-juuni-lopuks\/","name":"Kliimaministeerium soovib kliimakindla majanduse seaduse eeln\u00f5u valmis saada juuni l\u00f5puks | COBALT","isPartOf":{"@id":"https:\/\/www.cobalt.legal\/et\/#website"},"primaryImageOfPage":{"@id":"https:\/\/www.cobalt.legal\/et\/news-cases\/kliimaministeerium-soovib-kliimakindla-majanduse-seaduse-eelnou-valmis-saada-juuni-lopuks\/#primaryimage"},"image":{"@id":"https:\/\/www.cobalt.legal\/et\/news-cases\/kliimaministeerium-soovib-kliimakindla-majanduse-seaduse-eelnou-valmis-saada-juuni-lopuks\/#primaryimage"},"thumbnailUrl":"https:\/\/www.cobalt.legal\/wp-content\/uploads\/2024\/07\/markus-spiske-xrify-4ck1w-unsplash.jpg","datePublished":"2024-07-01T13:21:49+00:00","dateModified":"2024-07-02T08:58:35+00:00","description":"Kliimaministeerium soovib kliimakindla majanduse seaduse eeln\u00f5u valmis saada juuni l\u00f5puks. News. Naujienos. Jaunumi. Uudised.","breadcrumb":{"@id":"https:\/\/www.cobalt.legal\/et\/news-cases\/kliimaministeerium-soovib-kliimakindla-majanduse-seaduse-eelnou-valmis-saada-juuni-lopuks\/#breadcrumb"},"inLanguage":"et-EE","potentialAction":[{"@type":"ReadAction","target":["https:\/\/www.cobalt.legal\/et\/news-cases\/kliimaministeerium-soovib-kliimakindla-majanduse-seaduse-eelnou-valmis-saada-juuni-lopuks\/"]}]},{"@type":"ImageObject","inLanguage":"et-EE","@id":"https:\/\/www.cobalt.legal\/et\/news-cases\/kliimaministeerium-soovib-kliimakindla-majanduse-seaduse-eelnou-valmis-saada-juuni-lopuks\/#primaryimage","url":"https:\/\/www.cobalt.legal\/wp-content\/uploads\/2024\/07\/markus-spiske-xrify-4ck1w-unsplash.jpg","contentUrl":"https:\/\/www.cobalt.legal\/wp-content\/uploads\/2024\/07\/markus-spiske-xrify-4ck1w-unsplash.jpg","width":2560,"height":1706},{"@type":"BreadcrumbList","@id":"https:\/\/www.cobalt.legal\/et\/news-cases\/kliimaministeerium-soovib-kliimakindla-majanduse-seaduse-eelnou-valmis-saada-juuni-lopuks\/#breadcrumb","itemListElement":[{"@type":"ListItem","position":1,"name":"Home","item":"https:\/\/www.cobalt.legal\/et\/"},{"@type":"ListItem","position":2,"name":"Kliimaministeerium soovib kliimakindla majanduse seaduse eeln\u00f5u valmis saada juuni l\u00f5puks"}]},{"@type":"WebSite","@id":"https:\/\/www.cobalt.legal\/et\/#website","url":"https:\/\/www.cobalt.legal\/et\/","name":"COBALT","description":"Top-tier law services in Estonia, Latvia and Lithuania","publisher":{"@id":"https:\/\/www.cobalt.legal\/et\/#organization"},"potentialAction":[{"@type":"SearchAction","target":{"@type":"EntryPoint","urlTemplate":"https:\/\/www.cobalt.legal\/et\/?s={search_term_string}"},"query-input":{"@type":"PropertyValueSpecification","valueRequired":true,"valueName":"search_term_string"}}],"inLanguage":"et-EE"},{"@type":"Organization","@id":"https:\/\/www.cobalt.legal\/et\/#organization","name":"COBALT","url":"https:\/\/www.cobalt.legal\/et\/","logo":{"@type":"ImageObject","inLanguage":"et-EE","@id":"https:\/\/www.cobalt.legal\/et\/#\/schema\/logo\/image\/","url":"https:\/\/www.cobalt.legal\/wp-content\/uploads\/2023\/04\/cobalt-logo.png","contentUrl":"https:\/\/www.cobalt.legal\/wp-content\/uploads\/2023\/04\/cobalt-logo.png","width":400,"height":116,"caption":"COBALT"},"image":{"@id":"https:\/\/www.cobalt.legal\/et\/#\/schema\/logo\/image\/"},"sameAs":["https:\/\/www.facebook.com\/CobaltLegal\/"]},{"@type":"Person","@id":"https:\/\/www.cobalt.legal\/et\/#\/schema\/person\/fef440fdd5c3649bfa4657abc1baa803","name":"Kadri-Ann Adra","url":"https:\/\/www.cobalt.legal\/et\/author\/kadriann\/"}]}},"_links":{"self":[{"href":"https:\/\/www.cobalt.legal\/et\/wp-json\/wp\/v2\/posts\/37914","targetHints":{"allow":["GET"]}}],"collection":[{"href":"https:\/\/www.cobalt.legal\/et\/wp-json\/wp\/v2\/posts"}],"about":[{"href":"https:\/\/www.cobalt.legal\/et\/wp-json\/wp\/v2\/types\/post"}],"author":[{"embeddable":true,"href":"https:\/\/www.cobalt.legal\/et\/wp-json\/wp\/v2\/users\/14"}],"replies":[{"embeddable":true,"href":"https:\/\/www.cobalt.legal\/et\/wp-json\/wp\/v2\/comments?post=37914"}],"version-history":[{"count":4,"href":"https:\/\/www.cobalt.legal\/et\/wp-json\/wp\/v2\/posts\/37914\/revisions"}],"predecessor-version":[{"id":37981,"href":"https:\/\/www.cobalt.legal\/et\/wp-json\/wp\/v2\/posts\/37914\/revisions\/37981"}],"wp:featuredmedia":[{"embeddable":true,"href":"https:\/\/www.cobalt.legal\/et\/wp-json\/wp\/v2\/media\/37915"}],"wp:attachment":[{"href":"https:\/\/www.cobalt.legal\/et\/wp-json\/wp\/v2\/media?parent=37914"}],"wp:term":[{"taxonomy":"category","embeddable":true,"href":"https:\/\/www.cobalt.legal\/et\/wp-json\/wp\/v2\/categories?post=37914"},{"taxonomy":"country","embeddable":true,"href":"https:\/\/www.cobalt.legal\/et\/wp-json\/wp\/v2\/country?post=37914"}],"curies":[{"name":"wp","href":"https:\/\/api.w.org\/{rel}","templated":true}]}}