{"id":44068,"date":"2025-04-10T16:32:03","date_gmt":"2025-04-10T13:32:03","guid":{"rendered":"https:\/\/www.cobalt.legal\/?p=44068"},"modified":"2025-04-11T13:19:18","modified_gmt":"2025-04-11T10:19:18","slug":"cobalt-kutsub-seminarile-brandi-loomine-ja-oiguskaitse-digiajastul","status":"publish","type":"post","link":"https:\/\/www.cobalt.legal\/et\/news-cases\/cobalt-kutsub-seminarile-brandi-loomine-ja-oiguskaitse-digiajastul\/","title":{"rendered":"COBALT kutsub seminarile: Br\u00e4ndi loomine ja \u00f5iguskaitse digiajastul"},"content":{"rendered":"<p>Digiajastu on meid viinud olukorda, kus lahenduste saamiseks p\u00f6\u00f6rdume sageli AI poole. Miks mitte paluda <strong>tehisintellektil luua uus br\u00e4nd?<\/strong> See on kiire, mugav ja taskukohane. Aga<strong> kas ka riskivaba?<\/strong><\/p>\n<p>Mis juhtub, kui selgub, et Sinu uus br\u00e4nd\u00a0polegi tegelikult &#8220;Sinu oma&#8221;? Kui <strong>AI loodu\u00a0rikub kellegi \u00f5igusi<\/strong>?<\/p>\n<p>Peale br\u00e4ndi loomist tekib k\u00fcsimus,\u00a0kuidas tagada, et keegi teine ei saaks kasutada sama v\u00f5i sarnast kaubam\u00e4rki v\u00f5i toodet?\u00a0Sageli <strong>keskendutakse kaubam\u00e4rgi kaitsele<\/strong>, kuid\u00a0<strong>kas disainikaitse j\u00e4\u00e4b alahinnatuks?<\/strong>\u00a0Eriti n\u00fc\u00fcd, mil peagi j\u00f5ustuv uus regulatsioon laiendab oluliselt v\u00f5imalusi digitaalsete toodete disainide kaitseks. Millal piisab \u00fchest, millal on vaja m\u00f5lemat?<\/p>\n<p>Seminaril vaatame praktilisi n\u00e4iteid ja arutame:<\/p>\n<ul>\n<li>Millised riskid kaasnevad uue br\u00e4ndi loomisel AI abil?<\/li>\n<li>Kuidas erinevad kaubam\u00e4rk ja disainikaitse \u2013 ja millal neid kasutada?<\/li>\n<li>Kas ainult kaubam\u00e4rgist piisab v\u00f5i tuleks m\u00f5elda ka disainikaitsele?<\/li>\n<\/ul>\n<p>\u00c4ra j\u00e4ta v\u00f5imalust kasutamata \u2013 <strong>tule ja saa kindlus oma br\u00e4ndi tuleviku osas meie patendivolinikelt <a href=\"https:\/\/www.cobalt.legal\/et\/people\/liina-jents\/\" target=\"_blank\" rel=\"noopener\">Liina Jentsilt<\/a> ja <a href=\"https:\/\/www.cobalt.legal\/et\/people\/anna-kosar\/\" target=\"_blank\" rel=\"noopener\">Anna Kosarilt<\/a>.<\/strong><\/p>\n<p>&nbsp;<\/p>\n<p>Osalemine on tasuta. Osalemiseks on vaja eelnevalt registreerida kirjutades <a href=\"mailto:ee-rsvp@cobalt.legal\">ee-rsvp@cobalt.legal<\/a><\/p>\n<p><strong>RSVP t\u00e4htaeg on<\/strong> 5<strong>. mai 2025<\/strong>.<\/p>\n<p>Kohtade arv on piiratud.<\/p>\n<p>Kogunemine ja hommikukohv alates kl 9.00. Seminar algab kl 9.30.<\/p>\n","protected":false},"excerpt":{"rendered":"<p>Digiajastu on meid viinud olukorda, kus lahenduste saamiseks p\u00f6\u00f6rdume sageli AI poole. Miks mitte paluda tehisintellektil luua uus br\u00e4nd? See on kiire, mugav ja taskukohane. Aga kas ka riskivaba? Mis juhtub, kui selgub, et Sinu uus br\u00e4nd\u00a0polegi tegelikult &#8220;Sinu oma&#8221;?..<\/p>\n","protected":false},"author":14,"featured_media":44123,"comment_status":"closed","ping_status":"closed","sticky":false,"template":"","format":"standard","meta":{"_acf_changed":false,"inline_featured_image":false,"footnotes":""},"categories":[28],"country":[84],"class_list":["post-44068","post","type-post","status-publish","format-standard","has-post-thumbnail","hentry","category-uncategorized-et","country-estonia-et"],"acf":[],"yoast_head":"<!-- This site is optimized with the Yoast SEO plugin v27.3 - https:\/\/yoast.com\/product\/yoast-seo-wordpress\/ -->\n<title>COBALT kutsub seminarile: Br\u00e4ndi loomine ja \u00f5iguskaitse digiajastul | COBALT<\/title>\n<meta name=\"description\" content=\"COBALT kutsub seminarile: Br\u00e4ndi loomine ja \u00f5iguskaitse digiajastul. News. Naujienos. Jaunumi. Uudised.\" \/>\n<meta name=\"robots\" content=\"index, follow, max-snippet:-1, max-image-preview:large, max-video-preview:-1\" \/>\n<link rel=\"canonical\" href=\"https:\/\/www.cobalt.legal\/et\/news-cases\/cobalt-kutsub-seminarile-brandi-loomine-ja-oiguskaitse-digiajastul\/\" \/>\n<meta property=\"og:locale\" content=\"et_EE\" \/>\n<meta property=\"og:type\" content=\"article\" \/>\n<meta property=\"og:title\" content=\"COBALT kutsub seminarile: Br\u00e4ndi loomine ja \u00f5iguskaitse digiajastul | COBALT\" \/>\n<meta property=\"og:description\" content=\"COBALT kutsub seminarile: Br\u00e4ndi loomine ja \u00f5iguskaitse digiajastul. News. Naujienos. Jaunumi. Uudised.\" \/>\n<meta property=\"og:url\" content=\"https:\/\/www.cobalt.legal\/et\/news-cases\/cobalt-kutsub-seminarile-brandi-loomine-ja-oiguskaitse-digiajastul\/\" \/>\n<meta property=\"og:site_name\" content=\"COBALT\" \/>\n<meta property=\"article:publisher\" content=\"https:\/\/www.facebook.com\/CobaltLegal\/\" \/>\n<meta property=\"article:published_time\" content=\"2025-04-10T13:32:03+00:00\" \/>\n<meta property=\"article:modified_time\" content=\"2025-04-11T10:19:18+00:00\" \/>\n<meta property=\"og:image\" content=\"https:\/\/www.cobalt.legal\/wp-content\/uploads\/2025\/04\/kaubamargiseminarweb3.png\" \/>\n\t<meta property=\"og:image:width\" content=\"1080\" \/>\n\t<meta property=\"og:image:height\" content=\"1080\" \/>\n\t<meta property=\"og:image:type\" content=\"image\/png\" \/>\n<meta name=\"author\" content=\"Kadri-Ann Adra\" \/>\n<meta name=\"twitter:card\" content=\"summary_large_image\" \/>\n<meta name=\"twitter:label1\" content=\"Written by\" \/>\n\t<meta name=\"twitter:data1\" content=\"Kadri-Ann Adra\" \/>\n\t<meta name=\"twitter:label2\" content=\"Est. reading time\" \/>\n\t<meta name=\"twitter:data2\" content=\"1 minute\" \/>\n<script type=\"application\/ld+json\" class=\"yoast-schema-graph\">{\"@context\":\"https:\\\/\\\/schema.org\",\"@graph\":[{\"@type\":\"Article\",\"@id\":\"https:\\\/\\\/www.cobalt.legal\\\/et\\\/news-cases\\\/cobalt-kutsub-seminarile-brandi-loomine-ja-oiguskaitse-digiajastul\\\/#article\",\"isPartOf\":{\"@id\":\"https:\\\/\\\/www.cobalt.legal\\\/et\\\/news-cases\\\/cobalt-kutsub-seminarile-brandi-loomine-ja-oiguskaitse-digiajastul\\\/\"},\"author\":{\"name\":\"Kadri-Ann Adra\",\"@id\":\"https:\\\/\\\/www.cobalt.legal\\\/et\\\/#\\\/schema\\\/person\\\/fef440fdd5c3649bfa4657abc1baa803\"},\"headline\":\"COBALT kutsub seminarile: Br\u00e4ndi loomine ja \u00f5iguskaitse digiajastul\",\"datePublished\":\"2025-04-10T13:32:03+00:00\",\"dateModified\":\"2025-04-11T10:19:18+00:00\",\"mainEntityOfPage\":{\"@id\":\"https:\\\/\\\/www.cobalt.legal\\\/et\\\/news-cases\\\/cobalt-kutsub-seminarile-brandi-loomine-ja-oiguskaitse-digiajastul\\\/\"},\"wordCount\":209,\"publisher\":{\"@id\":\"https:\\\/\\\/www.cobalt.legal\\\/et\\\/#organization\"},\"image\":{\"@id\":\"https:\\\/\\\/www.cobalt.legal\\\/et\\\/news-cases\\\/cobalt-kutsub-seminarile-brandi-loomine-ja-oiguskaitse-digiajastul\\\/#primaryimage\"},\"thumbnailUrl\":\"https:\\\/\\\/www.cobalt.legal\\\/wp-content\\\/uploads\\\/2025\\\/04\\\/kaubamargiseminarweb3.png\",\"articleSection\":[\"Uncategorized @et\"],\"inLanguage\":\"et-EE\"},{\"@type\":\"WebPage\",\"@id\":\"https:\\\/\\\/www.cobalt.legal\\\/et\\\/news-cases\\\/cobalt-kutsub-seminarile-brandi-loomine-ja-oiguskaitse-digiajastul\\\/\",\"url\":\"https:\\\/\\\/www.cobalt.legal\\\/et\\\/news-cases\\\/cobalt-kutsub-seminarile-brandi-loomine-ja-oiguskaitse-digiajastul\\\/\",\"name\":\"COBALT kutsub seminarile: Br\u00e4ndi loomine ja \u00f5iguskaitse digiajastul | COBALT\",\"isPartOf\":{\"@id\":\"https:\\\/\\\/www.cobalt.legal\\\/et\\\/#website\"},\"primaryImageOfPage\":{\"@id\":\"https:\\\/\\\/www.cobalt.legal\\\/et\\\/news-cases\\\/cobalt-kutsub-seminarile-brandi-loomine-ja-oiguskaitse-digiajastul\\\/#primaryimage\"},\"image\":{\"@id\":\"https:\\\/\\\/www.cobalt.legal\\\/et\\\/news-cases\\\/cobalt-kutsub-seminarile-brandi-loomine-ja-oiguskaitse-digiajastul\\\/#primaryimage\"},\"thumbnailUrl\":\"https:\\\/\\\/www.cobalt.legal\\\/wp-content\\\/uploads\\\/2025\\\/04\\\/kaubamargiseminarweb3.png\",\"datePublished\":\"2025-04-10T13:32:03+00:00\",\"dateModified\":\"2025-04-11T10:19:18+00:00\",\"description\":\"COBALT kutsub seminarile: Br\u00e4ndi loomine ja \u00f5iguskaitse digiajastul. News. Naujienos. Jaunumi. Uudised.\",\"breadcrumb\":{\"@id\":\"https:\\\/\\\/www.cobalt.legal\\\/et\\\/news-cases\\\/cobalt-kutsub-seminarile-brandi-loomine-ja-oiguskaitse-digiajastul\\\/#breadcrumb\"},\"inLanguage\":\"et-EE\",\"potentialAction\":[{\"@type\":\"ReadAction\",\"target\":[\"https:\\\/\\\/www.cobalt.legal\\\/et\\\/news-cases\\\/cobalt-kutsub-seminarile-brandi-loomine-ja-oiguskaitse-digiajastul\\\/\"]}]},{\"@type\":\"ImageObject\",\"inLanguage\":\"et-EE\",\"@id\":\"https:\\\/\\\/www.cobalt.legal\\\/et\\\/news-cases\\\/cobalt-kutsub-seminarile-brandi-loomine-ja-oiguskaitse-digiajastul\\\/#primaryimage\",\"url\":\"https:\\\/\\\/www.cobalt.legal\\\/wp-content\\\/uploads\\\/2025\\\/04\\\/kaubamargiseminarweb3.png\",\"contentUrl\":\"https:\\\/\\\/www.cobalt.legal\\\/wp-content\\\/uploads\\\/2025\\\/04\\\/kaubamargiseminarweb3.png\",\"width\":1080,\"height\":1080},{\"@type\":\"BreadcrumbList\",\"@id\":\"https:\\\/\\\/www.cobalt.legal\\\/et\\\/news-cases\\\/cobalt-kutsub-seminarile-brandi-loomine-ja-oiguskaitse-digiajastul\\\/#breadcrumb\",\"itemListElement\":[{\"@type\":\"ListItem\",\"position\":1,\"name\":\"Home\",\"item\":\"https:\\\/\\\/www.cobalt.legal\\\/et\\\/\"},{\"@type\":\"ListItem\",\"position\":2,\"name\":\"COBALT kutsub seminarile: Br\u00e4ndi loomine ja \u00f5iguskaitse digiajastul\"}]},{\"@type\":\"WebSite\",\"@id\":\"https:\\\/\\\/www.cobalt.legal\\\/et\\\/#website\",\"url\":\"https:\\\/\\\/www.cobalt.legal\\\/et\\\/\",\"name\":\"COBALT\",\"description\":\"Top-tier law services in Estonia, Latvia and Lithuania\",\"publisher\":{\"@id\":\"https:\\\/\\\/www.cobalt.legal\\\/et\\\/#organization\"},\"potentialAction\":[{\"@type\":\"SearchAction\",\"target\":{\"@type\":\"EntryPoint\",\"urlTemplate\":\"https:\\\/\\\/www.cobalt.legal\\\/et\\\/?s={search_term_string}\"},\"query-input\":{\"@type\":\"PropertyValueSpecification\",\"valueRequired\":true,\"valueName\":\"search_term_string\"}}],\"inLanguage\":\"et-EE\"},{\"@type\":\"Organization\",\"@id\":\"https:\\\/\\\/www.cobalt.legal\\\/et\\\/#organization\",\"name\":\"COBALT\",\"url\":\"https:\\\/\\\/www.cobalt.legal\\\/et\\\/\",\"logo\":{\"@type\":\"ImageObject\",\"inLanguage\":\"et-EE\",\"@id\":\"https:\\\/\\\/www.cobalt.legal\\\/et\\\/#\\\/schema\\\/logo\\\/image\\\/\",\"url\":\"https:\\\/\\\/www.cobalt.legal\\\/wp-content\\\/uploads\\\/2023\\\/04\\\/cobalt-logo.png\",\"contentUrl\":\"https:\\\/\\\/www.cobalt.legal\\\/wp-content\\\/uploads\\\/2023\\\/04\\\/cobalt-logo.png\",\"width\":400,\"height\":116,\"caption\":\"COBALT\"},\"image\":{\"@id\":\"https:\\\/\\\/www.cobalt.legal\\\/et\\\/#\\\/schema\\\/logo\\\/image\\\/\"},\"sameAs\":[\"https:\\\/\\\/www.facebook.com\\\/CobaltLegal\\\/\"]},{\"@type\":\"Person\",\"@id\":\"https:\\\/\\\/www.cobalt.legal\\\/et\\\/#\\\/schema\\\/person\\\/fef440fdd5c3649bfa4657abc1baa803\",\"name\":\"Kadri-Ann Adra\",\"url\":\"https:\\\/\\\/www.cobalt.legal\\\/et\\\/author\\\/kadriann\\\/\"}]}<\/script>\n<!-- \/ Yoast SEO plugin. -->","yoast_head_json":{"title":"COBALT kutsub seminarile: Br\u00e4ndi loomine ja \u00f5iguskaitse digiajastul | COBALT","description":"COBALT kutsub seminarile: Br\u00e4ndi loomine ja \u00f5iguskaitse digiajastul. News. Naujienos. Jaunumi. Uudised.","robots":{"index":"index","follow":"follow","max-snippet":"max-snippet:-1","max-image-preview":"max-image-preview:large","max-video-preview":"max-video-preview:-1"},"canonical":"https:\/\/www.cobalt.legal\/et\/news-cases\/cobalt-kutsub-seminarile-brandi-loomine-ja-oiguskaitse-digiajastul\/","og_locale":"et_EE","og_type":"article","og_title":"COBALT kutsub seminarile: Br\u00e4ndi loomine ja \u00f5iguskaitse digiajastul | COBALT","og_description":"COBALT kutsub seminarile: Br\u00e4ndi loomine ja \u00f5iguskaitse digiajastul. News. Naujienos. Jaunumi. Uudised.","og_url":"https:\/\/www.cobalt.legal\/et\/news-cases\/cobalt-kutsub-seminarile-brandi-loomine-ja-oiguskaitse-digiajastul\/","og_site_name":"COBALT","article_publisher":"https:\/\/www.facebook.com\/CobaltLegal\/","article_published_time":"2025-04-10T13:32:03+00:00","article_modified_time":"2025-04-11T10:19:18+00:00","og_image":[{"width":1080,"height":1080,"url":"https:\/\/www.cobalt.legal\/wp-content\/uploads\/2025\/04\/kaubamargiseminarweb3.png","type":"image\/png"}],"author":"Kadri-Ann Adra","twitter_card":"summary_large_image","twitter_misc":{"Written by":"Kadri-Ann Adra","Est. reading time":"1 minute"},"schema":{"@context":"https:\/\/schema.org","@graph":[{"@type":"Article","@id":"https:\/\/www.cobalt.legal\/et\/news-cases\/cobalt-kutsub-seminarile-brandi-loomine-ja-oiguskaitse-digiajastul\/#article","isPartOf":{"@id":"https:\/\/www.cobalt.legal\/et\/news-cases\/cobalt-kutsub-seminarile-brandi-loomine-ja-oiguskaitse-digiajastul\/"},"author":{"name":"Kadri-Ann Adra","@id":"https:\/\/www.cobalt.legal\/et\/#\/schema\/person\/fef440fdd5c3649bfa4657abc1baa803"},"headline":"COBALT kutsub seminarile: Br\u00e4ndi loomine ja \u00f5iguskaitse digiajastul","datePublished":"2025-04-10T13:32:03+00:00","dateModified":"2025-04-11T10:19:18+00:00","mainEntityOfPage":{"@id":"https:\/\/www.cobalt.legal\/et\/news-cases\/cobalt-kutsub-seminarile-brandi-loomine-ja-oiguskaitse-digiajastul\/"},"wordCount":209,"publisher":{"@id":"https:\/\/www.cobalt.legal\/et\/#organization"},"image":{"@id":"https:\/\/www.cobalt.legal\/et\/news-cases\/cobalt-kutsub-seminarile-brandi-loomine-ja-oiguskaitse-digiajastul\/#primaryimage"},"thumbnailUrl":"https:\/\/www.cobalt.legal\/wp-content\/uploads\/2025\/04\/kaubamargiseminarweb3.png","articleSection":["Uncategorized @et"],"inLanguage":"et-EE"},{"@type":"WebPage","@id":"https:\/\/www.cobalt.legal\/et\/news-cases\/cobalt-kutsub-seminarile-brandi-loomine-ja-oiguskaitse-digiajastul\/","url":"https:\/\/www.cobalt.legal\/et\/news-cases\/cobalt-kutsub-seminarile-brandi-loomine-ja-oiguskaitse-digiajastul\/","name":"COBALT kutsub seminarile: Br\u00e4ndi loomine ja \u00f5iguskaitse digiajastul | COBALT","isPartOf":{"@id":"https:\/\/www.cobalt.legal\/et\/#website"},"primaryImageOfPage":{"@id":"https:\/\/www.cobalt.legal\/et\/news-cases\/cobalt-kutsub-seminarile-brandi-loomine-ja-oiguskaitse-digiajastul\/#primaryimage"},"image":{"@id":"https:\/\/www.cobalt.legal\/et\/news-cases\/cobalt-kutsub-seminarile-brandi-loomine-ja-oiguskaitse-digiajastul\/#primaryimage"},"thumbnailUrl":"https:\/\/www.cobalt.legal\/wp-content\/uploads\/2025\/04\/kaubamargiseminarweb3.png","datePublished":"2025-04-10T13:32:03+00:00","dateModified":"2025-04-11T10:19:18+00:00","description":"COBALT kutsub seminarile: Br\u00e4ndi loomine ja \u00f5iguskaitse digiajastul. News. Naujienos. Jaunumi. Uudised.","breadcrumb":{"@id":"https:\/\/www.cobalt.legal\/et\/news-cases\/cobalt-kutsub-seminarile-brandi-loomine-ja-oiguskaitse-digiajastul\/#breadcrumb"},"inLanguage":"et-EE","potentialAction":[{"@type":"ReadAction","target":["https:\/\/www.cobalt.legal\/et\/news-cases\/cobalt-kutsub-seminarile-brandi-loomine-ja-oiguskaitse-digiajastul\/"]}]},{"@type":"ImageObject","inLanguage":"et-EE","@id":"https:\/\/www.cobalt.legal\/et\/news-cases\/cobalt-kutsub-seminarile-brandi-loomine-ja-oiguskaitse-digiajastul\/#primaryimage","url":"https:\/\/www.cobalt.legal\/wp-content\/uploads\/2025\/04\/kaubamargiseminarweb3.png","contentUrl":"https:\/\/www.cobalt.legal\/wp-content\/uploads\/2025\/04\/kaubamargiseminarweb3.png","width":1080,"height":1080},{"@type":"BreadcrumbList","@id":"https:\/\/www.cobalt.legal\/et\/news-cases\/cobalt-kutsub-seminarile-brandi-loomine-ja-oiguskaitse-digiajastul\/#breadcrumb","itemListElement":[{"@type":"ListItem","position":1,"name":"Home","item":"https:\/\/www.cobalt.legal\/et\/"},{"@type":"ListItem","position":2,"name":"COBALT kutsub seminarile: Br\u00e4ndi loomine ja \u00f5iguskaitse digiajastul"}]},{"@type":"WebSite","@id":"https:\/\/www.cobalt.legal\/et\/#website","url":"https:\/\/www.cobalt.legal\/et\/","name":"COBALT","description":"Top-tier law services in Estonia, Latvia and Lithuania","publisher":{"@id":"https:\/\/www.cobalt.legal\/et\/#organization"},"potentialAction":[{"@type":"SearchAction","target":{"@type":"EntryPoint","urlTemplate":"https:\/\/www.cobalt.legal\/et\/?s={search_term_string}"},"query-input":{"@type":"PropertyValueSpecification","valueRequired":true,"valueName":"search_term_string"}}],"inLanguage":"et-EE"},{"@type":"Organization","@id":"https:\/\/www.cobalt.legal\/et\/#organization","name":"COBALT","url":"https:\/\/www.cobalt.legal\/et\/","logo":{"@type":"ImageObject","inLanguage":"et-EE","@id":"https:\/\/www.cobalt.legal\/et\/#\/schema\/logo\/image\/","url":"https:\/\/www.cobalt.legal\/wp-content\/uploads\/2023\/04\/cobalt-logo.png","contentUrl":"https:\/\/www.cobalt.legal\/wp-content\/uploads\/2023\/04\/cobalt-logo.png","width":400,"height":116,"caption":"COBALT"},"image":{"@id":"https:\/\/www.cobalt.legal\/et\/#\/schema\/logo\/image\/"},"sameAs":["https:\/\/www.facebook.com\/CobaltLegal\/"]},{"@type":"Person","@id":"https:\/\/www.cobalt.legal\/et\/#\/schema\/person\/fef440fdd5c3649bfa4657abc1baa803","name":"Kadri-Ann Adra","url":"https:\/\/www.cobalt.legal\/et\/author\/kadriann\/"}]}},"_links":{"self":[{"href":"https:\/\/www.cobalt.legal\/et\/wp-json\/wp\/v2\/posts\/44068","targetHints":{"allow":["GET"]}}],"collection":[{"href":"https:\/\/www.cobalt.legal\/et\/wp-json\/wp\/v2\/posts"}],"about":[{"href":"https:\/\/www.cobalt.legal\/et\/wp-json\/wp\/v2\/types\/post"}],"author":[{"embeddable":true,"href":"https:\/\/www.cobalt.legal\/et\/wp-json\/wp\/v2\/users\/14"}],"replies":[{"embeddable":true,"href":"https:\/\/www.cobalt.legal\/et\/wp-json\/wp\/v2\/comments?post=44068"}],"version-history":[{"count":13,"href":"https:\/\/www.cobalt.legal\/et\/wp-json\/wp\/v2\/posts\/44068\/revisions"}],"predecessor-version":[{"id":44136,"href":"https:\/\/www.cobalt.legal\/et\/wp-json\/wp\/v2\/posts\/44068\/revisions\/44136"}],"wp:featuredmedia":[{"embeddable":true,"href":"https:\/\/www.cobalt.legal\/et\/wp-json\/wp\/v2\/media\/44123"}],"wp:attachment":[{"href":"https:\/\/www.cobalt.legal\/et\/wp-json\/wp\/v2\/media?parent=44068"}],"wp:term":[{"taxonomy":"category","embeddable":true,"href":"https:\/\/www.cobalt.legal\/et\/wp-json\/wp\/v2\/categories?post=44068"},{"taxonomy":"country","embeddable":true,"href":"https:\/\/www.cobalt.legal\/et\/wp-json\/wp\/v2\/country?post=44068"}],"curies":[{"name":"wp","href":"https:\/\/api.w.org\/{rel}","templated":true}]}}