{"id":44348,"date":"2025-04-22T13:02:55","date_gmt":"2025-04-22T10:02:55","guid":{"rendered":"https:\/\/www.cobalt.legal\/?p=44348"},"modified":"2025-10-13T13:18:50","modified_gmt":"2025-10-13T10:18:50","slug":"valitsusele-esitatud-jaatmereform-suurendaks-omavalitsuste-oiguseid-ja-kohustusi-jaatmevaldkonnas","status":"publish","type":"post","link":"https:\/\/www.cobalt.legal\/et\/news-cases\/valitsusele-esitatud-jaatmereform-suurendaks-omavalitsuste-oiguseid-ja-kohustusi-jaatmevaldkonnas\/","title":{"rendered":"Valitsusele esitatud j\u00e4\u00e4tmereform suurendaks omavalitsuste \u00f5iguseid ja kohustusi j\u00e4\u00e4tmevaldkonnas"},"content":{"rendered":"<p>Kliimaministeerium esitas 4. m\u00e4rtsil valitsusele <a href=\"https:\/\/kliimaministeerium.ee\/jaatmereform\" target=\"_blank\" rel=\"noopener\">j\u00e4\u00e4tmereformi eeln\u00f5u<\/a>. Muudatustega j\u00e4\u00e4tmeseadusesse ja teistesse aktidesse suurendataks kohalike omavalitsuste rolli ning seatakse eesm\u00e4rgiks j\u00e4\u00e4tmete liigiti kogumise hoogustamine.<\/p>\n<p>Kohalike omavalitsuste roll j\u00e4\u00e4tmekorralduses laieneks m\u00e4rgatavalt, eriti j\u00e4\u00e4tmete sorteerimise edendamisel. Oluline on ka tasus\u00fcsteemi muutmine: j\u00e4\u00e4tmehooldustasu (mis katab nii veo kui k\u00e4itluse) oleks edaspidi v\u00f5imalik kehtestada kaheosalisena. \u00dcheks osaks oleks nn p\u00fcsitasu, mis peaks katma KOVide kulutusi j\u00e4\u00e4tmehoolduse korraldamisel. Teiseks osaks oleks teenustasu, mis v\u00f5ib olla nii mahup\u00f5hine (st s\u00f5ltuda kasutatavate konteinerite suurusest) kui kaalup\u00f5hine; viimane peaks soodustama j\u00e4\u00e4tmete sorteerimist. Samuti kohustataks edaspidi omavalitsuste korraldatud j\u00e4\u00e4tmeveo raames koguma lisaks segaolmej\u00e4\u00e4tmetele veel v\u00e4hemalt bioj\u00e4\u00e4tmeid ning olmes tekkivaid pakendij\u00e4\u00e4tmeid.<\/p>\n<p>Eeln\u00f5u muudab ka j\u00e4\u00e4tmete kogumise ja k\u00e4itlemise hankekorda. Edaspidi eraldataks j\u00e4\u00e4tmevedu ja j\u00e4\u00e4tmete k\u00e4itlus eraldi hangetesse. See t\u00e4hendab, et j\u00e4\u00e4tmevedaja ei saaks enam ise otsustada, kuhu j\u00e4\u00e4tmed toimetatakse, vaid peab need viima kohaliku omavalitsuse poolt eraldi hankega valitud k\u00e4itluskohta. Eeln\u00f5u koostajate hinnangul v\u00f5iks see elavdada konkurentsi, eriti j\u00e4\u00e4tmevedajate hulgas.<\/p>\n<p>\u00dcheks suurimaks muudatuseks oleks tavaj\u00e4\u00e4tmete, v\u00e4lja arvatud puiduj\u00e4\u00e4tmete, p\u00f5letamise maksustamine, kui see toimub energiakasutuse eesm\u00e4rgil. Ettev\u00f5tted, kes selliseid j\u00e4\u00e4tmeid p\u00f5letavad, peaksid edaspidi kord kvartalis deklareerima ja maksma energiakasutuse tasu \u2013 sarnaselt juba kehtivale j\u00e4\u00e4tmete ladestamistasule, mida makstakse pr\u00fcgilate k\u00e4itajate poolt. Samasugused tasud kehtivad ka imporditud j\u00e4\u00e4tmetele, et v\u00e4ltida turumoonutusi ja tagada v\u00f5rdne konkurents.<\/p>\n<p>Pakendiettev\u00f5tjad, kes lasevad turule \u00fchekordselt kasutatavaid m\u00fc\u00fcgipakendeid, peaksid eeln\u00f5u kohaselt liituma taaskasutusorganisatsiooniga ning rahastama seel\u00e4bi pakendij\u00e4\u00e4tmete kogumist ja k\u00e4itlemist. Seni kehtivate reeglite j\u00e4rgi v\u00f5iks pakendiettev\u00f5tja vastavaid kohustusi t\u00e4ita ka individuaalselt. Eeln\u00f5u koostajate hinnangul on see aga \u00fchekordsete m\u00fc\u00fcgipakendite puhul, mis moodustavad suurema osa kodumajapidamiste pakendij\u00e4\u00e4tmetest, praktiliselt v\u00e4ga keeruline ning seet\u00f5ttu on asjakohasem n\u00f5uda liitumist tootjavastutusorganisatsiooniga.<\/p>\n","protected":false},"excerpt":{"rendered":"<p>Kliimaministeerium esitas 4. m\u00e4rtsil valitsusele j\u00e4\u00e4tmereformi eeln\u00f5u. Muudatustega j\u00e4\u00e4tmeseadusesse ja teistesse aktidesse suurendataks kohalike omavalitsuste rolli ning seatakse eesm\u00e4rgiks j\u00e4\u00e4tmete liigiti kogumise hoogustamine. Kohalike omavalitsuste roll j\u00e4\u00e4tmekorralduses laieneks m\u00e4rgatavalt, eriti j\u00e4\u00e4tmete sorteerimise edendamisel. Oluline on ka tasus\u00fcsteemi muutmine: j\u00e4\u00e4tmehooldustasu (mis..<\/p>\n","protected":false},"author":14,"featured_media":44688,"comment_status":"closed","ping_status":"closed","sticky":false,"template":"","format":"standard","meta":{"_acf_changed":false,"inline_featured_image":false,"footnotes":""},"categories":[28],"country":[84],"class_list":["post-44348","post","type-post","status-publish","format-standard","has-post-thumbnail","hentry","category-uncategorized-et","country-estonia-et"],"acf":[],"yoast_head":"<!-- This site is optimized with the Yoast SEO plugin v27.3 - https:\/\/yoast.com\/product\/yoast-seo-wordpress\/ -->\n<title>Valitsusele esitatud j\u00e4\u00e4tmereform suurendaks omavalitsuste \u00f5iguseid ja kohustusi j\u00e4\u00e4tmevaldkonnas | COBALT<\/title>\n<meta name=\"description\" content=\"Valitsusele esitatud j\u00e4\u00e4tmereform suurendaks omavalitsuste \u00f5iguseid ja kohustusi j\u00e4\u00e4tmevaldkonnas. News. Naujienos. Jaunumi. Uudised.\" \/>\n<meta name=\"robots\" content=\"index, follow, max-snippet:-1, max-image-preview:large, max-video-preview:-1\" \/>\n<link rel=\"canonical\" href=\"https:\/\/www.cobalt.legal\/et\/news-cases\/valitsusele-esitatud-jaatmereform-suurendaks-omavalitsuste-oiguseid-ja-kohustusi-jaatmevaldkonnas\/\" \/>\n<meta property=\"og:locale\" content=\"et_EE\" \/>\n<meta property=\"og:type\" content=\"article\" \/>\n<meta property=\"og:title\" content=\"Valitsusele esitatud j\u00e4\u00e4tmereform suurendaks omavalitsuste \u00f5iguseid ja kohustusi j\u00e4\u00e4tmevaldkonnas | COBALT\" \/>\n<meta property=\"og:description\" content=\"Valitsusele esitatud j\u00e4\u00e4tmereform suurendaks omavalitsuste \u00f5iguseid ja kohustusi j\u00e4\u00e4tmevaldkonnas. News. Naujienos. Jaunumi. Uudised.\" \/>\n<meta property=\"og:url\" content=\"https:\/\/www.cobalt.legal\/et\/news-cases\/valitsusele-esitatud-jaatmereform-suurendaks-omavalitsuste-oiguseid-ja-kohustusi-jaatmevaldkonnas\/\" \/>\n<meta property=\"og:site_name\" content=\"COBALT\" \/>\n<meta property=\"article:publisher\" content=\"https:\/\/www.facebook.com\/CobaltLegal\/\" \/>\n<meta property=\"article:published_time\" content=\"2025-04-22T10:02:55+00:00\" \/>\n<meta property=\"article:modified_time\" content=\"2025-10-13T10:18:50+00:00\" \/>\n<meta property=\"og:image\" content=\"https:\/\/www.cobalt.legal\/wp-content\/uploads\/2025\/04\/waste.jpg\" \/>\n\t<meta property=\"og:image:width\" content=\"2560\" \/>\n\t<meta property=\"og:image:height\" content=\"1920\" \/>\n\t<meta property=\"og:image:type\" content=\"image\/jpeg\" \/>\n<meta name=\"author\" content=\"Kadri-Ann Adra\" \/>\n<meta name=\"twitter:card\" content=\"summary_large_image\" \/>\n<meta name=\"twitter:label1\" content=\"Written by\" \/>\n\t<meta name=\"twitter:data1\" content=\"Kadri-Ann Adra\" \/>\n\t<meta name=\"twitter:label2\" content=\"Est. reading time\" \/>\n\t<meta name=\"twitter:data2\" content=\"2 minutes\" \/>\n<script type=\"application\/ld+json\" class=\"yoast-schema-graph\">{\"@context\":\"https:\\\/\\\/schema.org\",\"@graph\":[{\"@type\":\"Article\",\"@id\":\"https:\\\/\\\/www.cobalt.legal\\\/et\\\/news-cases\\\/valitsusele-esitatud-jaatmereform-suurendaks-omavalitsuste-oiguseid-ja-kohustusi-jaatmevaldkonnas\\\/#article\",\"isPartOf\":{\"@id\":\"https:\\\/\\\/www.cobalt.legal\\\/et\\\/news-cases\\\/valitsusele-esitatud-jaatmereform-suurendaks-omavalitsuste-oiguseid-ja-kohustusi-jaatmevaldkonnas\\\/\"},\"author\":{\"name\":\"Kadri-Ann Adra\",\"@id\":\"https:\\\/\\\/www.cobalt.legal\\\/et\\\/#\\\/schema\\\/person\\\/fef440fdd5c3649bfa4657abc1baa803\"},\"headline\":\"Valitsusele esitatud j\u00e4\u00e4tmereform suurendaks omavalitsuste \u00f5iguseid ja kohustusi j\u00e4\u00e4tmevaldkonnas\",\"datePublished\":\"2025-04-22T10:02:55+00:00\",\"dateModified\":\"2025-10-13T10:18:50+00:00\",\"mainEntityOfPage\":{\"@id\":\"https:\\\/\\\/www.cobalt.legal\\\/et\\\/news-cases\\\/valitsusele-esitatud-jaatmereform-suurendaks-omavalitsuste-oiguseid-ja-kohustusi-jaatmevaldkonnas\\\/\"},\"wordCount\":334,\"publisher\":{\"@id\":\"https:\\\/\\\/www.cobalt.legal\\\/et\\\/#organization\"},\"image\":{\"@id\":\"https:\\\/\\\/www.cobalt.legal\\\/et\\\/news-cases\\\/valitsusele-esitatud-jaatmereform-suurendaks-omavalitsuste-oiguseid-ja-kohustusi-jaatmevaldkonnas\\\/#primaryimage\"},\"thumbnailUrl\":\"https:\\\/\\\/www.cobalt.legal\\\/wp-content\\\/uploads\\\/2025\\\/04\\\/waste.jpg\",\"articleSection\":[\"Uncategorized @et\"],\"inLanguage\":\"et-EE\"},{\"@type\":\"WebPage\",\"@id\":\"https:\\\/\\\/www.cobalt.legal\\\/et\\\/news-cases\\\/valitsusele-esitatud-jaatmereform-suurendaks-omavalitsuste-oiguseid-ja-kohustusi-jaatmevaldkonnas\\\/\",\"url\":\"https:\\\/\\\/www.cobalt.legal\\\/et\\\/news-cases\\\/valitsusele-esitatud-jaatmereform-suurendaks-omavalitsuste-oiguseid-ja-kohustusi-jaatmevaldkonnas\\\/\",\"name\":\"Valitsusele esitatud j\u00e4\u00e4tmereform suurendaks omavalitsuste \u00f5iguseid ja kohustusi j\u00e4\u00e4tmevaldkonnas | COBALT\",\"isPartOf\":{\"@id\":\"https:\\\/\\\/www.cobalt.legal\\\/et\\\/#website\"},\"primaryImageOfPage\":{\"@id\":\"https:\\\/\\\/www.cobalt.legal\\\/et\\\/news-cases\\\/valitsusele-esitatud-jaatmereform-suurendaks-omavalitsuste-oiguseid-ja-kohustusi-jaatmevaldkonnas\\\/#primaryimage\"},\"image\":{\"@id\":\"https:\\\/\\\/www.cobalt.legal\\\/et\\\/news-cases\\\/valitsusele-esitatud-jaatmereform-suurendaks-omavalitsuste-oiguseid-ja-kohustusi-jaatmevaldkonnas\\\/#primaryimage\"},\"thumbnailUrl\":\"https:\\\/\\\/www.cobalt.legal\\\/wp-content\\\/uploads\\\/2025\\\/04\\\/waste.jpg\",\"datePublished\":\"2025-04-22T10:02:55+00:00\",\"dateModified\":\"2025-10-13T10:18:50+00:00\",\"description\":\"Valitsusele esitatud j\u00e4\u00e4tmereform suurendaks omavalitsuste \u00f5iguseid ja kohustusi j\u00e4\u00e4tmevaldkonnas. News. Naujienos. Jaunumi. Uudised.\",\"breadcrumb\":{\"@id\":\"https:\\\/\\\/www.cobalt.legal\\\/et\\\/news-cases\\\/valitsusele-esitatud-jaatmereform-suurendaks-omavalitsuste-oiguseid-ja-kohustusi-jaatmevaldkonnas\\\/#breadcrumb\"},\"inLanguage\":\"et-EE\",\"potentialAction\":[{\"@type\":\"ReadAction\",\"target\":[\"https:\\\/\\\/www.cobalt.legal\\\/et\\\/news-cases\\\/valitsusele-esitatud-jaatmereform-suurendaks-omavalitsuste-oiguseid-ja-kohustusi-jaatmevaldkonnas\\\/\"]}]},{\"@type\":\"ImageObject\",\"inLanguage\":\"et-EE\",\"@id\":\"https:\\\/\\\/www.cobalt.legal\\\/et\\\/news-cases\\\/valitsusele-esitatud-jaatmereform-suurendaks-omavalitsuste-oiguseid-ja-kohustusi-jaatmevaldkonnas\\\/#primaryimage\",\"url\":\"https:\\\/\\\/www.cobalt.legal\\\/wp-content\\\/uploads\\\/2025\\\/04\\\/waste.jpg\",\"contentUrl\":\"https:\\\/\\\/www.cobalt.legal\\\/wp-content\\\/uploads\\\/2025\\\/04\\\/waste.jpg\",\"width\":2560,\"height\":1920},{\"@type\":\"BreadcrumbList\",\"@id\":\"https:\\\/\\\/www.cobalt.legal\\\/et\\\/news-cases\\\/valitsusele-esitatud-jaatmereform-suurendaks-omavalitsuste-oiguseid-ja-kohustusi-jaatmevaldkonnas\\\/#breadcrumb\",\"itemListElement\":[{\"@type\":\"ListItem\",\"position\":1,\"name\":\"Home\",\"item\":\"https:\\\/\\\/www.cobalt.legal\\\/et\\\/\"},{\"@type\":\"ListItem\",\"position\":2,\"name\":\"Valitsusele esitatud j\u00e4\u00e4tmereform suurendaks omavalitsuste \u00f5iguseid ja kohustusi j\u00e4\u00e4tmevaldkonnas\"}]},{\"@type\":\"WebSite\",\"@id\":\"https:\\\/\\\/www.cobalt.legal\\\/et\\\/#website\",\"url\":\"https:\\\/\\\/www.cobalt.legal\\\/et\\\/\",\"name\":\"COBALT\",\"description\":\"Top-tier law services in Estonia, Latvia and Lithuania\",\"publisher\":{\"@id\":\"https:\\\/\\\/www.cobalt.legal\\\/et\\\/#organization\"},\"potentialAction\":[{\"@type\":\"SearchAction\",\"target\":{\"@type\":\"EntryPoint\",\"urlTemplate\":\"https:\\\/\\\/www.cobalt.legal\\\/et\\\/?s={search_term_string}\"},\"query-input\":{\"@type\":\"PropertyValueSpecification\",\"valueRequired\":true,\"valueName\":\"search_term_string\"}}],\"inLanguage\":\"et-EE\"},{\"@type\":\"Organization\",\"@id\":\"https:\\\/\\\/www.cobalt.legal\\\/et\\\/#organization\",\"name\":\"COBALT\",\"url\":\"https:\\\/\\\/www.cobalt.legal\\\/et\\\/\",\"logo\":{\"@type\":\"ImageObject\",\"inLanguage\":\"et-EE\",\"@id\":\"https:\\\/\\\/www.cobalt.legal\\\/et\\\/#\\\/schema\\\/logo\\\/image\\\/\",\"url\":\"https:\\\/\\\/www.cobalt.legal\\\/wp-content\\\/uploads\\\/2023\\\/04\\\/cobalt-logo.png\",\"contentUrl\":\"https:\\\/\\\/www.cobalt.legal\\\/wp-content\\\/uploads\\\/2023\\\/04\\\/cobalt-logo.png\",\"width\":400,\"height\":116,\"caption\":\"COBALT\"},\"image\":{\"@id\":\"https:\\\/\\\/www.cobalt.legal\\\/et\\\/#\\\/schema\\\/logo\\\/image\\\/\"},\"sameAs\":[\"https:\\\/\\\/www.facebook.com\\\/CobaltLegal\\\/\"]},{\"@type\":\"Person\",\"@id\":\"https:\\\/\\\/www.cobalt.legal\\\/et\\\/#\\\/schema\\\/person\\\/fef440fdd5c3649bfa4657abc1baa803\",\"name\":\"Kadri-Ann Adra\",\"url\":\"https:\\\/\\\/www.cobalt.legal\\\/et\\\/author\\\/kadriann\\\/\"}]}<\/script>\n<!-- \/ Yoast SEO plugin. -->","yoast_head_json":{"title":"Valitsusele esitatud j\u00e4\u00e4tmereform suurendaks omavalitsuste \u00f5iguseid ja kohustusi j\u00e4\u00e4tmevaldkonnas | COBALT","description":"Valitsusele esitatud j\u00e4\u00e4tmereform suurendaks omavalitsuste \u00f5iguseid ja kohustusi j\u00e4\u00e4tmevaldkonnas. News. Naujienos. Jaunumi. Uudised.","robots":{"index":"index","follow":"follow","max-snippet":"max-snippet:-1","max-image-preview":"max-image-preview:large","max-video-preview":"max-video-preview:-1"},"canonical":"https:\/\/www.cobalt.legal\/et\/news-cases\/valitsusele-esitatud-jaatmereform-suurendaks-omavalitsuste-oiguseid-ja-kohustusi-jaatmevaldkonnas\/","og_locale":"et_EE","og_type":"article","og_title":"Valitsusele esitatud j\u00e4\u00e4tmereform suurendaks omavalitsuste \u00f5iguseid ja kohustusi j\u00e4\u00e4tmevaldkonnas | COBALT","og_description":"Valitsusele esitatud j\u00e4\u00e4tmereform suurendaks omavalitsuste \u00f5iguseid ja kohustusi j\u00e4\u00e4tmevaldkonnas. News. Naujienos. Jaunumi. Uudised.","og_url":"https:\/\/www.cobalt.legal\/et\/news-cases\/valitsusele-esitatud-jaatmereform-suurendaks-omavalitsuste-oiguseid-ja-kohustusi-jaatmevaldkonnas\/","og_site_name":"COBALT","article_publisher":"https:\/\/www.facebook.com\/CobaltLegal\/","article_published_time":"2025-04-22T10:02:55+00:00","article_modified_time":"2025-10-13T10:18:50+00:00","og_image":[{"width":2560,"height":1920,"url":"https:\/\/www.cobalt.legal\/wp-content\/uploads\/2025\/04\/waste.jpg","type":"image\/jpeg"}],"author":"Kadri-Ann Adra","twitter_card":"summary_large_image","twitter_misc":{"Written by":"Kadri-Ann Adra","Est. reading time":"2 minutes"},"schema":{"@context":"https:\/\/schema.org","@graph":[{"@type":"Article","@id":"https:\/\/www.cobalt.legal\/et\/news-cases\/valitsusele-esitatud-jaatmereform-suurendaks-omavalitsuste-oiguseid-ja-kohustusi-jaatmevaldkonnas\/#article","isPartOf":{"@id":"https:\/\/www.cobalt.legal\/et\/news-cases\/valitsusele-esitatud-jaatmereform-suurendaks-omavalitsuste-oiguseid-ja-kohustusi-jaatmevaldkonnas\/"},"author":{"name":"Kadri-Ann Adra","@id":"https:\/\/www.cobalt.legal\/et\/#\/schema\/person\/fef440fdd5c3649bfa4657abc1baa803"},"headline":"Valitsusele esitatud j\u00e4\u00e4tmereform suurendaks omavalitsuste \u00f5iguseid ja kohustusi j\u00e4\u00e4tmevaldkonnas","datePublished":"2025-04-22T10:02:55+00:00","dateModified":"2025-10-13T10:18:50+00:00","mainEntityOfPage":{"@id":"https:\/\/www.cobalt.legal\/et\/news-cases\/valitsusele-esitatud-jaatmereform-suurendaks-omavalitsuste-oiguseid-ja-kohustusi-jaatmevaldkonnas\/"},"wordCount":334,"publisher":{"@id":"https:\/\/www.cobalt.legal\/et\/#organization"},"image":{"@id":"https:\/\/www.cobalt.legal\/et\/news-cases\/valitsusele-esitatud-jaatmereform-suurendaks-omavalitsuste-oiguseid-ja-kohustusi-jaatmevaldkonnas\/#primaryimage"},"thumbnailUrl":"https:\/\/www.cobalt.legal\/wp-content\/uploads\/2025\/04\/waste.jpg","articleSection":["Uncategorized @et"],"inLanguage":"et-EE"},{"@type":"WebPage","@id":"https:\/\/www.cobalt.legal\/et\/news-cases\/valitsusele-esitatud-jaatmereform-suurendaks-omavalitsuste-oiguseid-ja-kohustusi-jaatmevaldkonnas\/","url":"https:\/\/www.cobalt.legal\/et\/news-cases\/valitsusele-esitatud-jaatmereform-suurendaks-omavalitsuste-oiguseid-ja-kohustusi-jaatmevaldkonnas\/","name":"Valitsusele esitatud j\u00e4\u00e4tmereform suurendaks omavalitsuste \u00f5iguseid ja kohustusi j\u00e4\u00e4tmevaldkonnas | COBALT","isPartOf":{"@id":"https:\/\/www.cobalt.legal\/et\/#website"},"primaryImageOfPage":{"@id":"https:\/\/www.cobalt.legal\/et\/news-cases\/valitsusele-esitatud-jaatmereform-suurendaks-omavalitsuste-oiguseid-ja-kohustusi-jaatmevaldkonnas\/#primaryimage"},"image":{"@id":"https:\/\/www.cobalt.legal\/et\/news-cases\/valitsusele-esitatud-jaatmereform-suurendaks-omavalitsuste-oiguseid-ja-kohustusi-jaatmevaldkonnas\/#primaryimage"},"thumbnailUrl":"https:\/\/www.cobalt.legal\/wp-content\/uploads\/2025\/04\/waste.jpg","datePublished":"2025-04-22T10:02:55+00:00","dateModified":"2025-10-13T10:18:50+00:00","description":"Valitsusele esitatud j\u00e4\u00e4tmereform suurendaks omavalitsuste \u00f5iguseid ja kohustusi j\u00e4\u00e4tmevaldkonnas. News. Naujienos. Jaunumi. Uudised.","breadcrumb":{"@id":"https:\/\/www.cobalt.legal\/et\/news-cases\/valitsusele-esitatud-jaatmereform-suurendaks-omavalitsuste-oiguseid-ja-kohustusi-jaatmevaldkonnas\/#breadcrumb"},"inLanguage":"et-EE","potentialAction":[{"@type":"ReadAction","target":["https:\/\/www.cobalt.legal\/et\/news-cases\/valitsusele-esitatud-jaatmereform-suurendaks-omavalitsuste-oiguseid-ja-kohustusi-jaatmevaldkonnas\/"]}]},{"@type":"ImageObject","inLanguage":"et-EE","@id":"https:\/\/www.cobalt.legal\/et\/news-cases\/valitsusele-esitatud-jaatmereform-suurendaks-omavalitsuste-oiguseid-ja-kohustusi-jaatmevaldkonnas\/#primaryimage","url":"https:\/\/www.cobalt.legal\/wp-content\/uploads\/2025\/04\/waste.jpg","contentUrl":"https:\/\/www.cobalt.legal\/wp-content\/uploads\/2025\/04\/waste.jpg","width":2560,"height":1920},{"@type":"BreadcrumbList","@id":"https:\/\/www.cobalt.legal\/et\/news-cases\/valitsusele-esitatud-jaatmereform-suurendaks-omavalitsuste-oiguseid-ja-kohustusi-jaatmevaldkonnas\/#breadcrumb","itemListElement":[{"@type":"ListItem","position":1,"name":"Home","item":"https:\/\/www.cobalt.legal\/et\/"},{"@type":"ListItem","position":2,"name":"Valitsusele esitatud j\u00e4\u00e4tmereform suurendaks omavalitsuste \u00f5iguseid ja kohustusi j\u00e4\u00e4tmevaldkonnas"}]},{"@type":"WebSite","@id":"https:\/\/www.cobalt.legal\/et\/#website","url":"https:\/\/www.cobalt.legal\/et\/","name":"COBALT","description":"Top-tier law services in Estonia, Latvia and Lithuania","publisher":{"@id":"https:\/\/www.cobalt.legal\/et\/#organization"},"potentialAction":[{"@type":"SearchAction","target":{"@type":"EntryPoint","urlTemplate":"https:\/\/www.cobalt.legal\/et\/?s={search_term_string}"},"query-input":{"@type":"PropertyValueSpecification","valueRequired":true,"valueName":"search_term_string"}}],"inLanguage":"et-EE"},{"@type":"Organization","@id":"https:\/\/www.cobalt.legal\/et\/#organization","name":"COBALT","url":"https:\/\/www.cobalt.legal\/et\/","logo":{"@type":"ImageObject","inLanguage":"et-EE","@id":"https:\/\/www.cobalt.legal\/et\/#\/schema\/logo\/image\/","url":"https:\/\/www.cobalt.legal\/wp-content\/uploads\/2023\/04\/cobalt-logo.png","contentUrl":"https:\/\/www.cobalt.legal\/wp-content\/uploads\/2023\/04\/cobalt-logo.png","width":400,"height":116,"caption":"COBALT"},"image":{"@id":"https:\/\/www.cobalt.legal\/et\/#\/schema\/logo\/image\/"},"sameAs":["https:\/\/www.facebook.com\/CobaltLegal\/"]},{"@type":"Person","@id":"https:\/\/www.cobalt.legal\/et\/#\/schema\/person\/fef440fdd5c3649bfa4657abc1baa803","name":"Kadri-Ann Adra","url":"https:\/\/www.cobalt.legal\/et\/author\/kadriann\/"}]}},"_links":{"self":[{"href":"https:\/\/www.cobalt.legal\/et\/wp-json\/wp\/v2\/posts\/44348","targetHints":{"allow":["GET"]}}],"collection":[{"href":"https:\/\/www.cobalt.legal\/et\/wp-json\/wp\/v2\/posts"}],"about":[{"href":"https:\/\/www.cobalt.legal\/et\/wp-json\/wp\/v2\/types\/post"}],"author":[{"embeddable":true,"href":"https:\/\/www.cobalt.legal\/et\/wp-json\/wp\/v2\/users\/14"}],"replies":[{"embeddable":true,"href":"https:\/\/www.cobalt.legal\/et\/wp-json\/wp\/v2\/comments?post=44348"}],"version-history":[{"count":2,"href":"https:\/\/www.cobalt.legal\/et\/wp-json\/wp\/v2\/posts\/44348\/revisions"}],"predecessor-version":[{"id":48459,"href":"https:\/\/www.cobalt.legal\/et\/wp-json\/wp\/v2\/posts\/44348\/revisions\/48459"}],"wp:featuredmedia":[{"embeddable":true,"href":"https:\/\/www.cobalt.legal\/et\/wp-json\/wp\/v2\/media\/44688"}],"wp:attachment":[{"href":"https:\/\/www.cobalt.legal\/et\/wp-json\/wp\/v2\/media?parent=44348"}],"wp:term":[{"taxonomy":"category","embeddable":true,"href":"https:\/\/www.cobalt.legal\/et\/wp-json\/wp\/v2\/categories?post=44348"},{"taxonomy":"country","embeddable":true,"href":"https:\/\/www.cobalt.legal\/et\/wp-json\/wp\/v2\/country?post=44348"}],"curies":[{"name":"wp","href":"https:\/\/api.w.org\/{rel}","templated":true}]}}