{"id":17617,"date":"2023-07-22T11:41:28","date_gmt":"2023-07-22T08:41:28","guid":{"rendered":"https:\/\/stage.www.cobalt.legal\/?p=17617"},"modified":"2026-01-16T20:07:56","modified_gmt":"2026-01-16T18:07:56","slug":"zaliosios-energetikos-lygtis-arba-kaip-sumazinti-elektros-kainas","status":"publish","type":"post","link":"https:\/\/www.cobalt.legal\/lt\/news-cases\/zaliosios-energetikos-lygtis-arba-kaip-sumazinti-elektros-kainas\/","title":{"rendered":"\u017daliosios energetikos lygtis arba kaip suma\u017einti elektros kainas"},"content":{"rendered":"<p style=\"text-align: justify;\"><strong>Nors elektros kainos ir taip yra rekordin\u0117se auk\u0161tumose, jos dar gali augti, persp\u0117ja politikai ir energetikos ekspertai.<\/strong><\/p>\n<p style=\"text-align: justify;\">\u0160i\u0173 met\u0173 rugpj\u016b\u010dio 17 d. nuo keli\u0173 \u0161imt\u0173 eur\u0173 iki maksimalios ribos \u2013 4 t\u016bkst. Eur u\u017e megavatvaland\u0119 (MWh) \u2013 per nakt\u012f \u0161oktel\u0117jusi elektros kaina vos nesuk\u0117l\u0117 infarkto pramonininkams ir energetikos ministrui Dainiui Kreiviui. Jis rugpj\u016b\u010dio 17-\u0105j\u0105 pavadino \u201ebaisiausia diena Lietuvos elektros energetikos istorijoje\u201c. Visgi, pana\u0161u, reik\u0117t\u0173 sakyti \u201ebaisiausia kol kas\u201c.<\/p>\n<p style=\"text-align: justify;\">Min\u0117t\u0105,\u00a04 t\u016bkst, Eur rib\u0105 t\u0105 lemting\u0105 dien\u0105 nustat\u0117\u00a0bir\u017eos prekybos kompiuterin\u0117 sistema, kad kaina, tr\u016bkstant pasi\u016blos, neaugt\u0173 iki begalyb\u0117s.<\/p>\n<p style=\"text-align: justify;\">Ma\u017ea to, Prezident\u016bra neseniai paskelb\u0117 preliminarius Vyriausyb\u0117s skai\u010diavimus, kad duj\u0173 ir elektros kainos gyventojams 2023 metais gal\u0117t\u0173 did\u0117ti du kartus po 40%, o skirtum\u0105 iki rinkos kain\u0173 jiems kompensuot\u0173 valstyb\u0117.<\/p>\n<p style=\"text-align: justify;\">Tiesa, premjer\u0117 sako, kad min\u0117ti skai\u010diavimai n\u0117ra prognoz\u0117. Prezident\u016bros \u012fvardyti skai\u010diai yra tik viena i\u0161 galim\u0173 alternatyv\u0173. Vyriausyb\u0117, anot jos, n\u0117ra \u012fvardijusi jokio konkretaus \u201eplano\u201c. O pluo\u0161tas visoki\u0173 skai\u010diavim\u0173 reikalingas tam, kad b\u016bt\u0173 bent apytiksliai suvokiamas kompensacijoms reikaling\u0173 l\u0117\u0161\u0173 poreikis prie skirting\u0173 rinkos kain\u0173.<\/p>\n<p style=\"text-align: justify;\">&#8222;Akivaizdu, kad energijos kain\u0173 \u0161uoliai i\u0161lieka aktualija, slegianti verslo ir gyventoj\u0173 pe\u010dius. Nors ir esame \u0160iaur\u0117s regiono dalis, kuri\u0173 \u017eiema ir \u0161al\u010diai nestebina, ta\u010diau art\u0117jantis \u0161altasis sezonas gali b\u016bti kiek kitoks, nei iki \u0161iol esame prat\u0119\u201c, &#8211; sako COBALT vyresnysis teisininkas Ignas Jurkynas.<\/p>\n<p style=\"text-align: justify;\">Anot jo, did\u017eiul\u0117 kaina bir\u017eoje susiformavo, nes paklausa neatitiko pasi\u016blos. Rinkoje tam tikru metu tiesiog pritr\u016bko elektros paj\u0117gum\u0173, kurie gal\u0117t\u0173 staiga patenkinti vartojim\u0105.<\/p>\n<p style=\"text-align: justify;\">Susiklost\u0117 ir nepalankios objektyvios aplinkyb\u0117s. Vasar\u0105 ne vienoje \u0161alyje buvo remontuojamos elektrin\u0117s arba elektros tinklai. \u0160tai, pranc\u016bzai buvo kuriam laikui u\u017edar\u0119 did\u017ei\u0105j\u0105 dal\u012f atomini\u0173 elektrini\u0173. O estai, kaip ir kasmet, remontavo jungt\u012f su Latvija. Ribojimai ties Latvijos ir Estijos siena es\u0105 b\u016btini norint tinkamai pasiruo\u0161ti Baltijos \u0161ali\u0173 atjungimui nuo BRELL \u017eiedo ir m\u016bs\u0173 sistem\u0173 sinchronizacijai su \u017eemynine Europa.<\/p>\n<p style=\"text-align: justify;\">Prisid\u0117jo ir tai, kad elektros kaina bir\u017eoje apskai\u010diuojama pagal paties brangiausio tiek\u0117jo pasi\u016blym\u0105. Kitaip sakant, netgi pigesn\u0119 elektr\u0105 generuojan\u010dios ir pigiau j\u0105 parduoti galin\u010dios j\u0117gain\u0117s elektr\u0105 parduoda u\u017e did\u017eiausi\u0105 pasi\u016blyt\u0105 kain\u0105.<\/p>\n<p style=\"text-align: justify;\"><strong>Atsinaujinan\u010di\u0173 i\u0161tekli\u0173 pl\u0117tra<\/strong><\/p>\n<p style=\"text-align: justify;\">\u201eBrangi\u0105 elektr\u0105 m\u016bs\u0173 regione, be kita ko, lemia ir auk\u0161tos duj\u0173 kainos. O konkre\u010diai Lietuvoje \u2013 ir per ma\u017ea vietin\u0117s, ypatingai \u017ealiosios, energijos generacija. Nat\u016bralu, kad esant didelei paklausai bei nepakankamai pasi\u016blai, energijos kaina stiebiasi nereg\u0117tais mastais\u201c, &#8211; teigia I. Jurkynas.<\/p>\n<p style=\"text-align: justify;\">Anot jo, pavasar\u012f priimtas \u201eProver\u017eio paketas\u201c, nors ir \u012fved\u0117 tam tikr\u0173 reguliavimo palengvinim\u0173, esmin\u0117 administracin\u0117, mokestin\u0117 ir kita na\u0161ta v\u0117jo energetikai nepanaikinta, o saul\u0117s energetikai dar ir nustatyta 2 GW riba. \u012e j\u0105 yra \u0161iuo metu yra atsir\u0117m\u0119 daugiau nei milijard\u0105 eur\u0173 investuoti pasireng\u0119 projekt\u0173 pl\u0117totojai.<\/p>\n<p style=\"text-align: justify;\">Apie tai dar pra\u0117jus\u012f m\u0117nes\u012f prabilo atsinaujinan\u010dios energetikos \u012fmoni\u0173 atstovai.<\/p>\n<p style=\"text-align: justify;\">Lietuvos atsinaujinan\u010di\u0173 i\u0161tekli\u0173 energetikos konfederacija, Lietuvos v\u0117jo elektrini\u0173 asociacija ir Lietuvos saul\u0117s energetikos asociacija jungtiniu lai\u0161ku kreip\u0117si \u012f LR Prezident\u0105, energetikos ministr\u0105, Valstybin\u0117s kain\u0173 ir energetikos kontrol\u0117s komisij\u0105 ir Seimo Energetikos ir darnios pl\u0117tros komisij\u0105 pra\u0161ydami spr\u0119sti \u0161i\u0105 problem\u0105.<\/p>\n<p style=\"text-align: justify;\">\u201eTaip ilgai lauktas ir daug vil\u010di\u0173 \u017ead\u0117j\u0119s \u201eProver\u017eio paketas\u201c kol kas toli gra\u017eu nepateisina vis\u0173 \u012f j\u012f \u012fd\u0117t\u0173 vil\u010di\u0173, \u2013 sako Lietuvos atsinaujinan\u010di\u0173 i\u0161tekli\u0173 energetikos konfederacijos Prezidentas Martynas Nagevi\u010dius. \u2013 V\u0117jo elektrini\u0173 park\u0173 pl\u0117tojimas i\u0161liko pana\u0161iai komplikuotas, koks buvo ir iki \u0161iol, o su did\u017eiausiomis problemomis susid\u016br\u0117 did\u017ei\u0173j\u0173 saul\u0117s elektrini\u0173, jungiam\u0173 prie elektros perdavimo tinkl\u0173, pl\u0117totojai. \u0160ioje konkre\u010dioje srityje, pri\u0117mus \u201eProver\u017eio paket\u0105\u201c, rinka deja ne atsigavo, ne nauj\u0105 pagreit\u012f \u012fgijo, o susid\u016br\u0117 su naujais apribojimais, leidim\u0173 nutraukimais ir at\u0161aukimais, naujais tyrimais ir patikrinimais.\u201c<\/p>\n<p style=\"text-align: justify;\">Anot jo, i\u0161 esm\u0117s hibridini\u0173 elektrini\u0173 koncepcija buvo nu\u017eudyta, vos buvo patvirtinta \u201eProver\u017eio pakete\u201c, nes hibridini\u0173 elektrini\u0173, kuri\u0173 dauguma tur\u0117t\u0173 b\u016bti jungiama prie elektros perdavimo tinklo, planavimas tapo nebegalimas.<\/p>\n<p style=\"text-align: justify;\">\u201eK\u0105 ir kalb\u0117ti apie galios ribojim\u0105 \u2013 tokia logika stabdo atsinaujinan\u010diosios energetikos pl\u0117tr\u0105 Lietuvoje. Vyriausyb\u0117s programoje numatyti 2 GW saul\u0117s energetikai yra minimalus tikslas, o ne maksimalios \u201elubos\u201c, kaip dabar \u012fra\u0161yta \u012fstatyme. Energetikos ministerija artimiausiu metu \u017eada pasi\u016blyti\u00a0 i\u0161eiti i\u0161 \u0161ios situacijos, bet mes jau nebesugr\u0105\u017einsime ma\u017eiausiai dviej\u0173 m\u0117nesi\u0173, per kuriuos buvo sustabdytos visos investicijos \u012f did\u017ei\u0173j\u0173 saul\u0117s elektrini\u0173 statyb\u0105. Ir apmaudu, kad tai dar vis t\u0119siasi \u2013 paties energetinio karo \u012fkar\u0161\u010dio pike\u201c, &#8211; teigia M. Nagevi\u010dius.<\/p>\n<p style=\"text-align: justify;\">Seimas liepos prad\u017eioje apribojo maksimali\u0105 komercini\u0173 saul\u0117s j\u0117gaini\u0173 projekt\u0173 gali\u0105. Tai padaryta es\u0105 siekiant, kad elektros tinklo pralaidum\u0173 pakakt\u0173 tiek verslui, tiek gaminantiems vartotojams, tiek kit\u0173 atsinaujinan\u010dios energetikos i\u0161tekli\u0173 naudotojams.<\/p>\n<p style=\"text-align: justify;\">Bet saul\u0117s energetikos projekt\u0173 vystytojai nepatenkinti. Juoba kad yra gerokai daugiau norin\u010di\u0173 statyti elektrines, nei dabar leid\u017eiama \u012fstatymu. Skai\u010diuojama, kad verslas yra pateik\u0119s parai\u0161k\u0173 rezervuoti 5 GW galios.<\/p>\n<p style=\"text-align: justify;\">Ma\u017ea to, Valstybin\u0117 energetikos reguliavimo taryba (VERT) \u0117m\u0117si tikrinti, ar teis\u0117tai buvo i\u0161duoti leidimai prijungti komercinius saul\u0117s projektus prie tinklo ir ar pagr\u012fstai rezervuotos j\u0173 galios. VERT taip pat papra\u0161\u0117 \u201eLitgrid\u201c ir Energijos skirstymo operatoriaus (ESO) laikinai nei\u0161duoti prijungimo s\u0105lyg\u0173, nepasira\u0161yti ketinim\u0173 protokol\u0173 rezervuoti galias. D\u0117l to saul\u0117s energetikos projekt\u0173 vystymas sustojo.<\/p>\n<p style=\"text-align: justify;\">VERT sako, kad prad\u0117jus ai\u0161kintis \u0161i\u0173 projekt\u0173 \u012fgyvendinimo galimybes, dalis vystytoj\u0173 patys atsi\u0117m\u0117 pra\u0161ymus rezervuoti galias. Be to, paai\u0161k\u0117jo, kad dalis j\u0173 net negav\u0119 savivaldybi\u0173 leidim\u0173 jau buvo pasira\u0161\u0119 sklyp\u0173 nuomos sutartis arba sutar\u010di\u0173 trukm\u0117 siek\u0117 vos kelet\u0105 m\u0117nesi\u0173. \u0160iame kontekste I. Jurkynas pastebi, kad Valstybin\u0117 energetikos reguliavimo taryba (VERT), vykdydama \u0161iuos patikrinimus d\u0117l sunkiai suvokiam\u0173 prie\u017eas\u010di\u0173 \u0117m\u0117si atsijoti dal\u012f potenciali\u0173 (reali\u0173 ketinim\u0173 turin\u010di\u0173!) pl\u0117totoj\u0173 bei pareng\u0117 nutarimo projekt\u0105, kuriuo siekiama atgaline tvarka \u012fvesti naujus, jokio \u012fstatyminio pagrindo neturin\u010dius, kriterijus projekt\u0173 pl\u0117totojams, tokiu b\u016bdu, kaip min\u0117ta, sustabdant realius ketinimus investuoti itin reik\u0161mingas sumas.<\/p>\n<p style=\"text-align: justify;\"><strong>K\u0105 galima padaryti?<\/strong><\/p>\n<p style=\"text-align: justify;\">Teis\u0117s patar\u0117j\u0173 po\u017ei\u016briu, norint esmini\u0173 pasikeitim\u0173 ir tikrojo \u017ealiosios energetikos prover\u017eio, 2 GW riba turi b\u016bti kuo skubiau panaikinta, o investicin\u0117 aplinka turi dar labiau ger\u0117ti:<\/p>\n<p style=\"text-align: justify;\">\u201eMokes\u010diai \u2013 NT apmokestinimo tarifas skiriasi nuo savivaldybi\u0173. Jei teks mok\u0117ti ir didelius NT mokes\u010dius, ir gamybos mokest\u012f vietos seni\u016bnijoms, tuomet apmokestinimas bus bene did\u017eiausias Europoje\u201c, &#8211; pastebi COBALT ekspertas.<\/p>\n<p style=\"text-align: justify;\">Jis primena ir apie kariuomen\u0117s \u017eem\u0117lap\u012f, apibr\u0117\u017eiant\u012f v\u0117jo elektrini\u0173 statybos ribas.<\/p>\n<p style=\"text-align: justify;\">\u201eJis buvo patvirtintas 2016 m. vasar\u012f. Ar jis aktualus? Ar papildomos investicijos negali siaurinti raudon\u0173 zon\u0173? Ar atliktos investicijos \u201enepravalo\u201c gelton\u0173 zon\u0173?\u201c, &#8211; svarsto teisininkas I. Jurkynas.<\/p>\n<p style=\"text-align: justify;\">Anot jo, Europos politikai turi ir kit\u0173 min\u010di\u0173. Vieni si\u016blo riboti ir perskirstyti energetikos \u012fmoni\u0173 pelnus. Kiti kalba apie min\u0117tus elektros bir\u017e\u0173 tr\u016bkumus (kain\u0173 nustatym\u0105 pagal brangiausi\u0105 pasi\u016blym\u0105) ir si\u016blo jas adaptuoti prie pasikeitusi\u0173 aplinkybi\u0173.<\/p>\n<p style=\"text-align: justify;\">Tiesa, ribin\u0117 kainodara n\u0117ra unikali. Pagal j\u0105 nustatomos ir \u017ealiav\u0173 kainos: nafta, duj\u0173, vario, pieno, ir kt. Tad vienintel\u0117 i\u0161eitis gal\u0117t\u0173 b\u016bti elektros kainos atsiejimas nuo duj\u0173, kurios naudojamos elektrai gaminti.<\/p>\n<p style=\"text-align: justify;\">\u201e\u017dinoma, be palanki\u0173 s\u0105lyg\u0173 generacijos paj\u0117gum\u0173 pl\u0117trai, nereikia pamir\u0161ti, kad be pigiausia energija \u2013 nesuvartota energija\u201c, &#8211; teigia I. Jurkynas.<\/p>\n<p style=\"text-align: justify;\">Dar viena i\u0161 priemoni\u0173, leid\u017eian\u010di\u0173 sutaupyti energijos ka\u0161tus yra paklausos telkimas.<\/p>\n<p style=\"text-align: justify;\">\u201eNors tai dar daug kam yra nauja, Lietuvos reguliavimas numato Elektros energijos paklausos telkimo paslaug\u0105. Tai modelis, kuomet vartotoj\u0173 elektros energijos paklausa ir pasi\u016bla (gamyba) yra tiesiogiai suderinamos, siekiant nesuvartotos arba pagamintos elektros energijos kiek\u012f ir (ar) nesuvartot\u0105 arba patiekt\u0105 gali\u0105 parduoti, pirkti arba pateikti aukcionui\u201c, &#8211; kalba teisininkas.<\/p>\n<p style=\"text-align: justify;\">Paprastai tariant, taikant \u0161\u012f model\u012f, trumpam suma\u017einus vartojim\u0105, vartotojams u\u017e tai yra mokamos reik\u0161mingos pajamos. Tai naudinga, nes atitinkamai pagal rinkos\u00a0 poreikius pritaikytas ar pakoreguotas elektros suvartojimas padeda palaikyti stabil\u0173 elektros da\u017en\u012f tinkluose.<\/p>\n<p style=\"text-align: justify;\">\u201eEnergetini\u0173 i\u0161tekli\u0173 kainoms pakilus \u012f nematytas auk\u0161tumas, svarbu pasteb\u0117ti, kad vartojimo \u012fpro\u010di\u0173 pritaikymas prie rinkos s\u0105lyg\u0173 gali lemti reik\u0161mingai ma\u017eesnes s\u0105naudas energetikos i\u0161tekliams. Gali nuskamb\u0117ti paradoksaliai, ta\u010diau papildomas pajamas tam tikrais atvejais gali atne\u0161ti ne tik energijos vartojimo suma\u017einimas, bet ir papildomas elektros energijos suvartojimas\u201c, &#8211; teigia I. Jurkynas.<\/p>\n<p style=\"text-align: justify;\">Anot jo, VERT skai\u010diavimu, pasinaudojant telk\u0117j\u0173 paslauga ir kei\u010diant vartojimo \u012fpro\u010dius per metus Lietuva gali sutaupyti apie 40-50 mln. eur\u0173.<\/p>\n<p style=\"text-align: justify;\">\u201eTai viena i\u0161 priemoni\u0173, kuri yra efektyvi ir nereikia dideli\u0173 investicij\u0173. Verslai, pasinaudoj\u0119 elektros energijos telkimo paslauga, gali u\u017edirbti papildom\u0173 pajam\u0173, sutaupyti, suma\u017einti CO2 i\u0161metim\u0105, prisid\u0117ti prie energetikos sistemos stabilumo\u201c, &#8211; sako ekspertas.<\/p>\n<p style=\"text-align: justify;\">\n","protected":false},"excerpt":{"rendered":"<p>Nors elektros kainos ir taip yra rekordin\u0117se auk\u0161tumose, jos dar gali augti, persp\u0117ja politikai ir energetikos ekspertai. \u0160i\u0173 met\u0173 rugpj\u016b\u010dio 17 d. nuo keli\u0173 \u0161imt\u0173 eur\u0173 iki maksimalios ribos \u2013 4 t\u016bkst. Eur u\u017e megavatvaland\u0119 (MWh) \u2013 per nakt\u012f \u0161oktel\u0117jusi..<\/p>\n","protected":false},"author":6,"featured_media":49998,"comment_status":"closed","ping_status":"closed","sticky":false,"template":"","format":"standard","meta":{"_acf_changed":false,"inline_featured_image":false,"footnotes":""},"categories":[29],"country":[92],"class_list":["post-17617","post","type-post","status-publish","format-standard","has-post-thumbnail","hentry","category-uncategorized-lt","country-lithuania-lt"],"acf":[],"yoast_head":"<!-- This site is optimized with the Yoast SEO plugin v27.3 - https:\/\/yoast.com\/product\/yoast-seo-wordpress\/ -->\n<title>\u017daliosios energetikos lygtis arba kaip suma\u017einti elektros kainas | COBALT<\/title>\n<meta name=\"description\" content=\"\u017daliosios energetikos lygtis arba kaip suma\u017einti elektros kainas. News. Naujienos. Jaunumi. Uudised.\" \/>\n<meta name=\"robots\" content=\"index, follow, max-snippet:-1, max-image-preview:large, max-video-preview:-1\" \/>\n<link rel=\"canonical\" href=\"https:\/\/www.cobalt.legal\/lt\/news-cases\/zaliosios-energetikos-lygtis-arba-kaip-sumazinti-elektros-kainas\/\" \/>\n<meta property=\"og:locale\" content=\"lt_LT\" \/>\n<meta property=\"og:type\" content=\"article\" \/>\n<meta property=\"og:title\" content=\"\u017daliosios energetikos lygtis arba kaip suma\u017einti elektros kainas | COBALT\" \/>\n<meta property=\"og:description\" content=\"\u017daliosios energetikos lygtis arba kaip suma\u017einti elektros kainas. News. Naujienos. Jaunumi. Uudised.\" \/>\n<meta property=\"og:url\" content=\"https:\/\/www.cobalt.legal\/lt\/news-cases\/zaliosios-energetikos-lygtis-arba-kaip-sumazinti-elektros-kainas\/\" \/>\n<meta property=\"og:site_name\" content=\"COBALT\" \/>\n<meta property=\"article:publisher\" content=\"https:\/\/www.facebook.com\/CobaltLegal\/\" \/>\n<meta property=\"article:published_time\" content=\"2023-07-22T08:41:28+00:00\" \/>\n<meta property=\"article:modified_time\" content=\"2026-01-16T18:07:56+00:00\" \/>\n<meta property=\"og:image\" content=\"https:\/\/www.cobalt.legal\/wp-content\/uploads\/2023\/08\/abstract-6.jpg\" \/>\n\t<meta property=\"og:image:width\" content=\"1920\" \/>\n\t<meta property=\"og:image:height\" content=\"1536\" \/>\n\t<meta property=\"og:image:type\" content=\"image\/jpeg\" \/>\n<meta name=\"author\" content=\"Ilze Augstkalne\" \/>\n<meta name=\"twitter:card\" content=\"summary_large_image\" \/>\n<meta name=\"twitter:label1\" content=\"Written by\" \/>\n\t<meta name=\"twitter:data1\" content=\"Ilze Augstkalne\" \/>\n\t<meta name=\"twitter:label2\" content=\"Est. reading time\" \/>\n\t<meta name=\"twitter:data2\" content=\"6 minut\u0117s\" \/>\n<script type=\"application\/ld+json\" class=\"yoast-schema-graph\">{\"@context\":\"https:\\\/\\\/schema.org\",\"@graph\":[{\"@type\":\"Article\",\"@id\":\"https:\\\/\\\/www.cobalt.legal\\\/lt\\\/news-cases\\\/zaliosios-energetikos-lygtis-arba-kaip-sumazinti-elektros-kainas\\\/#article\",\"isPartOf\":{\"@id\":\"https:\\\/\\\/www.cobalt.legal\\\/lt\\\/news-cases\\\/zaliosios-energetikos-lygtis-arba-kaip-sumazinti-elektros-kainas\\\/\"},\"author\":{\"name\":\"Ilze Augstkalne\",\"@id\":\"https:\\\/\\\/www.cobalt.legal\\\/lt\\\/#\\\/schema\\\/person\\\/a96c052a2eba55b2f6b995c69436c3aa\"},\"headline\":\"\u017daliosios energetikos lygtis arba kaip suma\u017einti elektros kainas\",\"datePublished\":\"2023-07-22T08:41:28+00:00\",\"dateModified\":\"2026-01-16T18:07:56+00:00\",\"mainEntityOfPage\":{\"@id\":\"https:\\\/\\\/www.cobalt.legal\\\/lt\\\/news-cases\\\/zaliosios-energetikos-lygtis-arba-kaip-sumazinti-elektros-kainas\\\/\"},\"wordCount\":1452,\"publisher\":{\"@id\":\"https:\\\/\\\/www.cobalt.legal\\\/lt\\\/#organization\"},\"image\":{\"@id\":\"https:\\\/\\\/www.cobalt.legal\\\/lt\\\/news-cases\\\/zaliosios-energetikos-lygtis-arba-kaip-sumazinti-elektros-kainas\\\/#primaryimage\"},\"thumbnailUrl\":\"https:\\\/\\\/www.cobalt.legal\\\/wp-content\\\/uploads\\\/2023\\\/08\\\/abstract-6.jpg\",\"articleSection\":[\"Uncategorized @lt\"],\"inLanguage\":\"lt-LT\"},{\"@type\":\"WebPage\",\"@id\":\"https:\\\/\\\/www.cobalt.legal\\\/lt\\\/news-cases\\\/zaliosios-energetikos-lygtis-arba-kaip-sumazinti-elektros-kainas\\\/\",\"url\":\"https:\\\/\\\/www.cobalt.legal\\\/lt\\\/news-cases\\\/zaliosios-energetikos-lygtis-arba-kaip-sumazinti-elektros-kainas\\\/\",\"name\":\"\u017daliosios energetikos lygtis arba kaip suma\u017einti elektros kainas | COBALT\",\"isPartOf\":{\"@id\":\"https:\\\/\\\/www.cobalt.legal\\\/lt\\\/#website\"},\"primaryImageOfPage\":{\"@id\":\"https:\\\/\\\/www.cobalt.legal\\\/lt\\\/news-cases\\\/zaliosios-energetikos-lygtis-arba-kaip-sumazinti-elektros-kainas\\\/#primaryimage\"},\"image\":{\"@id\":\"https:\\\/\\\/www.cobalt.legal\\\/lt\\\/news-cases\\\/zaliosios-energetikos-lygtis-arba-kaip-sumazinti-elektros-kainas\\\/#primaryimage\"},\"thumbnailUrl\":\"https:\\\/\\\/www.cobalt.legal\\\/wp-content\\\/uploads\\\/2023\\\/08\\\/abstract-6.jpg\",\"datePublished\":\"2023-07-22T08:41:28+00:00\",\"dateModified\":\"2026-01-16T18:07:56+00:00\",\"description\":\"\u017daliosios energetikos lygtis arba kaip suma\u017einti elektros kainas. News. Naujienos. Jaunumi. Uudised.\",\"breadcrumb\":{\"@id\":\"https:\\\/\\\/www.cobalt.legal\\\/lt\\\/news-cases\\\/zaliosios-energetikos-lygtis-arba-kaip-sumazinti-elektros-kainas\\\/#breadcrumb\"},\"inLanguage\":\"lt-LT\",\"potentialAction\":[{\"@type\":\"ReadAction\",\"target\":[\"https:\\\/\\\/www.cobalt.legal\\\/lt\\\/news-cases\\\/zaliosios-energetikos-lygtis-arba-kaip-sumazinti-elektros-kainas\\\/\"]}]},{\"@type\":\"ImageObject\",\"inLanguage\":\"lt-LT\",\"@id\":\"https:\\\/\\\/www.cobalt.legal\\\/lt\\\/news-cases\\\/zaliosios-energetikos-lygtis-arba-kaip-sumazinti-elektros-kainas\\\/#primaryimage\",\"url\":\"https:\\\/\\\/www.cobalt.legal\\\/wp-content\\\/uploads\\\/2023\\\/08\\\/abstract-6.jpg\",\"contentUrl\":\"https:\\\/\\\/www.cobalt.legal\\\/wp-content\\\/uploads\\\/2023\\\/08\\\/abstract-6.jpg\",\"width\":1920,\"height\":1536},{\"@type\":\"BreadcrumbList\",\"@id\":\"https:\\\/\\\/www.cobalt.legal\\\/lt\\\/news-cases\\\/zaliosios-energetikos-lygtis-arba-kaip-sumazinti-elektros-kainas\\\/#breadcrumb\",\"itemListElement\":[{\"@type\":\"ListItem\",\"position\":1,\"name\":\"Home\",\"item\":\"https:\\\/\\\/www.cobalt.legal\\\/lt\\\/\"},{\"@type\":\"ListItem\",\"position\":2,\"name\":\"\u017daliosios energetikos lygtis arba kaip suma\u017einti elektros kainas\"}]},{\"@type\":\"WebSite\",\"@id\":\"https:\\\/\\\/www.cobalt.legal\\\/lt\\\/#website\",\"url\":\"https:\\\/\\\/www.cobalt.legal\\\/lt\\\/\",\"name\":\"COBALT\",\"description\":\"Top-tier law services in Estonia, Latvia and Lithuania\",\"publisher\":{\"@id\":\"https:\\\/\\\/www.cobalt.legal\\\/lt\\\/#organization\"},\"potentialAction\":[{\"@type\":\"SearchAction\",\"target\":{\"@type\":\"EntryPoint\",\"urlTemplate\":\"https:\\\/\\\/www.cobalt.legal\\\/lt\\\/?s={search_term_string}\"},\"query-input\":{\"@type\":\"PropertyValueSpecification\",\"valueRequired\":true,\"valueName\":\"search_term_string\"}}],\"inLanguage\":\"lt-LT\"},{\"@type\":\"Organization\",\"@id\":\"https:\\\/\\\/www.cobalt.legal\\\/lt\\\/#organization\",\"name\":\"COBALT\",\"url\":\"https:\\\/\\\/www.cobalt.legal\\\/lt\\\/\",\"logo\":{\"@type\":\"ImageObject\",\"inLanguage\":\"lt-LT\",\"@id\":\"https:\\\/\\\/www.cobalt.legal\\\/lt\\\/#\\\/schema\\\/logo\\\/image\\\/\",\"url\":\"https:\\\/\\\/www.cobalt.legal\\\/wp-content\\\/uploads\\\/2023\\\/04\\\/cobalt-logo.png\",\"contentUrl\":\"https:\\\/\\\/www.cobalt.legal\\\/wp-content\\\/uploads\\\/2023\\\/04\\\/cobalt-logo.png\",\"width\":400,\"height\":116,\"caption\":\"COBALT\"},\"image\":{\"@id\":\"https:\\\/\\\/www.cobalt.legal\\\/lt\\\/#\\\/schema\\\/logo\\\/image\\\/\"},\"sameAs\":[\"https:\\\/\\\/www.facebook.com\\\/CobaltLegal\\\/\"]},{\"@type\":\"Person\",\"@id\":\"https:\\\/\\\/www.cobalt.legal\\\/lt\\\/#\\\/schema\\\/person\\\/a96c052a2eba55b2f6b995c69436c3aa\",\"name\":\"Ilze Augstkalne\",\"url\":\"https:\\\/\\\/www.cobalt.legal\\\/lt\\\/author\\\/ilze\\\/\"}]}<\/script>\n<!-- \/ Yoast SEO plugin. -->","yoast_head_json":{"title":"\u017daliosios energetikos lygtis arba kaip suma\u017einti elektros kainas | COBALT","description":"\u017daliosios energetikos lygtis arba kaip suma\u017einti elektros kainas. News. Naujienos. Jaunumi. Uudised.","robots":{"index":"index","follow":"follow","max-snippet":"max-snippet:-1","max-image-preview":"max-image-preview:large","max-video-preview":"max-video-preview:-1"},"canonical":"https:\/\/www.cobalt.legal\/lt\/news-cases\/zaliosios-energetikos-lygtis-arba-kaip-sumazinti-elektros-kainas\/","og_locale":"lt_LT","og_type":"article","og_title":"\u017daliosios energetikos lygtis arba kaip suma\u017einti elektros kainas | COBALT","og_description":"\u017daliosios energetikos lygtis arba kaip suma\u017einti elektros kainas. News. Naujienos. Jaunumi. Uudised.","og_url":"https:\/\/www.cobalt.legal\/lt\/news-cases\/zaliosios-energetikos-lygtis-arba-kaip-sumazinti-elektros-kainas\/","og_site_name":"COBALT","article_publisher":"https:\/\/www.facebook.com\/CobaltLegal\/","article_published_time":"2023-07-22T08:41:28+00:00","article_modified_time":"2026-01-16T18:07:56+00:00","og_image":[{"width":1920,"height":1536,"url":"https:\/\/www.cobalt.legal\/wp-content\/uploads\/2023\/08\/abstract-6.jpg","type":"image\/jpeg"}],"author":"Ilze Augstkalne","twitter_card":"summary_large_image","twitter_misc":{"Written by":"Ilze Augstkalne","Est. reading time":"6 minut\u0117s"},"schema":{"@context":"https:\/\/schema.org","@graph":[{"@type":"Article","@id":"https:\/\/www.cobalt.legal\/lt\/news-cases\/zaliosios-energetikos-lygtis-arba-kaip-sumazinti-elektros-kainas\/#article","isPartOf":{"@id":"https:\/\/www.cobalt.legal\/lt\/news-cases\/zaliosios-energetikos-lygtis-arba-kaip-sumazinti-elektros-kainas\/"},"author":{"name":"Ilze Augstkalne","@id":"https:\/\/www.cobalt.legal\/lt\/#\/schema\/person\/a96c052a2eba55b2f6b995c69436c3aa"},"headline":"\u017daliosios energetikos lygtis arba kaip suma\u017einti elektros kainas","datePublished":"2023-07-22T08:41:28+00:00","dateModified":"2026-01-16T18:07:56+00:00","mainEntityOfPage":{"@id":"https:\/\/www.cobalt.legal\/lt\/news-cases\/zaliosios-energetikos-lygtis-arba-kaip-sumazinti-elektros-kainas\/"},"wordCount":1452,"publisher":{"@id":"https:\/\/www.cobalt.legal\/lt\/#organization"},"image":{"@id":"https:\/\/www.cobalt.legal\/lt\/news-cases\/zaliosios-energetikos-lygtis-arba-kaip-sumazinti-elektros-kainas\/#primaryimage"},"thumbnailUrl":"https:\/\/www.cobalt.legal\/wp-content\/uploads\/2023\/08\/abstract-6.jpg","articleSection":["Uncategorized @lt"],"inLanguage":"lt-LT"},{"@type":"WebPage","@id":"https:\/\/www.cobalt.legal\/lt\/news-cases\/zaliosios-energetikos-lygtis-arba-kaip-sumazinti-elektros-kainas\/","url":"https:\/\/www.cobalt.legal\/lt\/news-cases\/zaliosios-energetikos-lygtis-arba-kaip-sumazinti-elektros-kainas\/","name":"\u017daliosios energetikos lygtis arba kaip suma\u017einti elektros kainas | COBALT","isPartOf":{"@id":"https:\/\/www.cobalt.legal\/lt\/#website"},"primaryImageOfPage":{"@id":"https:\/\/www.cobalt.legal\/lt\/news-cases\/zaliosios-energetikos-lygtis-arba-kaip-sumazinti-elektros-kainas\/#primaryimage"},"image":{"@id":"https:\/\/www.cobalt.legal\/lt\/news-cases\/zaliosios-energetikos-lygtis-arba-kaip-sumazinti-elektros-kainas\/#primaryimage"},"thumbnailUrl":"https:\/\/www.cobalt.legal\/wp-content\/uploads\/2023\/08\/abstract-6.jpg","datePublished":"2023-07-22T08:41:28+00:00","dateModified":"2026-01-16T18:07:56+00:00","description":"\u017daliosios energetikos lygtis arba kaip suma\u017einti elektros kainas. News. Naujienos. Jaunumi. Uudised.","breadcrumb":{"@id":"https:\/\/www.cobalt.legal\/lt\/news-cases\/zaliosios-energetikos-lygtis-arba-kaip-sumazinti-elektros-kainas\/#breadcrumb"},"inLanguage":"lt-LT","potentialAction":[{"@type":"ReadAction","target":["https:\/\/www.cobalt.legal\/lt\/news-cases\/zaliosios-energetikos-lygtis-arba-kaip-sumazinti-elektros-kainas\/"]}]},{"@type":"ImageObject","inLanguage":"lt-LT","@id":"https:\/\/www.cobalt.legal\/lt\/news-cases\/zaliosios-energetikos-lygtis-arba-kaip-sumazinti-elektros-kainas\/#primaryimage","url":"https:\/\/www.cobalt.legal\/wp-content\/uploads\/2023\/08\/abstract-6.jpg","contentUrl":"https:\/\/www.cobalt.legal\/wp-content\/uploads\/2023\/08\/abstract-6.jpg","width":1920,"height":1536},{"@type":"BreadcrumbList","@id":"https:\/\/www.cobalt.legal\/lt\/news-cases\/zaliosios-energetikos-lygtis-arba-kaip-sumazinti-elektros-kainas\/#breadcrumb","itemListElement":[{"@type":"ListItem","position":1,"name":"Home","item":"https:\/\/www.cobalt.legal\/lt\/"},{"@type":"ListItem","position":2,"name":"\u017daliosios energetikos lygtis arba kaip suma\u017einti elektros kainas"}]},{"@type":"WebSite","@id":"https:\/\/www.cobalt.legal\/lt\/#website","url":"https:\/\/www.cobalt.legal\/lt\/","name":"COBALT","description":"Top-tier law services in Estonia, Latvia and Lithuania","publisher":{"@id":"https:\/\/www.cobalt.legal\/lt\/#organization"},"potentialAction":[{"@type":"SearchAction","target":{"@type":"EntryPoint","urlTemplate":"https:\/\/www.cobalt.legal\/lt\/?s={search_term_string}"},"query-input":{"@type":"PropertyValueSpecification","valueRequired":true,"valueName":"search_term_string"}}],"inLanguage":"lt-LT"},{"@type":"Organization","@id":"https:\/\/www.cobalt.legal\/lt\/#organization","name":"COBALT","url":"https:\/\/www.cobalt.legal\/lt\/","logo":{"@type":"ImageObject","inLanguage":"lt-LT","@id":"https:\/\/www.cobalt.legal\/lt\/#\/schema\/logo\/image\/","url":"https:\/\/www.cobalt.legal\/wp-content\/uploads\/2023\/04\/cobalt-logo.png","contentUrl":"https:\/\/www.cobalt.legal\/wp-content\/uploads\/2023\/04\/cobalt-logo.png","width":400,"height":116,"caption":"COBALT"},"image":{"@id":"https:\/\/www.cobalt.legal\/lt\/#\/schema\/logo\/image\/"},"sameAs":["https:\/\/www.facebook.com\/CobaltLegal\/"]},{"@type":"Person","@id":"https:\/\/www.cobalt.legal\/lt\/#\/schema\/person\/a96c052a2eba55b2f6b995c69436c3aa","name":"Ilze Augstkalne","url":"https:\/\/www.cobalt.legal\/lt\/author\/ilze\/"}]}},"_links":{"self":[{"href":"https:\/\/www.cobalt.legal\/lt\/wp-json\/wp\/v2\/posts\/17617","targetHints":{"allow":["GET"]}}],"collection":[{"href":"https:\/\/www.cobalt.legal\/lt\/wp-json\/wp\/v2\/posts"}],"about":[{"href":"https:\/\/www.cobalt.legal\/lt\/wp-json\/wp\/v2\/types\/post"}],"author":[{"embeddable":true,"href":"https:\/\/www.cobalt.legal\/lt\/wp-json\/wp\/v2\/users\/6"}],"replies":[{"embeddable":true,"href":"https:\/\/www.cobalt.legal\/lt\/wp-json\/wp\/v2\/comments?post=17617"}],"version-history":[{"count":1,"href":"https:\/\/www.cobalt.legal\/lt\/wp-json\/wp\/v2\/posts\/17617\/revisions"}],"predecessor-version":[{"id":17618,"href":"https:\/\/www.cobalt.legal\/lt\/wp-json\/wp\/v2\/posts\/17617\/revisions\/17618"}],"wp:featuredmedia":[{"embeddable":true,"href":"https:\/\/www.cobalt.legal\/lt\/wp-json\/wp\/v2\/media\/49998"}],"wp:attachment":[{"href":"https:\/\/www.cobalt.legal\/lt\/wp-json\/wp\/v2\/media?parent=17617"}],"wp:term":[{"taxonomy":"category","embeddable":true,"href":"https:\/\/www.cobalt.legal\/lt\/wp-json\/wp\/v2\/categories?post=17617"},{"taxonomy":"country","embeddable":true,"href":"https:\/\/www.cobalt.legal\/lt\/wp-json\/wp\/v2\/country?post=17617"}],"curies":[{"name":"wp","href":"https:\/\/api.w.org\/{rel}","templated":true}]}}