{"id":17684,"date":"2023-07-24T10:52:31","date_gmt":"2023-07-24T07:52:31","guid":{"rendered":"https:\/\/stage.www.cobalt.legal\/?p=17684"},"modified":"2025-09-26T00:07:43","modified_gmt":"2025-09-25T21:07:43","slug":"ar-jusu-verslas-pasirenges-rudens-sezonui-o-jei-tektu-skolintis","status":"publish","type":"post","link":"https:\/\/www.cobalt.legal\/lt\/news-cases\/ar-jusu-verslas-pasirenges-rudens-sezonui-o-jei-tektu-skolintis\/","title":{"rendered":"Ar j\u016bs\u0173 verslas pasireng\u0119s rudens sezonui? O jei tekt\u0173 skolintis?"},"content":{"rendered":"<p style=\"text-align: justify;\"><strong>Stebint nestabili\u0105 geopolitin\u0119 ir ekonomin\u0119 situacij\u0105, o tiksliau \u2013 kar\u0105 ir kylan\u010dias kainas, per\u0161asi mintis, kad art\u0117jantis ruduo gali pa\u017eerti \u012fvairi\u0173 i\u0161\u0161\u016bki\u0173. J\u0173 akivaizdoje vienas svarbiausi\u0173 klausim\u0173 verslui yra \u017einoti, kur ir kaip gauti labiausiai poreikius atitinkant\u012f finansavim\u0105. Gerai, kad Lietuvoje pastaruoju metu atlikti tam tikr\u0173 teis\u0117s akt\u0173 pakeitimai, kiek palengvinantys finansavimo klausimus.<\/strong><\/p>\n<p style=\"text-align: justify;\"><strong>\u012ekeitimas internetu <\/strong><\/p>\n<p style=\"text-align: justify;\">Kol papildomos l\u0117\u0161os yra reikalingos tik einamiesiems darbams ir reikiamo finansavimo dydis koreliuoja su \u012fmon\u0117s turimu turtu, ji gali lengviau pritraukti skolintojus, pasi\u016bliusi u\u017estat\u0105. Gera \u017einia ta, kad po 2022 m. saus\u012f \u012fvykdytos registr\u0173 pertvarkos atsirado galimyb\u0117 kilnojamojo turto ir turtini\u0173 teisi\u0173 \u012fkeitimo sandorius sudaryti internetu, prisijungus prie Registr\u0173 centro savitarnos. Tiesa, tam visos \u0161alys (kreditorius, skolininkas, \u012fkaito dav\u0117jas) turi tur\u0117ti kvalifikuotus elektroninius para\u0161us.<\/p>\n<p style=\"text-align: justify;\">Tokiu atveju \u0161alims nereikia derinti su notaru visiems tinkamo meto susitikimui ir gai\u0161ti jame laiko. Sudarant \u012fkeitimo sandor\u012f informacini\u0173 technologij\u0173 (IT) priemon\u0117mis galima \u012fkeisti tiek vien\u0105, tiek kelis objektus, reikalavimo teises, l\u0117\u0161as banko s\u0105skaitoje ir pana\u0161iai. Sistema leid\u017eia nustatyti ir papildomas \u0161ali\u0173 sutartas s\u0105lygas bei reikalavimus. Visoms \u0161alims pasira\u0161ius \u012fkeitimo sandoris yra registruojamas Sutar\u010di\u0173 ir teisi\u0173 suvar\u017eym\u0173 registre.<\/p>\n<p style=\"text-align: justify;\"><strong>Vertybiniai popieriai<\/strong><\/p>\n<p style=\"text-align: justify;\">Jeigu finansavimas reikalingas stambesniems projektams, vert\u0117t\u0173 apsvarstyti galimyb\u0119 i\u0161leisti vertybini\u0173 popieri\u0173 \u2013 obligacij\u0173 ar papildom\u0105 akcij\u0173 emisij\u0105. Tam dabar yra tinkamas metas, nes pernai INVEGA patvirtino priemon\u0119, skirt\u0105 kompensuoti dal\u012f sanaud\u0173, patiriam\u0173 i\u0161leid\u017eiant ir \u012ftraukiant \u012f bir\u017eos s\u0105ra\u0161us vertybinius popierius. Kvietimas teikti parai\u0161kas dar yra ir bus atviras kol bus paskirstytos visos l\u0117\u0161os arba kvietimas bus sustabdytas.<\/p>\n<p style=\"text-align: justify;\">\u0160i priemon\u0117 leid\u017eia dengti iki 50 proc. patirt\u0173 i\u0161laid\u0173, t. y. iki 100 t\u016bkst. eur\u0173 akcij\u0173 i\u0161leidimo atveju ir iki 50 t\u016bkst. eur\u0173 obligacij\u0173 atveju. I\u0161laidos kompensuojamos tiek \u012ftraukus vertybinius popierius \u012f AB \u201eNasdaq Vilnius\u201c reguliuojam\u0105 rink\u0105, tiek ir pasirinkus alternatyvi\u0105j\u0105 vertybini\u0173 popieri\u0173 rink\u0105 \u201eFirst North\u201c Lietuvoje. Visgi, reik\u0117t\u0173 pabr\u0117\u017eti, kad \u0161i priemon\u0117 skirta tik smulkioms ir vidutinio dyd\u017eio \u012fmon\u0117ms. Kita vertus, ma\u017eesn\u0117ms bendrov\u0117ms, apsisprendusioms teikti parai\u0161k\u0105 nereik\u0117s konkuruoti su stambiaisiais verslais.<\/p>\n<p style=\"text-align: justify;\">Vie\u0161\u0105 vertybini\u0173 popieri\u0173 platinim\u0105 per \u201eFirst North\u201c rink\u0105 pastaruoju metu svarsto vis daugiau versl\u0173. Tai gana patrauklu, nes alternatyvioji rinka rei\u0161kia, kad nema\u017ea dalis grie\u017et\u0173 reikalavim\u0173, nustatyt\u0173 platinimui per reguliuojam\u0105j\u0105 rink\u0105, n\u0117ra taikomi. Pavyzd\u017eiui, nereikalaujama, kad \u012fmon\u0117 tur\u0117t\u0173 veiklos istorij\u0105, b\u016bt\u0173 \u012fgijusi tam tikr\u0105 rinkos vert\u0119, nei kad rinkoje cirkuliuot\u0173 tam tikras skai\u010dius jos akcij\u0173. Taip pat, kol emisija nevir\u0161ija 8 mln. eur\u0173 netaikoma pareiga rengti prospekt\u0105. Vietoj jo, rengiamas daug paprastesnis ir trumpesnis informacinis dokumentas.<\/p>\n<p style=\"text-align: justify;\"><strong>Sutelktinis finansavimas<\/strong><\/p>\n<p style=\"text-align: justify;\">Naujovi\u0173 yra ir sutelktinio finansavimo srityje, \u012fskaitant vertybini\u0173 popieri\u0173 platinim\u0105 per sutelktinio finansavimo platformas. \u0160i\u0173 met\u0173 lapkrit\u012f nustos galioti Sutelktinio finansavimo \u012fstatymas. Po to \u0161i\u0105 srit\u012f reguliuos tik europin\u012f re\u017eim\u0105 nustatantis Europos S\u0105jungos reglamentas d\u0117l Europos sutelktinio finansavimo paslaug\u0173 verslui teik\u0117j\u0173.<\/p>\n<p style=\"text-align: justify;\">2022 met\u0173 saus\u012f \u012fsigaliojus Vertybini\u0173 popieri\u0173 \u012fstatymo pakeitimams, pagal \u0161\u012f reglament\u0105 vykdomiems sutelktinio finansavimo projektams neb\u0117ra taikoma pareiga parengti ir paskelbti informacin\u012f dokument\u0105. Vietoj jo rengiamas tik pagrindin\u0117s informacijos apie investicij\u0105 dokumentas. Tai irgi yra ribotos apimties dokumentas, pateikiantis tik svarbiausi\u0105 su projektu susijusi\u0105 informacij\u0105. Pa\u017eym\u0117tina, kad supaprastinta vertybini\u0173 popieri\u0173 platinimo per sutelktinio finansavimo platformas tvarka yra taikoma tik projektams iki 5 mln. eur\u0173.<\/p>\n<p style=\"text-align: justify;\"><strong>Pakeitimas vertybiniais popieriais<\/strong><\/p>\n<p style=\"text-align: justify;\">Jei j\u016bs\u0173 vykdomi projektai yra didesni, tur\u0117tum\u0117te \u017einoti ir apie \u0161i\u0105 vasar\u0105 po ilgo svarstymo pagaliau priimt\u0105 Pakeitimo vertybiniais popieriais ir padengt\u0173j\u0173 obligacij\u0173 \u012fstatym\u0105. Skirtingai nuo padengt\u0173j\u0173 obligacij\u0173 mechanizmo, kuris yra skirtas bankams, pakeitim\u0105 vertybiniais popieriais vykdyti gal\u0117s bet kuri tam tikslui \u012fsteigta bendrov\u0117, be joki\u0173 papildom\u0173 leidim\u0173 ar licencij\u0173.<\/p>\n<p style=\"text-align: justify;\">Terminas \u201epakeitimas\u201c rei\u0161kia, kad \u012f bendrov\u0119 yra \u012fne\u0161amas verslo turimas turtas. Pavyzd\u017eiui, atitinkamo projekto sugeneruotos reikalavimo teis\u0117s, kurios yra pakei\u010diamos (t.y., j\u0173 pagrindu yra i\u0161leid\u017eiami) vertybiniais popieriais.<\/p>\n<p style=\"text-align: justify;\">\u0160is \u0161vie\u017eias \u012fstatymas garantuoja daug naujovi\u0173, be kuri\u0173 anks\u010diau \u0161is mechanizmas nebuvo prieinamas. Pavyzd\u017eiui, reikalavimo teisi\u0173 perleidimas tokiai bendrovei galios net jei sutartys, i\u0161 kuri\u0173 kyla \u0161ios teis\u0117s, tok\u012f perleidim\u0105 draud\u017eia. Jei reikalavimo teis\u0117s u\u017etikrintos hipoteka, hipotekos teisi\u0173 perleidimas gal\u0117s b\u016bti \u012fforminamas viena sutartimi, nedarant atskir\u0173 hipotekos sutar\u010di\u0173 pakeitim\u0173.<\/p>\n<p style=\"text-align: justify;\">Apie reikalavimo teisi\u0173 perleidim\u0105 skolininkus bus galima informuoti vie\u0161u skelbimu, jei individuali\u0173 prane\u0161im\u0173 siuntimas reikalaut\u0173 neproporcing\u0173 pastang\u0173. Pri\u0117mus \u0161\u012f \u012fstatym\u0105 buvo sudarytos s\u0105lygos piniginiais reikalavimais gr\u012fsto finansavimo industrijos pl\u0117trai, kuri gal\u0117t\u0173 pad\u0117ti mobilizuoti didesnius finansus tokius reikalavimus generuojantiems projektams.<\/p>\n","protected":false},"excerpt":{"rendered":"<p>Stebint nestabili\u0105 geopolitin\u0119 ir ekonomin\u0119 situacij\u0105, o tiksliau \u2013 kar\u0105 ir kylan\u010dias kainas, per\u0161asi mintis, kad art\u0117jantis ruduo gali pa\u017eerti \u012fvairi\u0173 i\u0161\u0161\u016bki\u0173. J\u0173 akivaizdoje vienas svarbiausi\u0173 klausim\u0173 verslui yra \u017einoti, kur ir kaip gauti labiausiai poreikius atitinkant\u012f finansavim\u0105. Gerai, kad..<\/p>\n","protected":false},"author":6,"featured_media":32348,"comment_status":"closed","ping_status":"closed","sticky":false,"template":"","format":"standard","meta":{"_acf_changed":false,"inline_featured_image":false,"footnotes":""},"categories":[29],"country":[92],"class_list":["post-17684","post","type-post","status-publish","format-standard","has-post-thumbnail","hentry","category-uncategorized-lt","country-lithuania-lt"],"acf":[],"yoast_head":"<!-- This site is optimized with the Yoast SEO plugin v27.3 - https:\/\/yoast.com\/product\/yoast-seo-wordpress\/ -->\n<title>Ar j\u016bs\u0173 verslas pasireng\u0119s rudens sezonui? O jei tekt\u0173 skolintis? | COBALT<\/title>\n<meta name=\"description\" content=\"Ar j\u016bs\u0173 verslas pasireng\u0119s rudens sezonui? O jei tekt\u0173 skolintis?. News. Naujienos. Jaunumi. Uudised.\" \/>\n<meta name=\"robots\" content=\"index, follow, max-snippet:-1, max-image-preview:large, max-video-preview:-1\" \/>\n<link rel=\"canonical\" href=\"https:\/\/www.cobalt.legal\/lt\/news-cases\/ar-jusu-verslas-pasirenges-rudens-sezonui-o-jei-tektu-skolintis\/\" \/>\n<meta property=\"og:locale\" content=\"lt_LT\" \/>\n<meta property=\"og:type\" content=\"article\" \/>\n<meta property=\"og:title\" content=\"Ar j\u016bs\u0173 verslas pasireng\u0119s rudens sezonui? O jei tekt\u0173 skolintis? | COBALT\" \/>\n<meta property=\"og:description\" content=\"Ar j\u016bs\u0173 verslas pasireng\u0119s rudens sezonui? O jei tekt\u0173 skolintis?. News. Naujienos. Jaunumi. Uudised.\" \/>\n<meta property=\"og:url\" content=\"https:\/\/www.cobalt.legal\/lt\/news-cases\/ar-jusu-verslas-pasirenges-rudens-sezonui-o-jei-tektu-skolintis\/\" \/>\n<meta property=\"og:site_name\" content=\"COBALT\" \/>\n<meta property=\"article:publisher\" content=\"https:\/\/www.facebook.com\/CobaltLegal\/\" \/>\n<meta property=\"article:published_time\" content=\"2023-07-24T07:52:31+00:00\" \/>\n<meta property=\"article:modified_time\" content=\"2025-09-25T21:07:43+00:00\" \/>\n<meta property=\"og:image\" content=\"https:\/\/www.cobalt.legal\/wp-content\/uploads\/2023\/11\/publication-18.jpg\" \/>\n\t<meta property=\"og:image:width\" content=\"894\" \/>\n\t<meta property=\"og:image:height\" content=\"894\" \/>\n\t<meta property=\"og:image:type\" content=\"image\/jpeg\" \/>\n<meta name=\"author\" content=\"Ilze Augstkalne\" \/>\n<meta name=\"twitter:card\" content=\"summary_large_image\" \/>\n<meta name=\"twitter:label1\" content=\"Written by\" \/>\n\t<meta name=\"twitter:data1\" content=\"Ilze Augstkalne\" \/>\n\t<meta name=\"twitter:label2\" content=\"Est. reading time\" \/>\n\t<meta name=\"twitter:data2\" content=\"3 minut\u0117s\" \/>\n<script type=\"application\/ld+json\" class=\"yoast-schema-graph\">{\"@context\":\"https:\\\/\\\/schema.org\",\"@graph\":[{\"@type\":\"Article\",\"@id\":\"https:\\\/\\\/www.cobalt.legal\\\/lt\\\/news-cases\\\/ar-jusu-verslas-pasirenges-rudens-sezonui-o-jei-tektu-skolintis\\\/#article\",\"isPartOf\":{\"@id\":\"https:\\\/\\\/www.cobalt.legal\\\/lt\\\/news-cases\\\/ar-jusu-verslas-pasirenges-rudens-sezonui-o-jei-tektu-skolintis\\\/\"},\"author\":{\"name\":\"Ilze Augstkalne\",\"@id\":\"https:\\\/\\\/www.cobalt.legal\\\/lt\\\/#\\\/schema\\\/person\\\/a96c052a2eba55b2f6b995c69436c3aa\"},\"headline\":\"Ar j\u016bs\u0173 verslas pasireng\u0119s rudens sezonui? O jei tekt\u0173 skolintis?\",\"datePublished\":\"2023-07-24T07:52:31+00:00\",\"dateModified\":\"2025-09-25T21:07:43+00:00\",\"mainEntityOfPage\":{\"@id\":\"https:\\\/\\\/www.cobalt.legal\\\/lt\\\/news-cases\\\/ar-jusu-verslas-pasirenges-rudens-sezonui-o-jei-tektu-skolintis\\\/\"},\"wordCount\":755,\"publisher\":{\"@id\":\"https:\\\/\\\/www.cobalt.legal\\\/lt\\\/#organization\"},\"image\":{\"@id\":\"https:\\\/\\\/www.cobalt.legal\\\/lt\\\/news-cases\\\/ar-jusu-verslas-pasirenges-rudens-sezonui-o-jei-tektu-skolintis\\\/#primaryimage\"},\"thumbnailUrl\":\"https:\\\/\\\/www.cobalt.legal\\\/wp-content\\\/uploads\\\/2023\\\/11\\\/publication-18.jpg\",\"articleSection\":[\"Uncategorized @lt\"],\"inLanguage\":\"lt-LT\"},{\"@type\":\"WebPage\",\"@id\":\"https:\\\/\\\/www.cobalt.legal\\\/lt\\\/news-cases\\\/ar-jusu-verslas-pasirenges-rudens-sezonui-o-jei-tektu-skolintis\\\/\",\"url\":\"https:\\\/\\\/www.cobalt.legal\\\/lt\\\/news-cases\\\/ar-jusu-verslas-pasirenges-rudens-sezonui-o-jei-tektu-skolintis\\\/\",\"name\":\"Ar j\u016bs\u0173 verslas pasireng\u0119s rudens sezonui? O jei tekt\u0173 skolintis? | COBALT\",\"isPartOf\":{\"@id\":\"https:\\\/\\\/www.cobalt.legal\\\/lt\\\/#website\"},\"primaryImageOfPage\":{\"@id\":\"https:\\\/\\\/www.cobalt.legal\\\/lt\\\/news-cases\\\/ar-jusu-verslas-pasirenges-rudens-sezonui-o-jei-tektu-skolintis\\\/#primaryimage\"},\"image\":{\"@id\":\"https:\\\/\\\/www.cobalt.legal\\\/lt\\\/news-cases\\\/ar-jusu-verslas-pasirenges-rudens-sezonui-o-jei-tektu-skolintis\\\/#primaryimage\"},\"thumbnailUrl\":\"https:\\\/\\\/www.cobalt.legal\\\/wp-content\\\/uploads\\\/2023\\\/11\\\/publication-18.jpg\",\"datePublished\":\"2023-07-24T07:52:31+00:00\",\"dateModified\":\"2025-09-25T21:07:43+00:00\",\"description\":\"Ar j\u016bs\u0173 verslas pasireng\u0119s rudens sezonui? O jei tekt\u0173 skolintis?. News. Naujienos. Jaunumi. Uudised.\",\"breadcrumb\":{\"@id\":\"https:\\\/\\\/www.cobalt.legal\\\/lt\\\/news-cases\\\/ar-jusu-verslas-pasirenges-rudens-sezonui-o-jei-tektu-skolintis\\\/#breadcrumb\"},\"inLanguage\":\"lt-LT\",\"potentialAction\":[{\"@type\":\"ReadAction\",\"target\":[\"https:\\\/\\\/www.cobalt.legal\\\/lt\\\/news-cases\\\/ar-jusu-verslas-pasirenges-rudens-sezonui-o-jei-tektu-skolintis\\\/\"]}]},{\"@type\":\"ImageObject\",\"inLanguage\":\"lt-LT\",\"@id\":\"https:\\\/\\\/www.cobalt.legal\\\/lt\\\/news-cases\\\/ar-jusu-verslas-pasirenges-rudens-sezonui-o-jei-tektu-skolintis\\\/#primaryimage\",\"url\":\"https:\\\/\\\/www.cobalt.legal\\\/wp-content\\\/uploads\\\/2023\\\/11\\\/publication-18.jpg\",\"contentUrl\":\"https:\\\/\\\/www.cobalt.legal\\\/wp-content\\\/uploads\\\/2023\\\/11\\\/publication-18.jpg\",\"width\":894,\"height\":894},{\"@type\":\"BreadcrumbList\",\"@id\":\"https:\\\/\\\/www.cobalt.legal\\\/lt\\\/news-cases\\\/ar-jusu-verslas-pasirenges-rudens-sezonui-o-jei-tektu-skolintis\\\/#breadcrumb\",\"itemListElement\":[{\"@type\":\"ListItem\",\"position\":1,\"name\":\"Home\",\"item\":\"https:\\\/\\\/www.cobalt.legal\\\/lt\\\/\"},{\"@type\":\"ListItem\",\"position\":2,\"name\":\"Ar j\u016bs\u0173 verslas pasireng\u0119s rudens sezonui? O jei tekt\u0173 skolintis?\"}]},{\"@type\":\"WebSite\",\"@id\":\"https:\\\/\\\/www.cobalt.legal\\\/lt\\\/#website\",\"url\":\"https:\\\/\\\/www.cobalt.legal\\\/lt\\\/\",\"name\":\"COBALT\",\"description\":\"Top-tier law services in Estonia, Latvia and Lithuania\",\"publisher\":{\"@id\":\"https:\\\/\\\/www.cobalt.legal\\\/lt\\\/#organization\"},\"potentialAction\":[{\"@type\":\"SearchAction\",\"target\":{\"@type\":\"EntryPoint\",\"urlTemplate\":\"https:\\\/\\\/www.cobalt.legal\\\/lt\\\/?s={search_term_string}\"},\"query-input\":{\"@type\":\"PropertyValueSpecification\",\"valueRequired\":true,\"valueName\":\"search_term_string\"}}],\"inLanguage\":\"lt-LT\"},{\"@type\":\"Organization\",\"@id\":\"https:\\\/\\\/www.cobalt.legal\\\/lt\\\/#organization\",\"name\":\"COBALT\",\"url\":\"https:\\\/\\\/www.cobalt.legal\\\/lt\\\/\",\"logo\":{\"@type\":\"ImageObject\",\"inLanguage\":\"lt-LT\",\"@id\":\"https:\\\/\\\/www.cobalt.legal\\\/lt\\\/#\\\/schema\\\/logo\\\/image\\\/\",\"url\":\"https:\\\/\\\/www.cobalt.legal\\\/wp-content\\\/uploads\\\/2023\\\/04\\\/cobalt-logo.png\",\"contentUrl\":\"https:\\\/\\\/www.cobalt.legal\\\/wp-content\\\/uploads\\\/2023\\\/04\\\/cobalt-logo.png\",\"width\":400,\"height\":116,\"caption\":\"COBALT\"},\"image\":{\"@id\":\"https:\\\/\\\/www.cobalt.legal\\\/lt\\\/#\\\/schema\\\/logo\\\/image\\\/\"},\"sameAs\":[\"https:\\\/\\\/www.facebook.com\\\/CobaltLegal\\\/\"]},{\"@type\":\"Person\",\"@id\":\"https:\\\/\\\/www.cobalt.legal\\\/lt\\\/#\\\/schema\\\/person\\\/a96c052a2eba55b2f6b995c69436c3aa\",\"name\":\"Ilze Augstkalne\",\"url\":\"https:\\\/\\\/www.cobalt.legal\\\/lt\\\/author\\\/ilze\\\/\"}]}<\/script>\n<!-- \/ Yoast SEO plugin. -->","yoast_head_json":{"title":"Ar j\u016bs\u0173 verslas pasireng\u0119s rudens sezonui? O jei tekt\u0173 skolintis? | COBALT","description":"Ar j\u016bs\u0173 verslas pasireng\u0119s rudens sezonui? O jei tekt\u0173 skolintis?. News. Naujienos. Jaunumi. Uudised.","robots":{"index":"index","follow":"follow","max-snippet":"max-snippet:-1","max-image-preview":"max-image-preview:large","max-video-preview":"max-video-preview:-1"},"canonical":"https:\/\/www.cobalt.legal\/lt\/news-cases\/ar-jusu-verslas-pasirenges-rudens-sezonui-o-jei-tektu-skolintis\/","og_locale":"lt_LT","og_type":"article","og_title":"Ar j\u016bs\u0173 verslas pasireng\u0119s rudens sezonui? O jei tekt\u0173 skolintis? | COBALT","og_description":"Ar j\u016bs\u0173 verslas pasireng\u0119s rudens sezonui? O jei tekt\u0173 skolintis?. News. Naujienos. Jaunumi. Uudised.","og_url":"https:\/\/www.cobalt.legal\/lt\/news-cases\/ar-jusu-verslas-pasirenges-rudens-sezonui-o-jei-tektu-skolintis\/","og_site_name":"COBALT","article_publisher":"https:\/\/www.facebook.com\/CobaltLegal\/","article_published_time":"2023-07-24T07:52:31+00:00","article_modified_time":"2025-09-25T21:07:43+00:00","og_image":[{"width":894,"height":894,"url":"https:\/\/www.cobalt.legal\/wp-content\/uploads\/2023\/11\/publication-18.jpg","type":"image\/jpeg"}],"author":"Ilze Augstkalne","twitter_card":"summary_large_image","twitter_misc":{"Written by":"Ilze Augstkalne","Est. reading time":"3 minut\u0117s"},"schema":{"@context":"https:\/\/schema.org","@graph":[{"@type":"Article","@id":"https:\/\/www.cobalt.legal\/lt\/news-cases\/ar-jusu-verslas-pasirenges-rudens-sezonui-o-jei-tektu-skolintis\/#article","isPartOf":{"@id":"https:\/\/www.cobalt.legal\/lt\/news-cases\/ar-jusu-verslas-pasirenges-rudens-sezonui-o-jei-tektu-skolintis\/"},"author":{"name":"Ilze Augstkalne","@id":"https:\/\/www.cobalt.legal\/lt\/#\/schema\/person\/a96c052a2eba55b2f6b995c69436c3aa"},"headline":"Ar j\u016bs\u0173 verslas pasireng\u0119s rudens sezonui? O jei tekt\u0173 skolintis?","datePublished":"2023-07-24T07:52:31+00:00","dateModified":"2025-09-25T21:07:43+00:00","mainEntityOfPage":{"@id":"https:\/\/www.cobalt.legal\/lt\/news-cases\/ar-jusu-verslas-pasirenges-rudens-sezonui-o-jei-tektu-skolintis\/"},"wordCount":755,"publisher":{"@id":"https:\/\/www.cobalt.legal\/lt\/#organization"},"image":{"@id":"https:\/\/www.cobalt.legal\/lt\/news-cases\/ar-jusu-verslas-pasirenges-rudens-sezonui-o-jei-tektu-skolintis\/#primaryimage"},"thumbnailUrl":"https:\/\/www.cobalt.legal\/wp-content\/uploads\/2023\/11\/publication-18.jpg","articleSection":["Uncategorized @lt"],"inLanguage":"lt-LT"},{"@type":"WebPage","@id":"https:\/\/www.cobalt.legal\/lt\/news-cases\/ar-jusu-verslas-pasirenges-rudens-sezonui-o-jei-tektu-skolintis\/","url":"https:\/\/www.cobalt.legal\/lt\/news-cases\/ar-jusu-verslas-pasirenges-rudens-sezonui-o-jei-tektu-skolintis\/","name":"Ar j\u016bs\u0173 verslas pasireng\u0119s rudens sezonui? O jei tekt\u0173 skolintis? | COBALT","isPartOf":{"@id":"https:\/\/www.cobalt.legal\/lt\/#website"},"primaryImageOfPage":{"@id":"https:\/\/www.cobalt.legal\/lt\/news-cases\/ar-jusu-verslas-pasirenges-rudens-sezonui-o-jei-tektu-skolintis\/#primaryimage"},"image":{"@id":"https:\/\/www.cobalt.legal\/lt\/news-cases\/ar-jusu-verslas-pasirenges-rudens-sezonui-o-jei-tektu-skolintis\/#primaryimage"},"thumbnailUrl":"https:\/\/www.cobalt.legal\/wp-content\/uploads\/2023\/11\/publication-18.jpg","datePublished":"2023-07-24T07:52:31+00:00","dateModified":"2025-09-25T21:07:43+00:00","description":"Ar j\u016bs\u0173 verslas pasireng\u0119s rudens sezonui? O jei tekt\u0173 skolintis?. News. Naujienos. Jaunumi. Uudised.","breadcrumb":{"@id":"https:\/\/www.cobalt.legal\/lt\/news-cases\/ar-jusu-verslas-pasirenges-rudens-sezonui-o-jei-tektu-skolintis\/#breadcrumb"},"inLanguage":"lt-LT","potentialAction":[{"@type":"ReadAction","target":["https:\/\/www.cobalt.legal\/lt\/news-cases\/ar-jusu-verslas-pasirenges-rudens-sezonui-o-jei-tektu-skolintis\/"]}]},{"@type":"ImageObject","inLanguage":"lt-LT","@id":"https:\/\/www.cobalt.legal\/lt\/news-cases\/ar-jusu-verslas-pasirenges-rudens-sezonui-o-jei-tektu-skolintis\/#primaryimage","url":"https:\/\/www.cobalt.legal\/wp-content\/uploads\/2023\/11\/publication-18.jpg","contentUrl":"https:\/\/www.cobalt.legal\/wp-content\/uploads\/2023\/11\/publication-18.jpg","width":894,"height":894},{"@type":"BreadcrumbList","@id":"https:\/\/www.cobalt.legal\/lt\/news-cases\/ar-jusu-verslas-pasirenges-rudens-sezonui-o-jei-tektu-skolintis\/#breadcrumb","itemListElement":[{"@type":"ListItem","position":1,"name":"Home","item":"https:\/\/www.cobalt.legal\/lt\/"},{"@type":"ListItem","position":2,"name":"Ar j\u016bs\u0173 verslas pasireng\u0119s rudens sezonui? O jei tekt\u0173 skolintis?"}]},{"@type":"WebSite","@id":"https:\/\/www.cobalt.legal\/lt\/#website","url":"https:\/\/www.cobalt.legal\/lt\/","name":"COBALT","description":"Top-tier law services in Estonia, Latvia and Lithuania","publisher":{"@id":"https:\/\/www.cobalt.legal\/lt\/#organization"},"potentialAction":[{"@type":"SearchAction","target":{"@type":"EntryPoint","urlTemplate":"https:\/\/www.cobalt.legal\/lt\/?s={search_term_string}"},"query-input":{"@type":"PropertyValueSpecification","valueRequired":true,"valueName":"search_term_string"}}],"inLanguage":"lt-LT"},{"@type":"Organization","@id":"https:\/\/www.cobalt.legal\/lt\/#organization","name":"COBALT","url":"https:\/\/www.cobalt.legal\/lt\/","logo":{"@type":"ImageObject","inLanguage":"lt-LT","@id":"https:\/\/www.cobalt.legal\/lt\/#\/schema\/logo\/image\/","url":"https:\/\/www.cobalt.legal\/wp-content\/uploads\/2023\/04\/cobalt-logo.png","contentUrl":"https:\/\/www.cobalt.legal\/wp-content\/uploads\/2023\/04\/cobalt-logo.png","width":400,"height":116,"caption":"COBALT"},"image":{"@id":"https:\/\/www.cobalt.legal\/lt\/#\/schema\/logo\/image\/"},"sameAs":["https:\/\/www.facebook.com\/CobaltLegal\/"]},{"@type":"Person","@id":"https:\/\/www.cobalt.legal\/lt\/#\/schema\/person\/a96c052a2eba55b2f6b995c69436c3aa","name":"Ilze Augstkalne","url":"https:\/\/www.cobalt.legal\/lt\/author\/ilze\/"}]}},"_links":{"self":[{"href":"https:\/\/www.cobalt.legal\/lt\/wp-json\/wp\/v2\/posts\/17684","targetHints":{"allow":["GET"]}}],"collection":[{"href":"https:\/\/www.cobalt.legal\/lt\/wp-json\/wp\/v2\/posts"}],"about":[{"href":"https:\/\/www.cobalt.legal\/lt\/wp-json\/wp\/v2\/types\/post"}],"author":[{"embeddable":true,"href":"https:\/\/www.cobalt.legal\/lt\/wp-json\/wp\/v2\/users\/6"}],"replies":[{"embeddable":true,"href":"https:\/\/www.cobalt.legal\/lt\/wp-json\/wp\/v2\/comments?post=17684"}],"version-history":[{"count":1,"href":"https:\/\/www.cobalt.legal\/lt\/wp-json\/wp\/v2\/posts\/17684\/revisions"}],"predecessor-version":[{"id":17689,"href":"https:\/\/www.cobalt.legal\/lt\/wp-json\/wp\/v2\/posts\/17684\/revisions\/17689"}],"wp:featuredmedia":[{"embeddable":true,"href":"https:\/\/www.cobalt.legal\/lt\/wp-json\/wp\/v2\/media\/32348"}],"wp:attachment":[{"href":"https:\/\/www.cobalt.legal\/lt\/wp-json\/wp\/v2\/media?parent=17684"}],"wp:term":[{"taxonomy":"category","embeddable":true,"href":"https:\/\/www.cobalt.legal\/lt\/wp-json\/wp\/v2\/categories?post=17684"},{"taxonomy":"country","embeddable":true,"href":"https:\/\/www.cobalt.legal\/lt\/wp-json\/wp\/v2\/country?post=17684"}],"curies":[{"name":"wp","href":"https:\/\/api.w.org\/{rel}","templated":true}]}}