{"id":22759,"date":"2023-08-21T17:09:11","date_gmt":"2023-08-21T14:09:11","guid":{"rendered":"https:\/\/stage.www.cobalt.legal\/?p=22759"},"modified":"2026-01-16T19:34:10","modified_gmt":"2026-01-16T17:34:10","slug":"prognozuojamos-pandemijos-pasekmes-imoniu-nemokumas-ka-turi-zinoti-verslas-apie-nemokumo-procesa","status":"publish","type":"post","link":"https:\/\/www.cobalt.legal\/lt\/news-cases\/prognozuojamos-pandemijos-pasekmes-imoniu-nemokumas-ka-turi-zinoti-verslas-apie-nemokumo-procesa\/","title":{"rendered":"Prognozuojamos pandemijos pasekm\u0117s \u2013 \u012fmoni\u0173 nemokumas. K\u0105 turi \u017einoti verslas apie nemokumo proces\u0105?"},"content":{"rendered":"<h4 style=\"text-align: justify;\"><strong>Nors buvo tikimasi, kad bankrot\u0173 skai\u010dius d\u0117l COVID-19 viruso pandemijos i\u0161augs dar 2020 metais, prognoz\u0117s nepasitvirtino \u2013 bankrot\u0173 skai\u010dius Lietuvoje 2020 metais suma\u017e\u0117jo beveik per pus\u0119 (2019 metais &#8211; 1581 inicijuota bankroto byl\u0173, 2020 m. \u2013 813). Pana\u0161i tendencija vyrauja ir kitose Europos valstyb\u0117se.<\/strong><\/h4>\n<p style=\"text-align: justify;\">Tarptautinis valiutos fondas \u012f\u017evelgia ne tik ger\u0105j\u012f \u0161ios tendencijos aspekt\u0105 \u2013 d\u0117l valstybi\u0173 teikiamos pagalbos nebankrutavo ne tik iki pandemijos pelningai veikusios \u012fmon\u0117s, bet taip pat \u201everslo zombiai\u201c \u2013 \u012fmon\u0117s, kurios tur\u0117jo u\u017esidaryti dar iki pandemijos. Lietuvoje bankrot\u0173 skai\u010diaus statistik\u0105 taip pat koregavo suspenduota kreditori\u0173 teis\u0117 ir \u012fmoni\u0173 vadov\u0173 pareiga kreiptis \u012f teism\u0105 d\u0117l bankroto bylos i\u0161k\u0117limo. D\u0117l \u0161ios prie\u017easties aktyvios bankroto byl\u0173 iniciator\u0117s \u2013 VMI ir SODRA, \u017eenkliai re\u010diau inicijavo bankroto procesus.<\/p>\n<p style=\"text-align: justify;\">Vis d\u0117lto, nutraukus \u0161ias priemones (valstyb\u0117s pagalb\u0105, bankroto proces\u0173 inicijavimo moratorium\u0105), prognozuojama, kad bankroto byl\u0173 skai\u010dius smarkiai i\u0161augs dar \u0161\u012fmet.<\/p>\n<p style=\"text-align: justify;\">Matyt, kartu su bankroto skai\u010diaus augimu reikia tik\u0117tis ir tam tikr\u0173 pakeitim\u0173 nemokumo procese. Nors nemokumo proceso reglamentavimas buvo pakeistas visi\u0161kai neseniai \u2013 dar tik 2020 m. sausio 1 d. \u012fsigaliojo Juridini\u0173 asmen\u0173 nemokumo \u012fstatymas, \u0161\u012f teis\u0117s akt\u0105 v\u0117l planuojama modifikuoti. \u012egyvendinant dar 2019 m. bir\u017eel\u012f priimt\u0105 ES direktyv\u0105, si\u016bloma keisti tam tikras Nemokumo \u012fstatymo nuostatas. \u012estatymo pakeitimas tur\u0117t\u0173 \u012fsigalioti 2021 m. liepos 1 d. Kaip verslui ir kreditoriams susigaudyti \u012fstatym\u0173 kaitaliojimo epochoje? Kokias galimybes suteikia ir pareigas numato dabartinis nemokumo teisinis reglamentavimas?<\/p>\n<p style=\"text-align: justify;\"><strong>Kada galima inicijuoti bankroto proces\u0105?<\/strong><\/p>\n<p style=\"text-align: justify;\">Bankroto byla \u012fmonei keliama, jei nustatoma, jog ji yra nemoki.<\/p>\n<p style=\"text-align: justify;\">2020 m. sausio 1 d. \u012fsigaliojusiame Nemokumo \u012fstatyme buvo \u012ftvirtinta nauja nemokumo s\u0105voka. Nemokumas suprantamas kaip juridinio asmens b\u016bsena, kai juridinis asmuo laiku negali vykdyti turtini\u0173 prievoli\u0173 arba juridinio asmens \u012fsipareigojimai vir\u0161ija jo turto vert\u0119. \u0160ios aplinkyb\u0117s yra alternatyvios, tai yra u\u017etenka nustatyti vien\u0105 i\u0161 j\u0173, kad juridinis asmuo b\u016bt\u0173 laikomas nemokiu.<\/p>\n<p style=\"text-align: justify;\">Negal\u0117jimas vykdyti turtini\u0173 prievoli\u0173 rei\u0161kia ne trumpalaik\u012f mok\u0117jim\u0173 sutrikim\u0105, o ilgalaik\u012f negal\u0117jim\u0105 apmok\u0117ti skol\u0173, kuri\u0173 apmok\u0117jimo terminai jau yra su\u0117j\u0119. Taigi, neilgai trunkantis mok\u0117jim\u0173 sutrikimas, kuris bus \u012fveiktas artimiausiu metu, netur\u0117t\u0173 sudaryti pagrindo tvirtinti, kad bendrov\u0117 jau yra nemoki.<\/p>\n<p style=\"text-align: justify;\">Vertinant, ar juridinio asmens \u012fsipareigojimai vir\u0161ija jo turimo turto vert\u0119, turi b\u016bti nustatomi visi bendrov\u0117s \u012fsipareigojimai, taip pat ir nepradelsti, o turto vert\u0117 suprantama ne kaip balansin\u0117, o reali turima vert\u0117, t.y. jo rinkos kaina.<\/p>\n<p style=\"text-align: justify;\">Nemokumo s\u0105vok\u0105 svarbu suvokti ir \u012fsiminti \u012fmon\u0117s vadovams, nes jiems tenka pareiga \u012fmon\u0117s finansinius rodiklius lyginti su nemokumo apibr\u0117\u017eimu ir nusta\u010dius, jog j\u0173 vadovaujamos \u012fmon\u0117s b\u016bsena atitinka nemokumo b\u016bsen\u0105, nedelsiant imtis \u012fstatyme numatyt\u0173 veiksm\u0173.<\/p>\n<p style=\"text-align: justify;\"><strong>Kokias pareigas turi bendrov\u0117s vadovai jai tapus nemokiai?<\/strong><\/p>\n<p style=\"text-align: justify;\">Pagal \u0161iuo metu galiojant\u012f \u012fstatym\u0105 juridiniam asmeniui tapus nemokiam, vadovas, vis\u0173 pirma, privalo nedelsdamas informuoti juridinio asmens dalyvius apie juridinio asmens nemokum\u0105 ir si\u016blyti spr\u0119sti juridinio asmens mokumo atk\u016brimo klausim\u0105. Jei juridinio asmens dalyviai nepasi\u016blo efektyvi\u0173 priemoni\u0173 mokumui atkurti, vadovas\u00a0nedelsiant\u00a0privalo inicijuoti bankroto proces\u0105. Pa\u017eym\u0117tina, kad vadovams pareiga inicijuoti bankroto proces\u0105, t. y. prane\u0161ti akcininkams ir kreditoriams apie nemokumo situacij\u0105, yra i\u0161likusi. Karantino laikotarpiu yra suspenduota tik vadov\u0173 pareiga kreiptis \u012f teism\u0105 d\u0117l bankroto bylos i\u0161k\u0117limo.<\/p>\n<p style=\"text-align: justify;\">\u0160iuo metu parengtas Nemokumo \u012fstatymo pakeitimo projektas numato pareigas bendrov\u0117s vadovui ne tik, kai bendrov\u0117 jau yra nemoki, bet taip pat esant jos nemokumo tikimybei. Nemokumo tikimyb\u0117 suprantama kaip pad\u0117tis, kai realiai tik\u0117tina, kad juridinis asmuo taps nemokus per artimiausius tris m\u0117nesius. Nustat\u0119s nemokumo tikimyb\u0119, juridinio asmens vadovas turi: 1) nedelsdamas informuoti juridinio asmens dalyvius apie juridinio asmens nemokumo tikimyb\u0119 ir si\u016blyti spr\u0119sti juridinio asmens finansini\u0173 sunkum\u0173 klausim\u0105; 2) imtis veiksm\u0173 kreditori\u0173 interesams apsaugoti; 3) vengti ty\u010dini\u0173 ir (ar) didelio neatsargumo veiksm\u0173, kuriais b\u016bt\u0173 keliamas pavojus. Taigi, jei Nemokumo \u012fstatymo pakeitimo projektui bus pritarta, nuo \u0161i\u0173 met\u0173 liepos 1 d. bendrov\u0117s vadovai bus \u012fpareigoti \u017eenkliai anks\u010diau imtis priemoni\u0173 juridinio asmens finansin\u0117ms problemoms spr\u0119sti.<\/p>\n<p style=\"text-align: justify;\"><strong>Galimyb\u0117 i\u0161vengti nemokumo proceso susitariant ar gaunant finansavim\u0105<\/strong><\/p>\n<p style=\"text-align: justify;\">Prie\u0161 kreipiantis \u012f teism\u0105 d\u0117l nemokumo bylos i\u0161k\u0117limo, tiek nemokumo byl\u0105 inicijuojantis skolininkas \u2013 juridinis asmuo, tiek kreditorius turi i\u0161naudoti \u012fstatyme numatytas priemones susitarimui d\u0117l pagalbos pasiekti. Tai rei\u0161kia, jog prie\u0161 kreipdamasis \u012f teism\u0105 kreditorius ar skolininkas turi pasi\u016blyti sudaryti susitarim\u0105 d\u0117l pagalbos, nustatydamas nuo 15 iki 30 dien\u0173 termin\u0105 \u0161iam susitarimui pasiekti. Susitarimas d\u0117l pagalbos i\u0161 esm\u0117s rei\u0161kia susitarim\u0105 d\u0117l kreditori\u0173 suteikiamos finansin\u0117s paramos juridiniam asmeniui, apiman\u010dios reikalavimo \u012fvykdyti prievol\u0119 termino atid\u0117jim\u0105, reikalavimo \u012fvykdyti prievol\u0119 ar jos dal\u012f atsisakym\u0105, prievol\u0117s pakeitim\u0105 kita prievole ir kt. Jei susitarimas d\u0117l pagalbos yra sudaromas, kreditoriai neturi teis\u0117s inicijuoti nemokumo proceso, kol susitarimas yra vykdomas.<\/p>\n<p style=\"text-align: justify;\">Nemokumo \u012fstatymas taip pat numat\u0117 naujus institutus \u2013 tarpin\u012f ir nauj\u0105 finansavim\u0105, kuri\u0173 tikslas paskatinti subjektus finansuoti laikinus finansinius sunkumus patirian\u010dius juridinius asmenis. Tarpinis finansavimas nuo naujo finansavimo skiriasi tuo, kad tarpinio finansavimo atveju papildomos l\u0117\u0161os yra skirtos juridinio asmens veiklos t\u0119stinumui i\u0161laikyti dar iki restrukt\u016brizavimo plano patvirtinimo, o naujo finansavimo atveju \u2013 pad\u0117ti \u012fgyvendinti restrukt\u016brizavimo plan\u0105 bei yra nurodomos restrukt\u016brizavimo plane.<\/p>\n<p style=\"text-align: justify;\">Nemokumo \u012fstatyme numatytos tokio finansavimo apsaugos priemon\u0117s. Tarpinio ar naujojo finansavimo sandoriai negali b\u016bti pripa\u017einti negaliojan\u010diais, i\u0161skyrus atvejus, kai jie buvo sudaryti pa\u017eeid\u017eiant \u012fstatymus arba apgaule (pvz., tai gal\u0117t\u0173 b\u016bti suk\u010diavimas ir pan.). Kreditori\u0173 reikalavimai, kylantis i\u0161 tarpinio ar naujo finansavimo, juridinio asmens nemokumo proced\u016br\u0173 metu tenkinami pirm\u0105ja eile.<\/p>\n<p style=\"text-align: justify;\">\u0160iuo metu parengtame Nemokumo \u012fstatymo pakeitimo projekte yra numatytos papildomos apsaugos priemon\u0117s kreditoriui, suteikusiam finansavim\u0105. \u012estatymo pakeitimo projekte \u012ftvirtinta, kad kreditoriui, suteikusiam nauj\u0105 finansavim\u0105 ir (ar) tarpin\u012f finansavim\u0105, negali b\u016bti taikoma civilin\u0117, administracin\u0117 atsakomyb\u0117 arba kilti baud\u017eiamoji atsakomyb\u0117, remiantis argumentu, kad toks finansavimas sukelia neigiam\u0173 pasekmi\u0173 vis\u0173 kreditori\u0173 interesams.<\/p>\n<p style=\"text-align: justify;\"><strong>Skatinama rinktis restrukt\u016brizavim\u0105<\/strong><\/p>\n<p style=\"text-align: justify;\">Juridini\u0173 asmen\u0173 nemokumo \u012fstatymas teikia pirmenyb\u0119 ne bankrotui, o \u201eantrajam \u0161ansui\u201c \u2013 restrukt\u016brizavimui. \u0160iuo metu parengtas Nemokumo \u012fstatymo pakeitimas, kuris restrukt\u016brizavimo proces\u0105 tur\u0117t\u0173 padaryti labiau prieinam\u0105 ir da\u017eniau taikom\u0105. Tik\u0117kim\u0117s, kad tai tikrai paskatins \u012fmones restrukt\u016brizuotis bei s\u0117kming\u0173 restrukt\u016brizavimo proces\u0173 padaug\u0117s. \u0160iuo metu Lietuvoje prad\u0117t\u0173 restrukt\u016brizavimo proces\u0173 skai\u010diai lyginant su bankroto byl\u0173 skai\u010diumi yra \u017eenkliai ma\u017eesni, verslas ir teismas retai renkasi \u0161i\u0105 mokumo atk\u016brimo priemon\u0119 (2019 m. prad\u0117ti 33 restrukt\u016brizavimo procesai, o 2020 m. \u2013 26).<\/p>\n<p style=\"text-align: justify;\">Svarbu pamin\u0117ti, kad restrukt\u016brizuotis gali ir nemoki \u012fmon\u0117, ta\u010diau ji turi b\u016bti \u201egyvybinga\u201c \u2013 vykdyti \u016bkin\u0119 komercin\u0119 veikl\u0105, leisian\u010di\u0105 \u012fmonei vykdyti prievoles ateityje. Restrukt\u016brizavimo proces\u0105 gali inicijuoti juridinio asmens vadovas arba kreditorius, kurio pradelstas reikalavimas skolininkui vir\u0161ija 10 MMA dyd\u012f.<\/p>\n<p style=\"text-align: justify;\">I\u0161k\u0117lus restrukt\u016brizavimo byl\u0105, restrukt\u016brizuojamo juridinio asmens mokumo atk\u016brimo ir atsiskaitymo su kreditoriais priemon\u0117s yra numatomos restrukt\u016brizavimo plane. Restrukt\u016brizavimo planui turi pritarti restrukt\u016brizavimo plano paveikiami kreditoriai grup\u0117se. Laikoma, kad kreditoriai pritar\u0117 restrukt\u016brizavimo plano projektui, jeigu kiekvienoje kreditori\u0173 grup\u0117je restrukt\u016brizavimo plano projektui pritar\u0117 restrukt\u016brizavimo plano paveikiami kreditoriai, kuri\u0173 reikalavim\u0173 suma vertine i\u0161rai\u0161ka sudaro daugiau kaip pus\u0119 vis\u0173 teismo patvirtint\u0173 \u0161ios grup\u0117s kreditori\u0173 reikalavim\u0173 sumos. Nemokumo \u012fstatymo pakeitimo projekte siekiama pa\u0161alinti nes\u0117kmingo restrukt\u016brizavimo prie\u017east\u012f \u2013 kreditori\u0173 nepritarim\u0105 restrukt\u016brizavimo planui. Projekte numatyta galimyb\u0117 teismui patvirtinti restrukt\u016brizavimo plan\u0105, net jei jam nepritar\u0117 restrukt\u016brizuojamo juridinio asmens kreditoriai.<\/p>\n","protected":false},"excerpt":{"rendered":"<p>Nors buvo tikimasi, kad bankrot\u0173 skai\u010dius d\u0117l COVID-19 viruso pandemijos i\u0161augs dar 2020 metais, prognoz\u0117s nepasitvirtino \u2013 bankrot\u0173 skai\u010dius Lietuvoje 2020 metais suma\u017e\u0117jo beveik per pus\u0119 (2019 metais &#8211; 1581 inicijuota bankroto byl\u0173, 2020 m. \u2013 813). Pana\u0161i tendencija vyrauja..<\/p>\n","protected":false},"author":6,"featured_media":32348,"comment_status":"closed","ping_status":"closed","sticky":false,"template":"","format":"standard","meta":{"_acf_changed":false,"inline_featured_image":false,"footnotes":""},"categories":[29],"country":[92],"class_list":["post-22759","post","type-post","status-publish","format-standard","has-post-thumbnail","hentry","category-uncategorized-lt","country-lithuania-lt"],"acf":[],"yoast_head":"<!-- This site is optimized with the Yoast SEO plugin v27.3 - https:\/\/yoast.com\/product\/yoast-seo-wordpress\/ -->\n<title>Prognozuojamos pandemijos pasekm\u0117s \u2013 \u012fmoni\u0173 nemokumas. K\u0105 turi \u017einoti verslas apie nemokumo proces\u0105? | COBALT<\/title>\n<meta name=\"description\" content=\"Prognozuojamos pandemijos pasekm\u0117s \u2013 \u012fmoni\u0173 nemokumas. K\u0105 turi \u017einoti verslas apie nemokumo proces\u0105?. News. Naujienos. Jaunumi. Uudised.\" \/>\n<meta name=\"robots\" content=\"index, follow, max-snippet:-1, max-image-preview:large, max-video-preview:-1\" \/>\n<link rel=\"canonical\" href=\"https:\/\/www.cobalt.legal\/lt\/news-cases\/prognozuojamos-pandemijos-pasekmes-imoniu-nemokumas-ka-turi-zinoti-verslas-apie-nemokumo-procesa\/\" \/>\n<meta property=\"og:locale\" content=\"lt_LT\" \/>\n<meta property=\"og:type\" content=\"article\" \/>\n<meta property=\"og:title\" content=\"Prognozuojamos pandemijos pasekm\u0117s \u2013 \u012fmoni\u0173 nemokumas. K\u0105 turi \u017einoti verslas apie nemokumo proces\u0105? | COBALT\" \/>\n<meta property=\"og:description\" content=\"Prognozuojamos pandemijos pasekm\u0117s \u2013 \u012fmoni\u0173 nemokumas. K\u0105 turi \u017einoti verslas apie nemokumo proces\u0105?. News. Naujienos. Jaunumi. Uudised.\" \/>\n<meta property=\"og:url\" content=\"https:\/\/www.cobalt.legal\/lt\/news-cases\/prognozuojamos-pandemijos-pasekmes-imoniu-nemokumas-ka-turi-zinoti-verslas-apie-nemokumo-procesa\/\" \/>\n<meta property=\"og:site_name\" content=\"COBALT\" \/>\n<meta property=\"article:publisher\" content=\"https:\/\/www.facebook.com\/CobaltLegal\/\" \/>\n<meta property=\"article:published_time\" content=\"2023-08-21T14:09:11+00:00\" \/>\n<meta property=\"article:modified_time\" content=\"2026-01-16T17:34:10+00:00\" \/>\n<meta property=\"og:image\" content=\"https:\/\/www.cobalt.legal\/wp-content\/uploads\/2023\/11\/publication-18.jpg\" \/>\n\t<meta property=\"og:image:width\" content=\"894\" \/>\n\t<meta property=\"og:image:height\" content=\"894\" \/>\n\t<meta property=\"og:image:type\" content=\"image\/jpeg\" \/>\n<meta name=\"author\" content=\"Ilze Augstkalne\" \/>\n<meta name=\"twitter:card\" content=\"summary_large_image\" \/>\n<meta name=\"twitter:label1\" content=\"Written by\" \/>\n\t<meta name=\"twitter:data1\" content=\"Ilze Augstkalne\" \/>\n\t<meta name=\"twitter:label2\" content=\"Est. reading time\" \/>\n\t<meta name=\"twitter:data2\" content=\"5 minut\u0117s\" \/>\n<script type=\"application\/ld+json\" class=\"yoast-schema-graph\">{\"@context\":\"https:\\\/\\\/schema.org\",\"@graph\":[{\"@type\":\"Article\",\"@id\":\"https:\\\/\\\/www.cobalt.legal\\\/lt\\\/news-cases\\\/prognozuojamos-pandemijos-pasekmes-imoniu-nemokumas-ka-turi-zinoti-verslas-apie-nemokumo-procesa\\\/#article\",\"isPartOf\":{\"@id\":\"https:\\\/\\\/www.cobalt.legal\\\/lt\\\/news-cases\\\/prognozuojamos-pandemijos-pasekmes-imoniu-nemokumas-ka-turi-zinoti-verslas-apie-nemokumo-procesa\\\/\"},\"author\":{\"name\":\"Ilze Augstkalne\",\"@id\":\"https:\\\/\\\/www.cobalt.legal\\\/lt\\\/#\\\/schema\\\/person\\\/a96c052a2eba55b2f6b995c69436c3aa\"},\"headline\":\"Prognozuojamos pandemijos pasekm\u0117s \u2013 \u012fmoni\u0173 nemokumas. K\u0105 turi \u017einoti verslas apie nemokumo proces\u0105?\",\"datePublished\":\"2023-08-21T14:09:11+00:00\",\"dateModified\":\"2026-01-16T17:34:10+00:00\",\"mainEntityOfPage\":{\"@id\":\"https:\\\/\\\/www.cobalt.legal\\\/lt\\\/news-cases\\\/prognozuojamos-pandemijos-pasekmes-imoniu-nemokumas-ka-turi-zinoti-verslas-apie-nemokumo-procesa\\\/\"},\"wordCount\":1222,\"publisher\":{\"@id\":\"https:\\\/\\\/www.cobalt.legal\\\/lt\\\/#organization\"},\"image\":{\"@id\":\"https:\\\/\\\/www.cobalt.legal\\\/lt\\\/news-cases\\\/prognozuojamos-pandemijos-pasekmes-imoniu-nemokumas-ka-turi-zinoti-verslas-apie-nemokumo-procesa\\\/#primaryimage\"},\"thumbnailUrl\":\"https:\\\/\\\/www.cobalt.legal\\\/wp-content\\\/uploads\\\/2023\\\/11\\\/publication-18.jpg\",\"articleSection\":[\"Uncategorized @lt\"],\"inLanguage\":\"lt-LT\"},{\"@type\":\"WebPage\",\"@id\":\"https:\\\/\\\/www.cobalt.legal\\\/lt\\\/news-cases\\\/prognozuojamos-pandemijos-pasekmes-imoniu-nemokumas-ka-turi-zinoti-verslas-apie-nemokumo-procesa\\\/\",\"url\":\"https:\\\/\\\/www.cobalt.legal\\\/lt\\\/news-cases\\\/prognozuojamos-pandemijos-pasekmes-imoniu-nemokumas-ka-turi-zinoti-verslas-apie-nemokumo-procesa\\\/\",\"name\":\"Prognozuojamos pandemijos pasekm\u0117s \u2013 \u012fmoni\u0173 nemokumas. K\u0105 turi \u017einoti verslas apie nemokumo proces\u0105? | COBALT\",\"isPartOf\":{\"@id\":\"https:\\\/\\\/www.cobalt.legal\\\/lt\\\/#website\"},\"primaryImageOfPage\":{\"@id\":\"https:\\\/\\\/www.cobalt.legal\\\/lt\\\/news-cases\\\/prognozuojamos-pandemijos-pasekmes-imoniu-nemokumas-ka-turi-zinoti-verslas-apie-nemokumo-procesa\\\/#primaryimage\"},\"image\":{\"@id\":\"https:\\\/\\\/www.cobalt.legal\\\/lt\\\/news-cases\\\/prognozuojamos-pandemijos-pasekmes-imoniu-nemokumas-ka-turi-zinoti-verslas-apie-nemokumo-procesa\\\/#primaryimage\"},\"thumbnailUrl\":\"https:\\\/\\\/www.cobalt.legal\\\/wp-content\\\/uploads\\\/2023\\\/11\\\/publication-18.jpg\",\"datePublished\":\"2023-08-21T14:09:11+00:00\",\"dateModified\":\"2026-01-16T17:34:10+00:00\",\"description\":\"Prognozuojamos pandemijos pasekm\u0117s \u2013 \u012fmoni\u0173 nemokumas. K\u0105 turi \u017einoti verslas apie nemokumo proces\u0105?. News. Naujienos. Jaunumi. Uudised.\",\"breadcrumb\":{\"@id\":\"https:\\\/\\\/www.cobalt.legal\\\/lt\\\/news-cases\\\/prognozuojamos-pandemijos-pasekmes-imoniu-nemokumas-ka-turi-zinoti-verslas-apie-nemokumo-procesa\\\/#breadcrumb\"},\"inLanguage\":\"lt-LT\",\"potentialAction\":[{\"@type\":\"ReadAction\",\"target\":[\"https:\\\/\\\/www.cobalt.legal\\\/lt\\\/news-cases\\\/prognozuojamos-pandemijos-pasekmes-imoniu-nemokumas-ka-turi-zinoti-verslas-apie-nemokumo-procesa\\\/\"]}]},{\"@type\":\"ImageObject\",\"inLanguage\":\"lt-LT\",\"@id\":\"https:\\\/\\\/www.cobalt.legal\\\/lt\\\/news-cases\\\/prognozuojamos-pandemijos-pasekmes-imoniu-nemokumas-ka-turi-zinoti-verslas-apie-nemokumo-procesa\\\/#primaryimage\",\"url\":\"https:\\\/\\\/www.cobalt.legal\\\/wp-content\\\/uploads\\\/2023\\\/11\\\/publication-18.jpg\",\"contentUrl\":\"https:\\\/\\\/www.cobalt.legal\\\/wp-content\\\/uploads\\\/2023\\\/11\\\/publication-18.jpg\",\"width\":894,\"height\":894},{\"@type\":\"BreadcrumbList\",\"@id\":\"https:\\\/\\\/www.cobalt.legal\\\/lt\\\/news-cases\\\/prognozuojamos-pandemijos-pasekmes-imoniu-nemokumas-ka-turi-zinoti-verslas-apie-nemokumo-procesa\\\/#breadcrumb\",\"itemListElement\":[{\"@type\":\"ListItem\",\"position\":1,\"name\":\"Home\",\"item\":\"https:\\\/\\\/www.cobalt.legal\\\/lt\\\/\"},{\"@type\":\"ListItem\",\"position\":2,\"name\":\"Prognozuojamos pandemijos pasekm\u0117s \u2013 \u012fmoni\u0173 nemokumas. K\u0105 turi \u017einoti verslas apie nemokumo proces\u0105?\"}]},{\"@type\":\"WebSite\",\"@id\":\"https:\\\/\\\/www.cobalt.legal\\\/lt\\\/#website\",\"url\":\"https:\\\/\\\/www.cobalt.legal\\\/lt\\\/\",\"name\":\"COBALT\",\"description\":\"Top-tier law services in Estonia, Latvia and Lithuania\",\"publisher\":{\"@id\":\"https:\\\/\\\/www.cobalt.legal\\\/lt\\\/#organization\"},\"potentialAction\":[{\"@type\":\"SearchAction\",\"target\":{\"@type\":\"EntryPoint\",\"urlTemplate\":\"https:\\\/\\\/www.cobalt.legal\\\/lt\\\/?s={search_term_string}\"},\"query-input\":{\"@type\":\"PropertyValueSpecification\",\"valueRequired\":true,\"valueName\":\"search_term_string\"}}],\"inLanguage\":\"lt-LT\"},{\"@type\":\"Organization\",\"@id\":\"https:\\\/\\\/www.cobalt.legal\\\/lt\\\/#organization\",\"name\":\"COBALT\",\"url\":\"https:\\\/\\\/www.cobalt.legal\\\/lt\\\/\",\"logo\":{\"@type\":\"ImageObject\",\"inLanguage\":\"lt-LT\",\"@id\":\"https:\\\/\\\/www.cobalt.legal\\\/lt\\\/#\\\/schema\\\/logo\\\/image\\\/\",\"url\":\"https:\\\/\\\/www.cobalt.legal\\\/wp-content\\\/uploads\\\/2023\\\/04\\\/cobalt-logo.png\",\"contentUrl\":\"https:\\\/\\\/www.cobalt.legal\\\/wp-content\\\/uploads\\\/2023\\\/04\\\/cobalt-logo.png\",\"width\":400,\"height\":116,\"caption\":\"COBALT\"},\"image\":{\"@id\":\"https:\\\/\\\/www.cobalt.legal\\\/lt\\\/#\\\/schema\\\/logo\\\/image\\\/\"},\"sameAs\":[\"https:\\\/\\\/www.facebook.com\\\/CobaltLegal\\\/\"]},{\"@type\":\"Person\",\"@id\":\"https:\\\/\\\/www.cobalt.legal\\\/lt\\\/#\\\/schema\\\/person\\\/a96c052a2eba55b2f6b995c69436c3aa\",\"name\":\"Ilze Augstkalne\",\"url\":\"https:\\\/\\\/www.cobalt.legal\\\/lt\\\/author\\\/ilze\\\/\"}]}<\/script>\n<!-- \/ Yoast SEO plugin. -->","yoast_head_json":{"title":"Prognozuojamos pandemijos pasekm\u0117s \u2013 \u012fmoni\u0173 nemokumas. K\u0105 turi \u017einoti verslas apie nemokumo proces\u0105? | COBALT","description":"Prognozuojamos pandemijos pasekm\u0117s \u2013 \u012fmoni\u0173 nemokumas. K\u0105 turi \u017einoti verslas apie nemokumo proces\u0105?. News. Naujienos. Jaunumi. Uudised.","robots":{"index":"index","follow":"follow","max-snippet":"max-snippet:-1","max-image-preview":"max-image-preview:large","max-video-preview":"max-video-preview:-1"},"canonical":"https:\/\/www.cobalt.legal\/lt\/news-cases\/prognozuojamos-pandemijos-pasekmes-imoniu-nemokumas-ka-turi-zinoti-verslas-apie-nemokumo-procesa\/","og_locale":"lt_LT","og_type":"article","og_title":"Prognozuojamos pandemijos pasekm\u0117s \u2013 \u012fmoni\u0173 nemokumas. K\u0105 turi \u017einoti verslas apie nemokumo proces\u0105? | COBALT","og_description":"Prognozuojamos pandemijos pasekm\u0117s \u2013 \u012fmoni\u0173 nemokumas. K\u0105 turi \u017einoti verslas apie nemokumo proces\u0105?. News. Naujienos. Jaunumi. Uudised.","og_url":"https:\/\/www.cobalt.legal\/lt\/news-cases\/prognozuojamos-pandemijos-pasekmes-imoniu-nemokumas-ka-turi-zinoti-verslas-apie-nemokumo-procesa\/","og_site_name":"COBALT","article_publisher":"https:\/\/www.facebook.com\/CobaltLegal\/","article_published_time":"2023-08-21T14:09:11+00:00","article_modified_time":"2026-01-16T17:34:10+00:00","og_image":[{"width":894,"height":894,"url":"https:\/\/www.cobalt.legal\/wp-content\/uploads\/2023\/11\/publication-18.jpg","type":"image\/jpeg"}],"author":"Ilze Augstkalne","twitter_card":"summary_large_image","twitter_misc":{"Written by":"Ilze Augstkalne","Est. reading time":"5 minut\u0117s"},"schema":{"@context":"https:\/\/schema.org","@graph":[{"@type":"Article","@id":"https:\/\/www.cobalt.legal\/lt\/news-cases\/prognozuojamos-pandemijos-pasekmes-imoniu-nemokumas-ka-turi-zinoti-verslas-apie-nemokumo-procesa\/#article","isPartOf":{"@id":"https:\/\/www.cobalt.legal\/lt\/news-cases\/prognozuojamos-pandemijos-pasekmes-imoniu-nemokumas-ka-turi-zinoti-verslas-apie-nemokumo-procesa\/"},"author":{"name":"Ilze Augstkalne","@id":"https:\/\/www.cobalt.legal\/lt\/#\/schema\/person\/a96c052a2eba55b2f6b995c69436c3aa"},"headline":"Prognozuojamos pandemijos pasekm\u0117s \u2013 \u012fmoni\u0173 nemokumas. K\u0105 turi \u017einoti verslas apie nemokumo proces\u0105?","datePublished":"2023-08-21T14:09:11+00:00","dateModified":"2026-01-16T17:34:10+00:00","mainEntityOfPage":{"@id":"https:\/\/www.cobalt.legal\/lt\/news-cases\/prognozuojamos-pandemijos-pasekmes-imoniu-nemokumas-ka-turi-zinoti-verslas-apie-nemokumo-procesa\/"},"wordCount":1222,"publisher":{"@id":"https:\/\/www.cobalt.legal\/lt\/#organization"},"image":{"@id":"https:\/\/www.cobalt.legal\/lt\/news-cases\/prognozuojamos-pandemijos-pasekmes-imoniu-nemokumas-ka-turi-zinoti-verslas-apie-nemokumo-procesa\/#primaryimage"},"thumbnailUrl":"https:\/\/www.cobalt.legal\/wp-content\/uploads\/2023\/11\/publication-18.jpg","articleSection":["Uncategorized @lt"],"inLanguage":"lt-LT"},{"@type":"WebPage","@id":"https:\/\/www.cobalt.legal\/lt\/news-cases\/prognozuojamos-pandemijos-pasekmes-imoniu-nemokumas-ka-turi-zinoti-verslas-apie-nemokumo-procesa\/","url":"https:\/\/www.cobalt.legal\/lt\/news-cases\/prognozuojamos-pandemijos-pasekmes-imoniu-nemokumas-ka-turi-zinoti-verslas-apie-nemokumo-procesa\/","name":"Prognozuojamos pandemijos pasekm\u0117s \u2013 \u012fmoni\u0173 nemokumas. K\u0105 turi \u017einoti verslas apie nemokumo proces\u0105? | COBALT","isPartOf":{"@id":"https:\/\/www.cobalt.legal\/lt\/#website"},"primaryImageOfPage":{"@id":"https:\/\/www.cobalt.legal\/lt\/news-cases\/prognozuojamos-pandemijos-pasekmes-imoniu-nemokumas-ka-turi-zinoti-verslas-apie-nemokumo-procesa\/#primaryimage"},"image":{"@id":"https:\/\/www.cobalt.legal\/lt\/news-cases\/prognozuojamos-pandemijos-pasekmes-imoniu-nemokumas-ka-turi-zinoti-verslas-apie-nemokumo-procesa\/#primaryimage"},"thumbnailUrl":"https:\/\/www.cobalt.legal\/wp-content\/uploads\/2023\/11\/publication-18.jpg","datePublished":"2023-08-21T14:09:11+00:00","dateModified":"2026-01-16T17:34:10+00:00","description":"Prognozuojamos pandemijos pasekm\u0117s \u2013 \u012fmoni\u0173 nemokumas. K\u0105 turi \u017einoti verslas apie nemokumo proces\u0105?. News. Naujienos. Jaunumi. Uudised.","breadcrumb":{"@id":"https:\/\/www.cobalt.legal\/lt\/news-cases\/prognozuojamos-pandemijos-pasekmes-imoniu-nemokumas-ka-turi-zinoti-verslas-apie-nemokumo-procesa\/#breadcrumb"},"inLanguage":"lt-LT","potentialAction":[{"@type":"ReadAction","target":["https:\/\/www.cobalt.legal\/lt\/news-cases\/prognozuojamos-pandemijos-pasekmes-imoniu-nemokumas-ka-turi-zinoti-verslas-apie-nemokumo-procesa\/"]}]},{"@type":"ImageObject","inLanguage":"lt-LT","@id":"https:\/\/www.cobalt.legal\/lt\/news-cases\/prognozuojamos-pandemijos-pasekmes-imoniu-nemokumas-ka-turi-zinoti-verslas-apie-nemokumo-procesa\/#primaryimage","url":"https:\/\/www.cobalt.legal\/wp-content\/uploads\/2023\/11\/publication-18.jpg","contentUrl":"https:\/\/www.cobalt.legal\/wp-content\/uploads\/2023\/11\/publication-18.jpg","width":894,"height":894},{"@type":"BreadcrumbList","@id":"https:\/\/www.cobalt.legal\/lt\/news-cases\/prognozuojamos-pandemijos-pasekmes-imoniu-nemokumas-ka-turi-zinoti-verslas-apie-nemokumo-procesa\/#breadcrumb","itemListElement":[{"@type":"ListItem","position":1,"name":"Home","item":"https:\/\/www.cobalt.legal\/lt\/"},{"@type":"ListItem","position":2,"name":"Prognozuojamos pandemijos pasekm\u0117s \u2013 \u012fmoni\u0173 nemokumas. K\u0105 turi \u017einoti verslas apie nemokumo proces\u0105?"}]},{"@type":"WebSite","@id":"https:\/\/www.cobalt.legal\/lt\/#website","url":"https:\/\/www.cobalt.legal\/lt\/","name":"COBALT","description":"Top-tier law services in Estonia, Latvia and Lithuania","publisher":{"@id":"https:\/\/www.cobalt.legal\/lt\/#organization"},"potentialAction":[{"@type":"SearchAction","target":{"@type":"EntryPoint","urlTemplate":"https:\/\/www.cobalt.legal\/lt\/?s={search_term_string}"},"query-input":{"@type":"PropertyValueSpecification","valueRequired":true,"valueName":"search_term_string"}}],"inLanguage":"lt-LT"},{"@type":"Organization","@id":"https:\/\/www.cobalt.legal\/lt\/#organization","name":"COBALT","url":"https:\/\/www.cobalt.legal\/lt\/","logo":{"@type":"ImageObject","inLanguage":"lt-LT","@id":"https:\/\/www.cobalt.legal\/lt\/#\/schema\/logo\/image\/","url":"https:\/\/www.cobalt.legal\/wp-content\/uploads\/2023\/04\/cobalt-logo.png","contentUrl":"https:\/\/www.cobalt.legal\/wp-content\/uploads\/2023\/04\/cobalt-logo.png","width":400,"height":116,"caption":"COBALT"},"image":{"@id":"https:\/\/www.cobalt.legal\/lt\/#\/schema\/logo\/image\/"},"sameAs":["https:\/\/www.facebook.com\/CobaltLegal\/"]},{"@type":"Person","@id":"https:\/\/www.cobalt.legal\/lt\/#\/schema\/person\/a96c052a2eba55b2f6b995c69436c3aa","name":"Ilze Augstkalne","url":"https:\/\/www.cobalt.legal\/lt\/author\/ilze\/"}]}},"_links":{"self":[{"href":"https:\/\/www.cobalt.legal\/lt\/wp-json\/wp\/v2\/posts\/22759","targetHints":{"allow":["GET"]}}],"collection":[{"href":"https:\/\/www.cobalt.legal\/lt\/wp-json\/wp\/v2\/posts"}],"about":[{"href":"https:\/\/www.cobalt.legal\/lt\/wp-json\/wp\/v2\/types\/post"}],"author":[{"embeddable":true,"href":"https:\/\/www.cobalt.legal\/lt\/wp-json\/wp\/v2\/users\/6"}],"replies":[{"embeddable":true,"href":"https:\/\/www.cobalt.legal\/lt\/wp-json\/wp\/v2\/comments?post=22759"}],"version-history":[{"count":2,"href":"https:\/\/www.cobalt.legal\/lt\/wp-json\/wp\/v2\/posts\/22759\/revisions"}],"predecessor-version":[{"id":51466,"href":"https:\/\/www.cobalt.legal\/lt\/wp-json\/wp\/v2\/posts\/22759\/revisions\/51466"}],"wp:featuredmedia":[{"embeddable":true,"href":"https:\/\/www.cobalt.legal\/lt\/wp-json\/wp\/v2\/media\/32348"}],"wp:attachment":[{"href":"https:\/\/www.cobalt.legal\/lt\/wp-json\/wp\/v2\/media?parent=22759"}],"wp:term":[{"taxonomy":"category","embeddable":true,"href":"https:\/\/www.cobalt.legal\/lt\/wp-json\/wp\/v2\/categories?post=22759"},{"taxonomy":"country","embeddable":true,"href":"https:\/\/www.cobalt.legal\/lt\/wp-json\/wp\/v2\/country?post=22759"}],"curies":[{"name":"wp","href":"https:\/\/api.w.org\/{rel}","templated":true}]}}