{"id":38865,"date":"2024-08-26T10:01:48","date_gmt":"2024-08-26T07:01:48","guid":{"rendered":"https:\/\/www.cobalt.legal\/?p=38865"},"modified":"2024-08-26T10:01:48","modified_gmt":"2024-08-26T07:01:48","slug":"pirmoji-mokslo-metu-diena-vaikams-laisvadienis-tevams-ka-butina-zinoti","status":"publish","type":"post","link":"https:\/\/www.cobalt.legal\/lt\/news-cases\/pirmoji-mokslo-metu-diena-vaikams-laisvadienis-tevams-ka-butina-zinoti\/","title":{"rendered":"Pirmoji mokslo met\u0173 diena vaikams \u2013 laisvadienis t\u0117vams. K\u0105 b\u016btina \u017einoti?"},"content":{"rendered":"<p><strong>Pirm\u0105j\u0105 mokslo met\u0173 dien\u0105, kuri \u0161iemet yra rugs\u0117jo 2 d., dirbantys t\u0117vai gali pasiimti pus\u0119 ar vis\u0105 laisv\u0105 dien\u0105 tam, kad gal\u0117t\u0173 palyd\u0117ti \u012f dar\u017eel\u012f ar mokykl\u0105 vaikus iki 14 met\u0173. Visgi specialistai pastebi, kad kasmet d\u0117l \u0161ios dienos kyla klausim\u0173: kada galima gauti laisv\u0105 dien\u0105 ar pusdien\u012f, prie\u0161 kiek laiko informuoti apie tai darbdav\u012f, kas atsakingas u\u017e darb\u0173 bendrov\u0117je atlikim\u0105, kol darbuotojai lyd\u0117s vaikus \u012f dar\u017eel\u012f ar mokykl\u0105?<\/strong><\/p>\n<p><strong>Egl\u0117 Tamavi\u010di\u016bt\u0117, advokat\u0173 kontoros COBALT asocijuota teisinink\u0117<\/strong>, komentuodama \u0161i\u0105 situacij\u0105 sako, kad svarbu atkreipti d\u0117mes\u012f \u012f kelet\u0105 punkt\u0173:<\/p>\n<ul>\n<li>Darbo kodekse numatyta, kam i\u0161 darbuotoj\u0173 gali b\u016bti skiriamas laisvas laikas nuo darbo pirm\u0105j\u0105 mokslo met\u0173 dien\u0105.<\/li>\n<li>Ne ma\u017eiau kaip pus\u0117 laisvos darbo dienos pirm\u0105j\u0105 mokslo met\u0173 dien\u0105 priklauso darbuotojams, auginantiems vaik\u0105 iki 14 met\u0173, kuris mokosi pagal prie\u0161mokyklinio ugdymo, pradinio ugdymo ar pagrindinio ugdymo programas.<\/li>\n<li>Darbuotojai, kurie turi teis\u0119 \u012f vadinam\u0105j\u012f \u201e<em>mamadien\u012f<\/em>\u201c ar \u201e<em>t\u0117vadien\u012f<\/em>\u201c, nor\u0117dami palyd\u0117ti vaikus \u012f pirmosios mokslo met\u0173 dienos \u0161vent\u0119, turi naudotis jiems priklausan\u010diu \u201e<em>mamadieniu<\/em>\u201c ar \u201e<em>t\u0117vadieniu<\/em>\u201c. Visgi, jeigu darbuotojas iki pirmosios mokslo met\u0173 dienos \u0161vent\u0117s bus pasinaudoj\u0119s jam priklausan\u010dia papildoma poilsio diena, darbuotojas gali susitarti su darbdaviu d\u0117l nemokamo laisvo laiko suteikimo, arba pateikti pra\u0161ym\u0105 suteikti nemokamas atostogas.<\/li>\n<li>Darbdavys negali netenkinti darbuotoj\u0173 pra\u0161ym\u0173 pasinaudoti priklausan\u010diu laisvu laiku nuo darbo pirm\u0105j\u0105 mokslo met\u0173 dien\u0105 arba priklausan\u010diu \u201e<em>mamadieniu<\/em>\u201c ar \u201e<em>t\u0117vadieniu<\/em>\u201c. Tod\u0117l tuo atveju, jeigu did\u017eioji dalis darbuotoj\u0173 pirm\u0105j\u0105 mokslo met\u0173 dien\u0105 naudojasi jiems priklausan\u010diomis garantijomis, darbdavys privalo i\u0161 anksto pasir\u016bpinti darbo organizavimu, t. y. pasirengti grafikus kada dirbs darbuotojai, darb\u0173 paskirstymu ir kita.<\/li>\n<li>Atidirbti u\u017e laisv\u0105 laik\u0105, ar papildom\u0105 poilsio dien\u0105, nereikia.<\/li>\n<li>Darbo kodeksas nenumato prie\u0161 kiek laiko darbuotojas privalo informuoti darbdav\u012f, kad naudosis jam priklausan\u010diomis garantijomis pirm\u0105j\u0105 mokslo met\u0173 dien\u0105. Visgi, darbo sutarties \u0161alims patartina vadovautis protingais terminais, t. y. pavyzd\u017eiui, darbuotojai tur\u0117t\u0173 \u012fsp\u0117ti darbdav\u012f, kad naudosis jiems priklausan\u010diomis garantijomis bent prie\u0161 5 darbo dienas.<\/li>\n<\/ul>\n","protected":false},"excerpt":{"rendered":"<p>Pirm\u0105j\u0105 mokslo met\u0173 dien\u0105, kuri \u0161iemet yra rugs\u0117jo 2 d., dirbantys t\u0117vai gali pasiimti pus\u0119 ar vis\u0105 laisv\u0105 dien\u0105 tam, kad gal\u0117t\u0173 palyd\u0117ti \u012f dar\u017eel\u012f ar mokykl\u0105 vaikus iki 14 met\u0173. Visgi specialistai pastebi, kad kasmet d\u0117l \u0161ios dienos kyla..<\/p>\n","protected":false},"author":19,"featured_media":28004,"comment_status":"closed","ping_status":"closed","sticky":false,"template":"","format":"standard","meta":{"_acf_changed":false,"inline_featured_image":false,"footnotes":""},"categories":[29],"country":[92],"class_list":["post-38865","post","type-post","status-publish","format-standard","has-post-thumbnail","hentry","category-uncategorized-lt","country-lithuania-lt"],"acf":[],"yoast_head":"<!-- This site is optimized with the Yoast SEO plugin v27.3 - https:\/\/yoast.com\/product\/yoast-seo-wordpress\/ -->\n<title>Pirmoji mokslo met\u0173 diena vaikams \u2013 laisvadienis t\u0117vams. K\u0105 b\u016btina \u017einoti? | COBALT<\/title>\n<meta name=\"description\" content=\"Pirmoji mokslo met\u0173 diena vaikams \u2013 laisvadienis t\u0117vams. K\u0105 b\u016btina \u017einoti?. News. Naujienos. Jaunumi. Uudised.\" \/>\n<meta name=\"robots\" content=\"index, follow, max-snippet:-1, max-image-preview:large, max-video-preview:-1\" \/>\n<link rel=\"canonical\" href=\"https:\/\/www.cobalt.legal\/lt\/news-cases\/pirmoji-mokslo-metu-diena-vaikams-laisvadienis-tevams-ka-butina-zinoti\/\" \/>\n<meta property=\"og:locale\" content=\"lt_LT\" \/>\n<meta property=\"og:type\" content=\"article\" \/>\n<meta property=\"og:title\" content=\"Pirmoji mokslo met\u0173 diena vaikams \u2013 laisvadienis t\u0117vams. K\u0105 b\u016btina \u017einoti? | COBALT\" \/>\n<meta property=\"og:description\" content=\"Pirmoji mokslo met\u0173 diena vaikams \u2013 laisvadienis t\u0117vams. K\u0105 b\u016btina \u017einoti?. News. Naujienos. Jaunumi. Uudised.\" \/>\n<meta property=\"og:url\" content=\"https:\/\/www.cobalt.legal\/lt\/news-cases\/pirmoji-mokslo-metu-diena-vaikams-laisvadienis-tevams-ka-butina-zinoti\/\" \/>\n<meta property=\"og:site_name\" content=\"COBALT\" \/>\n<meta property=\"article:publisher\" content=\"https:\/\/www.facebook.com\/CobaltLegal\/\" \/>\n<meta property=\"article:published_time\" content=\"2024-08-26T07:01:48+00:00\" \/>\n<meta property=\"og:image\" content=\"https:\/\/www.cobalt.legal\/wp-content\/uploads\/2023\/08\/egle-tamaviciute-oct.jpg\" \/>\n\t<meta property=\"og:image:width\" content=\"2044\" \/>\n\t<meta property=\"og:image:height\" content=\"1788\" \/>\n\t<meta property=\"og:image:type\" content=\"image\/jpeg\" \/>\n<meta name=\"author\" content=\"Mindaugas Gailius\" \/>\n<meta name=\"twitter:card\" content=\"summary_large_image\" \/>\n<meta name=\"twitter:label1\" content=\"Written by\" \/>\n\t<meta name=\"twitter:data1\" content=\"Mindaugas Gailius\" \/>\n\t<meta name=\"twitter:label2\" content=\"Est. reading time\" \/>\n\t<meta name=\"twitter:data2\" content=\"2 minut\u0117s\" \/>\n<script type=\"application\/ld+json\" class=\"yoast-schema-graph\">{\"@context\":\"https:\\\/\\\/schema.org\",\"@graph\":[{\"@type\":\"Article\",\"@id\":\"https:\\\/\\\/www.cobalt.legal\\\/lt\\\/news-cases\\\/pirmoji-mokslo-metu-diena-vaikams-laisvadienis-tevams-ka-butina-zinoti\\\/#article\",\"isPartOf\":{\"@id\":\"https:\\\/\\\/www.cobalt.legal\\\/lt\\\/news-cases\\\/pirmoji-mokslo-metu-diena-vaikams-laisvadienis-tevams-ka-butina-zinoti\\\/\"},\"author\":{\"name\":\"Mindaugas Gailius\",\"@id\":\"https:\\\/\\\/www.cobalt.legal\\\/lt\\\/#\\\/schema\\\/person\\\/7ba0eb856a5cbe413dbd6ae5a896740a\"},\"headline\":\"Pirmoji mokslo met\u0173 diena vaikams \u2013 laisvadienis t\u0117vams. K\u0105 b\u016btina \u017einoti?\",\"datePublished\":\"2024-08-26T07:01:48+00:00\",\"mainEntityOfPage\":{\"@id\":\"https:\\\/\\\/www.cobalt.legal\\\/lt\\\/news-cases\\\/pirmoji-mokslo-metu-diena-vaikams-laisvadienis-tevams-ka-butina-zinoti\\\/\"},\"wordCount\":344,\"publisher\":{\"@id\":\"https:\\\/\\\/www.cobalt.legal\\\/lt\\\/#organization\"},\"image\":{\"@id\":\"https:\\\/\\\/www.cobalt.legal\\\/lt\\\/news-cases\\\/pirmoji-mokslo-metu-diena-vaikams-laisvadienis-tevams-ka-butina-zinoti\\\/#primaryimage\"},\"thumbnailUrl\":\"https:\\\/\\\/www.cobalt.legal\\\/wp-content\\\/uploads\\\/2023\\\/08\\\/egle-tamaviciute-oct.jpg\",\"articleSection\":[\"Uncategorized @lt\"],\"inLanguage\":\"lt-LT\"},{\"@type\":\"WebPage\",\"@id\":\"https:\\\/\\\/www.cobalt.legal\\\/lt\\\/news-cases\\\/pirmoji-mokslo-metu-diena-vaikams-laisvadienis-tevams-ka-butina-zinoti\\\/\",\"url\":\"https:\\\/\\\/www.cobalt.legal\\\/lt\\\/news-cases\\\/pirmoji-mokslo-metu-diena-vaikams-laisvadienis-tevams-ka-butina-zinoti\\\/\",\"name\":\"Pirmoji mokslo met\u0173 diena vaikams \u2013 laisvadienis t\u0117vams. K\u0105 b\u016btina \u017einoti? | COBALT\",\"isPartOf\":{\"@id\":\"https:\\\/\\\/www.cobalt.legal\\\/lt\\\/#website\"},\"primaryImageOfPage\":{\"@id\":\"https:\\\/\\\/www.cobalt.legal\\\/lt\\\/news-cases\\\/pirmoji-mokslo-metu-diena-vaikams-laisvadienis-tevams-ka-butina-zinoti\\\/#primaryimage\"},\"image\":{\"@id\":\"https:\\\/\\\/www.cobalt.legal\\\/lt\\\/news-cases\\\/pirmoji-mokslo-metu-diena-vaikams-laisvadienis-tevams-ka-butina-zinoti\\\/#primaryimage\"},\"thumbnailUrl\":\"https:\\\/\\\/www.cobalt.legal\\\/wp-content\\\/uploads\\\/2023\\\/08\\\/egle-tamaviciute-oct.jpg\",\"datePublished\":\"2024-08-26T07:01:48+00:00\",\"description\":\"Pirmoji mokslo met\u0173 diena vaikams \u2013 laisvadienis t\u0117vams. K\u0105 b\u016btina \u017einoti?. News. Naujienos. Jaunumi. Uudised.\",\"breadcrumb\":{\"@id\":\"https:\\\/\\\/www.cobalt.legal\\\/lt\\\/news-cases\\\/pirmoji-mokslo-metu-diena-vaikams-laisvadienis-tevams-ka-butina-zinoti\\\/#breadcrumb\"},\"inLanguage\":\"lt-LT\",\"potentialAction\":[{\"@type\":\"ReadAction\",\"target\":[\"https:\\\/\\\/www.cobalt.legal\\\/lt\\\/news-cases\\\/pirmoji-mokslo-metu-diena-vaikams-laisvadienis-tevams-ka-butina-zinoti\\\/\"]}]},{\"@type\":\"ImageObject\",\"inLanguage\":\"lt-LT\",\"@id\":\"https:\\\/\\\/www.cobalt.legal\\\/lt\\\/news-cases\\\/pirmoji-mokslo-metu-diena-vaikams-laisvadienis-tevams-ka-butina-zinoti\\\/#primaryimage\",\"url\":\"https:\\\/\\\/www.cobalt.legal\\\/wp-content\\\/uploads\\\/2023\\\/08\\\/egle-tamaviciute-oct.jpg\",\"contentUrl\":\"https:\\\/\\\/www.cobalt.legal\\\/wp-content\\\/uploads\\\/2023\\\/08\\\/egle-tamaviciute-oct.jpg\",\"width\":2044,\"height\":1788},{\"@type\":\"BreadcrumbList\",\"@id\":\"https:\\\/\\\/www.cobalt.legal\\\/lt\\\/news-cases\\\/pirmoji-mokslo-metu-diena-vaikams-laisvadienis-tevams-ka-butina-zinoti\\\/#breadcrumb\",\"itemListElement\":[{\"@type\":\"ListItem\",\"position\":1,\"name\":\"Home\",\"item\":\"https:\\\/\\\/www.cobalt.legal\\\/lt\\\/\"},{\"@type\":\"ListItem\",\"position\":2,\"name\":\"Pirmoji mokslo met\u0173 diena vaikams \u2013 laisvadienis t\u0117vams. K\u0105 b\u016btina \u017einoti?\"}]},{\"@type\":\"WebSite\",\"@id\":\"https:\\\/\\\/www.cobalt.legal\\\/lt\\\/#website\",\"url\":\"https:\\\/\\\/www.cobalt.legal\\\/lt\\\/\",\"name\":\"COBALT\",\"description\":\"Top-tier law services in Estonia, Latvia and Lithuania\",\"publisher\":{\"@id\":\"https:\\\/\\\/www.cobalt.legal\\\/lt\\\/#organization\"},\"potentialAction\":[{\"@type\":\"SearchAction\",\"target\":{\"@type\":\"EntryPoint\",\"urlTemplate\":\"https:\\\/\\\/www.cobalt.legal\\\/lt\\\/?s={search_term_string}\"},\"query-input\":{\"@type\":\"PropertyValueSpecification\",\"valueRequired\":true,\"valueName\":\"search_term_string\"}}],\"inLanguage\":\"lt-LT\"},{\"@type\":\"Organization\",\"@id\":\"https:\\\/\\\/www.cobalt.legal\\\/lt\\\/#organization\",\"name\":\"COBALT\",\"url\":\"https:\\\/\\\/www.cobalt.legal\\\/lt\\\/\",\"logo\":{\"@type\":\"ImageObject\",\"inLanguage\":\"lt-LT\",\"@id\":\"https:\\\/\\\/www.cobalt.legal\\\/lt\\\/#\\\/schema\\\/logo\\\/image\\\/\",\"url\":\"https:\\\/\\\/www.cobalt.legal\\\/wp-content\\\/uploads\\\/2023\\\/04\\\/cobalt-logo.png\",\"contentUrl\":\"https:\\\/\\\/www.cobalt.legal\\\/wp-content\\\/uploads\\\/2023\\\/04\\\/cobalt-logo.png\",\"width\":400,\"height\":116,\"caption\":\"COBALT\"},\"image\":{\"@id\":\"https:\\\/\\\/www.cobalt.legal\\\/lt\\\/#\\\/schema\\\/logo\\\/image\\\/\"},\"sameAs\":[\"https:\\\/\\\/www.facebook.com\\\/CobaltLegal\\\/\"]},{\"@type\":\"Person\",\"@id\":\"https:\\\/\\\/www.cobalt.legal\\\/lt\\\/#\\\/schema\\\/person\\\/7ba0eb856a5cbe413dbd6ae5a896740a\",\"name\":\"Mindaugas Gailius\",\"url\":\"https:\\\/\\\/www.cobalt.legal\\\/lt\\\/author\\\/mindaugas\\\/\"}]}<\/script>\n<!-- \/ Yoast SEO plugin. -->","yoast_head_json":{"title":"Pirmoji mokslo met\u0173 diena vaikams \u2013 laisvadienis t\u0117vams. K\u0105 b\u016btina \u017einoti? | COBALT","description":"Pirmoji mokslo met\u0173 diena vaikams \u2013 laisvadienis t\u0117vams. K\u0105 b\u016btina \u017einoti?. News. Naujienos. Jaunumi. Uudised.","robots":{"index":"index","follow":"follow","max-snippet":"max-snippet:-1","max-image-preview":"max-image-preview:large","max-video-preview":"max-video-preview:-1"},"canonical":"https:\/\/www.cobalt.legal\/lt\/news-cases\/pirmoji-mokslo-metu-diena-vaikams-laisvadienis-tevams-ka-butina-zinoti\/","og_locale":"lt_LT","og_type":"article","og_title":"Pirmoji mokslo met\u0173 diena vaikams \u2013 laisvadienis t\u0117vams. K\u0105 b\u016btina \u017einoti? | COBALT","og_description":"Pirmoji mokslo met\u0173 diena vaikams \u2013 laisvadienis t\u0117vams. K\u0105 b\u016btina \u017einoti?. News. Naujienos. Jaunumi. Uudised.","og_url":"https:\/\/www.cobalt.legal\/lt\/news-cases\/pirmoji-mokslo-metu-diena-vaikams-laisvadienis-tevams-ka-butina-zinoti\/","og_site_name":"COBALT","article_publisher":"https:\/\/www.facebook.com\/CobaltLegal\/","article_published_time":"2024-08-26T07:01:48+00:00","og_image":[{"width":2044,"height":1788,"url":"https:\/\/www.cobalt.legal\/wp-content\/uploads\/2023\/08\/egle-tamaviciute-oct.jpg","type":"image\/jpeg"}],"author":"Mindaugas Gailius","twitter_card":"summary_large_image","twitter_misc":{"Written by":"Mindaugas Gailius","Est. reading time":"2 minut\u0117s"},"schema":{"@context":"https:\/\/schema.org","@graph":[{"@type":"Article","@id":"https:\/\/www.cobalt.legal\/lt\/news-cases\/pirmoji-mokslo-metu-diena-vaikams-laisvadienis-tevams-ka-butina-zinoti\/#article","isPartOf":{"@id":"https:\/\/www.cobalt.legal\/lt\/news-cases\/pirmoji-mokslo-metu-diena-vaikams-laisvadienis-tevams-ka-butina-zinoti\/"},"author":{"name":"Mindaugas Gailius","@id":"https:\/\/www.cobalt.legal\/lt\/#\/schema\/person\/7ba0eb856a5cbe413dbd6ae5a896740a"},"headline":"Pirmoji mokslo met\u0173 diena vaikams \u2013 laisvadienis t\u0117vams. K\u0105 b\u016btina \u017einoti?","datePublished":"2024-08-26T07:01:48+00:00","mainEntityOfPage":{"@id":"https:\/\/www.cobalt.legal\/lt\/news-cases\/pirmoji-mokslo-metu-diena-vaikams-laisvadienis-tevams-ka-butina-zinoti\/"},"wordCount":344,"publisher":{"@id":"https:\/\/www.cobalt.legal\/lt\/#organization"},"image":{"@id":"https:\/\/www.cobalt.legal\/lt\/news-cases\/pirmoji-mokslo-metu-diena-vaikams-laisvadienis-tevams-ka-butina-zinoti\/#primaryimage"},"thumbnailUrl":"https:\/\/www.cobalt.legal\/wp-content\/uploads\/2023\/08\/egle-tamaviciute-oct.jpg","articleSection":["Uncategorized @lt"],"inLanguage":"lt-LT"},{"@type":"WebPage","@id":"https:\/\/www.cobalt.legal\/lt\/news-cases\/pirmoji-mokslo-metu-diena-vaikams-laisvadienis-tevams-ka-butina-zinoti\/","url":"https:\/\/www.cobalt.legal\/lt\/news-cases\/pirmoji-mokslo-metu-diena-vaikams-laisvadienis-tevams-ka-butina-zinoti\/","name":"Pirmoji mokslo met\u0173 diena vaikams \u2013 laisvadienis t\u0117vams. K\u0105 b\u016btina \u017einoti? | COBALT","isPartOf":{"@id":"https:\/\/www.cobalt.legal\/lt\/#website"},"primaryImageOfPage":{"@id":"https:\/\/www.cobalt.legal\/lt\/news-cases\/pirmoji-mokslo-metu-diena-vaikams-laisvadienis-tevams-ka-butina-zinoti\/#primaryimage"},"image":{"@id":"https:\/\/www.cobalt.legal\/lt\/news-cases\/pirmoji-mokslo-metu-diena-vaikams-laisvadienis-tevams-ka-butina-zinoti\/#primaryimage"},"thumbnailUrl":"https:\/\/www.cobalt.legal\/wp-content\/uploads\/2023\/08\/egle-tamaviciute-oct.jpg","datePublished":"2024-08-26T07:01:48+00:00","description":"Pirmoji mokslo met\u0173 diena vaikams \u2013 laisvadienis t\u0117vams. K\u0105 b\u016btina \u017einoti?. News. Naujienos. Jaunumi. Uudised.","breadcrumb":{"@id":"https:\/\/www.cobalt.legal\/lt\/news-cases\/pirmoji-mokslo-metu-diena-vaikams-laisvadienis-tevams-ka-butina-zinoti\/#breadcrumb"},"inLanguage":"lt-LT","potentialAction":[{"@type":"ReadAction","target":["https:\/\/www.cobalt.legal\/lt\/news-cases\/pirmoji-mokslo-metu-diena-vaikams-laisvadienis-tevams-ka-butina-zinoti\/"]}]},{"@type":"ImageObject","inLanguage":"lt-LT","@id":"https:\/\/www.cobalt.legal\/lt\/news-cases\/pirmoji-mokslo-metu-diena-vaikams-laisvadienis-tevams-ka-butina-zinoti\/#primaryimage","url":"https:\/\/www.cobalt.legal\/wp-content\/uploads\/2023\/08\/egle-tamaviciute-oct.jpg","contentUrl":"https:\/\/www.cobalt.legal\/wp-content\/uploads\/2023\/08\/egle-tamaviciute-oct.jpg","width":2044,"height":1788},{"@type":"BreadcrumbList","@id":"https:\/\/www.cobalt.legal\/lt\/news-cases\/pirmoji-mokslo-metu-diena-vaikams-laisvadienis-tevams-ka-butina-zinoti\/#breadcrumb","itemListElement":[{"@type":"ListItem","position":1,"name":"Home","item":"https:\/\/www.cobalt.legal\/lt\/"},{"@type":"ListItem","position":2,"name":"Pirmoji mokslo met\u0173 diena vaikams \u2013 laisvadienis t\u0117vams. K\u0105 b\u016btina \u017einoti?"}]},{"@type":"WebSite","@id":"https:\/\/www.cobalt.legal\/lt\/#website","url":"https:\/\/www.cobalt.legal\/lt\/","name":"COBALT","description":"Top-tier law services in Estonia, Latvia and Lithuania","publisher":{"@id":"https:\/\/www.cobalt.legal\/lt\/#organization"},"potentialAction":[{"@type":"SearchAction","target":{"@type":"EntryPoint","urlTemplate":"https:\/\/www.cobalt.legal\/lt\/?s={search_term_string}"},"query-input":{"@type":"PropertyValueSpecification","valueRequired":true,"valueName":"search_term_string"}}],"inLanguage":"lt-LT"},{"@type":"Organization","@id":"https:\/\/www.cobalt.legal\/lt\/#organization","name":"COBALT","url":"https:\/\/www.cobalt.legal\/lt\/","logo":{"@type":"ImageObject","inLanguage":"lt-LT","@id":"https:\/\/www.cobalt.legal\/lt\/#\/schema\/logo\/image\/","url":"https:\/\/www.cobalt.legal\/wp-content\/uploads\/2023\/04\/cobalt-logo.png","contentUrl":"https:\/\/www.cobalt.legal\/wp-content\/uploads\/2023\/04\/cobalt-logo.png","width":400,"height":116,"caption":"COBALT"},"image":{"@id":"https:\/\/www.cobalt.legal\/lt\/#\/schema\/logo\/image\/"},"sameAs":["https:\/\/www.facebook.com\/CobaltLegal\/"]},{"@type":"Person","@id":"https:\/\/www.cobalt.legal\/lt\/#\/schema\/person\/7ba0eb856a5cbe413dbd6ae5a896740a","name":"Mindaugas Gailius","url":"https:\/\/www.cobalt.legal\/lt\/author\/mindaugas\/"}]}},"_links":{"self":[{"href":"https:\/\/www.cobalt.legal\/lt\/wp-json\/wp\/v2\/posts\/38865","targetHints":{"allow":["GET"]}}],"collection":[{"href":"https:\/\/www.cobalt.legal\/lt\/wp-json\/wp\/v2\/posts"}],"about":[{"href":"https:\/\/www.cobalt.legal\/lt\/wp-json\/wp\/v2\/types\/post"}],"author":[{"embeddable":true,"href":"https:\/\/www.cobalt.legal\/lt\/wp-json\/wp\/v2\/users\/19"}],"replies":[{"embeddable":true,"href":"https:\/\/www.cobalt.legal\/lt\/wp-json\/wp\/v2\/comments?post=38865"}],"version-history":[{"count":1,"href":"https:\/\/www.cobalt.legal\/lt\/wp-json\/wp\/v2\/posts\/38865\/revisions"}],"predecessor-version":[{"id":38866,"href":"https:\/\/www.cobalt.legal\/lt\/wp-json\/wp\/v2\/posts\/38865\/revisions\/38866"}],"wp:featuredmedia":[{"embeddable":true,"href":"https:\/\/www.cobalt.legal\/lt\/wp-json\/wp\/v2\/media\/28004"}],"wp:attachment":[{"href":"https:\/\/www.cobalt.legal\/lt\/wp-json\/wp\/v2\/media?parent=38865"}],"wp:term":[{"taxonomy":"category","embeddable":true,"href":"https:\/\/www.cobalt.legal\/lt\/wp-json\/wp\/v2\/categories?post=38865"},{"taxonomy":"country","embeddable":true,"href":"https:\/\/www.cobalt.legal\/lt\/wp-json\/wp\/v2\/country?post=38865"}],"curies":[{"name":"wp","href":"https:\/\/api.w.org\/{rel}","templated":true}]}}