{"id":52763,"date":"2026-03-05T12:34:29","date_gmt":"2026-03-05T10:34:29","guid":{"rendered":"https:\/\/www.cobalt.legal\/?p=52763"},"modified":"2026-03-18T15:45:18","modified_gmt":"2026-03-18T13:45:18","slug":"kreditoriu-konferencija-2026-tycinis-bankrotas-realios-kreditoriu-galimybes-prisiteisti-zalos-atlyginima","status":"publish","type":"post","link":"https:\/\/www.cobalt.legal\/lt\/news-cases\/kreditoriu-konferencija-2026-tycinis-bankrotas-realios-kreditoriu-galimybes-prisiteisti-zalos-atlyginima\/","title":{"rendered":"Kreditori\u0173 konferencija 2026: Ty\u010dinis bankrotas \u2013 realios kreditori\u0173 galimyb\u0117s prisiteisti \u017ealos atlyginim\u0105"},"content":{"rendered":"<p><strong>Kovo 26 d. renginyje \u201eKreditori\u0173 konferencija 2026: Ty\u010dinis bankrotas \u2013 realios kreditori\u0173 galimyb\u0117s prisiteisti \u017ealos atlyginim\u0105\u201c COBALT teisininkai kartu su kit\u0173 sri\u010di\u0173 ekspertais aptars aktualias temas, kurios bus naudingos visiems renginio dalyviams.<\/strong><\/p>\n<p>\u012eprastai juridinio asmens bankrotas pripa\u017e\u012fstamas ty\u010diniu, jeigu nustatoma, kad juridinio asmens nemokumas kilo d\u0117l s\u0105moningai blogo juridinio asmens valdymo. Teismas gali pripa\u017einti bankrot\u0105 ty\u010diniu ne tik savo ar nemokumo administratoriaus iniciatyva, bet ir kreditoriaus pra\u0161ymu. B\u016btent \u012fmon\u0117s bankroto pripa\u017einimas ty\u010diniu v\u0117liau atveria platesnes galimybes kreditoriams apginti savo pa\u017eeistas teises ir teis\u0117tus interesus.<\/p>\n<p>Konferencijoje su\u017einosite, kada \u012fmon\u0117s bankrotas gali b\u016bti pripa\u017eintas ty\u010diniu, koki\u0105 reik\u0161m\u0119 toks pripa\u017einimas turi kreditoriams, kaip kreditorius gali inicijuoti \u012fmon\u0117s bankroto pripa\u017einim\u0105 ty\u010diniu, taip pat gausite praktini\u0173 patarim\u0173 i\u0161 reali\u0173 byl\u0173, kuriose m\u016bs\u0173 klientai efektyviai prisiteis\u0117 \u017ealos atlyginim\u0105 i\u0161 d\u0117l ty\u010dinio bankroto atsaking\u0173 asmen\u0173.<\/p>\n<p>Kas laukia renginio metu?<\/p>\n<ul>\n<li>Pasaulio ir Lietuvos ekonomikos tendencijos: \u201eSwedbank\u201c vyresnioji ekonomist\u0117 Greta Ilekyt\u0117 ap\u017evelgs kokie signalai rodo augan\u010dias nemokumo rizikas ir kuriose srityse j\u0173 gali daug\u0117ti.<\/li>\n<li>Teism\u0173 praktika ir nauda kreditoriams: aptarsime naujausias bylas, \u012frodin\u0117jimo standartus ir teism\u0173 krypt\u012f \u2013 kada \u012fmon\u0117s bankrotas pripa\u017e\u012fstamas ty\u010diniu ir koki\u0105 reali\u0105 naud\u0105 tai sukuria bankrutuojan\u010dios \u012fmon\u0117s kreditoriams.<\/li>\n<li>Vadov\u0173 ir akcinink\u0173 atsakomyb\u0117: diskutuosime apie vadov\u0173 \/ akcinink\u0173 asmenin\u0119 atsakomyb\u0119 \u2013 ar tai mitas, ar realu kreditoriams prisiteisti \u017ealos atlyginim\u0105 i\u0161 d\u0117l ty\u010dinio bankroto atsaking\u0173 asmen\u0173.<\/li>\n<li>Panelin\u0117 diskusija: su RNDV \u012fmoni\u0173 grup\u0117s teis\u0117s skyriaus vadove Vaiva Borisiene, nemokumo administratoriumi Vygandu Urbanu ir Agne Varneliene, COBALT, tur\u0117sime panelin\u0119 diskusij\u0105 tema; \u201eAr ty\u010dinis bankrotas i\u0161 ties\u0173 veikia praktikoje?\u201c.<\/li>\n<\/ul>\n<p>\u0160is renginys suteiks praktini\u0173 \u017eini\u0173, reali\u0173 pavyzd\u017ei\u0173 ir ekspert\u0173 \u012f\u017evalg\u0173, pad\u0117sian\u010di\u0173 kreditoriams efektyviai veikti sud\u0117tingose finansin\u0117se situacijose.<\/p>\n<p><strong>Programa<\/strong><\/p>\n<p><strong>08:30 \u2013 09:00<\/strong> Registracija, pasitikimo kava<\/p>\n<p><strong>09:00 \u2013 09:10<\/strong> Sveikinimo \u017eodis<\/p>\n<p>Dr. Paulius Markovas, COBALT partneris<\/p>\n<p><strong>09:10 \u2013 09:40<\/strong> Pasaulio ir Lietuvos ekonomika 2026: diagnoz\u0117 ir perspektyvos<\/p>\n<p>Greta Ilekyt\u0117, Swedbank Lietuvoje ekonomist\u0117<\/p>\n<p><strong>09:40 \u2013 10:10<\/strong> Ty\u010dinis bankrotas praktikoje. Aktuali teism\u0173 praktika ir realios bylos.<\/p>\n<p>Dr. Paulius Markovas, COBALT partneris<\/p>\n<p><strong>10:10 \u2013 10:30<\/strong> Kavos pertrauka<\/p>\n<p><strong>10:30 \u2013 11:00<\/strong> Kai atsakomyb\u0117 tampa asmenin\u0117: vadov\u0173 ir akcinink\u0173 rizikos, \u017ealos i\u0161ie\u0161kojimas ir kreditori\u0173 strategijos.<\/p>\n<p>Dr. Ieva Strunkien\u0117, COBALT Vyresnioji teisinink\u0117<\/p>\n<p>Valdemaras Kovalevskis, COBALT Asocijuotas partneris<\/p>\n<p><strong>11:00 \u2013 11:30<\/strong> Panelin\u0117 diskusija: ar ty\u010dinis bankrotas i\u0161 ties\u0173 veikia praktikoje?<\/p>\n<p>Diskusij\u0105 moderuoja Agn\u0117 Varnelien\u0117, COBALT patar\u0117ja<\/p>\n<p>Diskusijoje dalyvauja: Vygandas Urbanas, nemokumo administratorius;<\/p>\n<p>Vaiva Borisien\u0117, Teis\u0117s skyriaus vadov\u0117, UAB RNDV Solutions<\/p>\n<p>&nbsp;<\/p>\n<p>Konferencija nemokama, registracija \u012f rengin\u012f privaloma.<\/p>\n<p>Kvie\u010diame registruotis \u0161ioje nuorodoje: <a href=\"https:\/\/luma.com\/2qbl7rgh\">https:\/\/luma.com\/2qbl7rgh<\/a><\/p>\n<p>Konferencija \u012fvyks vie\u0161butyje Radisson Collection Astorija Hotel (Did\u017eioji g. 35-2, Vilnius).<\/p>\n<p>&nbsp;<\/p>\n<h5><span style=\"color: #9fffec;\"><strong>Prane\u0161\u0117jai:<\/strong><\/span><\/h5>\n<p><strong>Dr. Paulius Markovas<\/strong> yra kontoros partneris, advokatas ir Bankroto ir restrukt\u016brizavimo teis\u0117s praktikos grup\u0117s vadovas COBALT Lietuvos biure, turintis vir\u0161 25 met\u0173 patirties bankroto ir restrukt\u016brizavimo, are\u0161tuoto turto realizavimo ir problemini\u0173 aktyv\u0173 pertvarkymo bei valdymo, atstovavimo teisme civilin\u0117se ir komercin\u0117se bylose bei konflikt\u0173 valdymo srityse. Jis dalyvauja ir konsultuoja daugelyje did\u017eiausi\u0173 rinkoje bankroto ir restrukt\u016brizavimo byl\u0173 ir nuolat atstovauja klientams visose teism\u0173 instancijose. Konsultuoja ir pataria atsinaujinan\u010dios energetikos projektus vystantiems klientams nuo 2006 m. Atstovauja Klient\u0173 interesus su atsinaujinan\u010dios energetikos pl\u0117tra susijusiuose gin\u010duose, valstybin\u0117se ir savivaldos institucijose, kuruoja reguliacinius bei probleminius projekt\u0173 vystymo aspektus. Dr. Markovas Vilniaus universitete \u012fgijo socialini\u0173 moksl\u0173 teis\u0117s krypties moksl\u0173 daktaro laipsn\u012f. Frankfurto prie Maino Goethe universitete (Vokietija) jam buvo suteiktas teis\u0117s ir finans\u0173 magistro laipsnis.<\/p>\n<p><strong>Valdemaras Kovalevskis<\/strong> yra COBALT asocijuotas partneris, advokatas bei Komercini\u0173 gin\u010d\u0173 praktikos narys. Jis turi didel\u0119 patirt\u012f konsultuojant u\u017esienio ir nacionalinius klientus \u012fvairaus pob\u016bd\u017eio teisiniais klausimais. Valdemaras Vilniaus universitete \u012fgijo teis\u0117s magistro laipsn\u012f (komercin\u0117s teis\u0117s specializacija). Prie\u0161 prisijungdamas prie COBALT jis dirbo keliose tarptautin\u0117se advokat\u0173 kontorose bei vienos \u012fmon\u0117s vidaus teisininku.<\/p>\n<p><strong>Agn\u0117 Varnelien\u0117<\/strong> yra patar\u0117ja COBALT Lietuvos biuro Bankroto ir restrukt\u016brizavimo praktikos grup\u0117je. Ji turi daugiau nei 18 met\u0173 profesin\u0119 patirt\u012f komercin\u0117s teis\u0117s ir gin\u010d\u0173 sprendimo srityse. Agn\u0117 specializuojasi sud\u0117ting\u0173 komercini\u0173 gin\u010d\u0173 sprendime, atstovauja \u017ealos atlyginimo bylose, konsultuoja klientus sprend\u017eiant \u012fmoni\u0173 valdymo organ\u0173 konfliktus. Ji aktyviai dalyvauja bankroto ir restrukt\u016brizavimo procesuose, kur atstovauja tiek kreditori\u0173, tiek \u012fmoni\u0173 interesus. Didel\u0117 Agn\u0117s profesin\u0117s veiklos dalis yra susijusi su energetikos sektoriumi. Ji konsultuoja klientus atsinaujinan\u010dios energetikos projekt\u0173 vystymo klausimais, rengia ir derina svarbius sandorius, sprend\u017eia reguliacinius i\u0161\u0161\u016bkius bei atstovauja gin\u010duose su nacionalin\u0117mis ir vietos vald\u017eios institucijomis.<\/p>\n<p><strong>Dr. Ieva Strunkien\u0117<\/strong> yra Bankroto ir restrukt\u016brizavimo praktikos grup\u0117s vyresnioji teisinink\u0117 COBALT Lietuvos biure, advokat\u0117. Ji turi daugiau nei 15 met\u0173 teisinio darbo patirties. Pastaruoju metu Ieva specializuojasi visais nemokumo \/ bankroto \/ restrukt\u016brizavimo klausimais. Taip pat turi sukaupusi patirt\u012f \u012fmoni\u0173 susijungimo ir \u012fsigijimo, \u012fmoni\u0173 valdymo, teisini\u0173 patikrinim\u0173 klausimais. Prie\u0161 prisijungdama prie advokat\u0173 kontoros COBALT Ieva dirbo kitose advokat\u0173 kontorose, patirties \u012fgijo Swedbank, AB grup\u0117s \u012fmon\u0117se, I\u0161tekli\u0173 agent\u016broje prie Lietuvos Respublikos vidaus reikal\u0173 ministerijos, notar\u0173 biure. Gyveno bei studijavo Jungtin\u0117je Karalyst\u0117je, ir jai buvo suteiktas teis\u0117s ir verslo bakalauro laipsnis. Ieva turi patirties teis\u0117k\u016bros srityje, kuri\u0105 \u012fgijo dirbdama Lietuvos Respublikos Seimo nario pad\u0117j\u0117ja.<\/p>\n<p><strong>Greta Ilekyt\u0117<\/strong> yra \u201eSwedbank\u201c vyresnioji ekonomist\u0117, ISM vadybos ir ekonomikos universiteto d\u0117stytoja. G.Ilekyt\u0117 analizuoja ne tik Lietuvos makroekonominius rodiklius, bet taip pat domisi ir centrini\u0173 bank\u0173 vykdoma politika, klimato kaitos poveikiu ekonomikai, gyventoj\u0173 migracijos tendencijomis. Ji taip pat aktyviai dalyvauja vie\u0161ojoje erdv\u0117je, ra\u0161ydama straipsnius ekonomikos temomis.<\/p>\n<p><strong>Vygandas Urbanas<\/strong> yra nemokumo administratorius. Darbo patirtis bankrot\u0173 ir restrukt\u016brizavim\u0173 srityje daugiau nei 15 met\u0173. S\u0117kmingai yra baig\u0119s 127 bankroto proced\u016bras (i\u0161 j\u0173 UAB Klaip\u0117dos hidrotechnika, UAB Utenos melioracija, UAB Impex house ir t.t.). \u0160iuo metu vykdo UAB Utenos trikota\u017eas, UAB Luk\u0161i\u0173 pienin\u0117 restrukt\u016brizavimo proced\u016bras. Aktyviai dalyvauja Nemokumo administratori\u0173 bendruomen\u0117s veikloje. Vygandas aktyviai dalyvauja ir veikian\u010di\u0173 versl\u0173 veikloje, tod\u0117l i\u0161 praktin\u0117s pus\u0117s i\u0161mano ne tik su finansiniais sunkumais susijusi\u0173 \u012fmoni\u0173 veikl\u0105. S\u0117kmingai supranta verslo subtilybes ir tinkamai sprend\u017eia naujus i\u0161\u0161\u016bkius bankroto ir restrukt\u016brizavimo procesuose.<\/p>\n<p><strong>Vaiva Borisien\u0117<\/strong> yra RNDV \u012fmoni\u0173 grup\u0117s Teis\u0117s skyriaus vadov\u0117. Vadovaudama teisinink\u0173 komandai, Vaiva reik\u0161mingai prisideda prie sud\u0117ting\u0173 projekt\u0173 \u012fgyvendinimo, rizik\u0173 valdymo ir tvaraus organizacijos augimo. RNDV \u012fmoni\u0173 grup\u0117 veikia civilin\u0117s ir pramonin\u0117s statybos rangos, nekilnojamojo turto vystymo, laiv\u0173 statybos bei atsinaujinan\u010dios energetikos srityse Europoje ir u\u017e jos rib\u0173.<\/p>\n","protected":false},"excerpt":{"rendered":"<p>Kovo 26 d. renginyje \u201eKreditori\u0173 konferencija 2026: Ty\u010dinis bankrotas \u2013 realios kreditori\u0173 galimyb\u0117s prisiteisti \u017ealos atlyginim\u0105\u201c COBALT teisininkai kartu su kit\u0173 sri\u010di\u0173 ekspertais aptars aktualias temas, kurios bus naudingos visiems renginio dalyviams. \u012eprastai juridinio asmens bankrotas pripa\u017e\u012fstamas ty\u010diniu, jeigu nustatoma,..<\/p>\n","protected":false},"author":19,"featured_media":52753,"comment_status":"closed","ping_status":"closed","sticky":false,"template":"","format":"standard","meta":{"_acf_changed":false,"inline_featured_image":false,"footnotes":""},"categories":[29],"country":[92],"class_list":["post-52763","post","type-post","status-publish","format-standard","has-post-thumbnail","hentry","category-uncategorized-lt","country-lithuania-lt"],"acf":[],"yoast_head":"<!-- This site is optimized with the Yoast SEO plugin v27.3 - https:\/\/yoast.com\/product\/yoast-seo-wordpress\/ -->\n<title>Kreditori\u0173 konferencija 2026: Ty\u010dinis bankrotas \u2013 realios kreditori\u0173 galimyb\u0117s prisiteisti \u017ealos atlyginim\u0105 | COBALT<\/title>\n<meta name=\"description\" content=\"Kreditori\u0173 konferencija 2026: Ty\u010dinis bankrotas \u2013 realios kreditori\u0173 galimyb\u0117s prisiteisti \u017ealos atlyginim\u0105. News. Naujienos. Jaunumi. Uudised.\" \/>\n<meta name=\"robots\" content=\"index, follow, max-snippet:-1, max-image-preview:large, max-video-preview:-1\" \/>\n<link rel=\"canonical\" href=\"https:\/\/www.cobalt.legal\/lt\/news-cases\/kreditoriu-konferencija-2026-tycinis-bankrotas-realios-kreditoriu-galimybes-prisiteisti-zalos-atlyginima\/\" \/>\n<meta property=\"og:locale\" content=\"lt_LT\" \/>\n<meta property=\"og:type\" content=\"article\" \/>\n<meta property=\"og:title\" content=\"Kreditori\u0173 konferencija 2026: Ty\u010dinis bankrotas \u2013 realios kreditori\u0173 galimyb\u0117s prisiteisti \u017ealos atlyginim\u0105 | COBALT\" \/>\n<meta property=\"og:description\" content=\"Kreditori\u0173 konferencija 2026: Ty\u010dinis bankrotas \u2013 realios kreditori\u0173 galimyb\u0117s prisiteisti \u017ealos atlyginim\u0105. News. Naujienos. Jaunumi. Uudised.\" \/>\n<meta property=\"og:url\" content=\"https:\/\/www.cobalt.legal\/lt\/news-cases\/kreditoriu-konferencija-2026-tycinis-bankrotas-realios-kreditoriu-galimybes-prisiteisti-zalos-atlyginima\/\" \/>\n<meta property=\"og:site_name\" content=\"COBALT\" \/>\n<meta property=\"article:publisher\" content=\"https:\/\/www.facebook.com\/CobaltLegal\/\" \/>\n<meta property=\"article:published_time\" content=\"2026-03-05T10:34:29+00:00\" \/>\n<meta property=\"article:modified_time\" content=\"2026-03-18T13:45:18+00:00\" \/>\n<meta property=\"og:image\" content=\"https:\/\/www.cobalt.legal\/wp-content\/uploads\/2026\/02\/3-1024x576.png\" \/>\n\t<meta property=\"og:image:width\" content=\"1024\" \/>\n\t<meta property=\"og:image:height\" content=\"576\" \/>\n\t<meta property=\"og:image:type\" content=\"image\/png\" \/>\n<meta name=\"author\" content=\"Mindaugas Gailius\" \/>\n<meta name=\"twitter:card\" content=\"summary_large_image\" \/>\n<meta name=\"twitter:label1\" content=\"Written by\" \/>\n\t<meta name=\"twitter:data1\" content=\"Mindaugas Gailius\" \/>\n\t<meta name=\"twitter:label2\" content=\"Est. reading time\" \/>\n\t<meta name=\"twitter:data2\" content=\"5 minut\u0117s\" \/>\n<script type=\"application\/ld+json\" class=\"yoast-schema-graph\">{\"@context\":\"https:\\\/\\\/schema.org\",\"@graph\":[{\"@type\":\"Article\",\"@id\":\"https:\\\/\\\/www.cobalt.legal\\\/lt\\\/news-cases\\\/kreditoriu-konferencija-2026-tycinis-bankrotas-realios-kreditoriu-galimybes-prisiteisti-zalos-atlyginima\\\/#article\",\"isPartOf\":{\"@id\":\"https:\\\/\\\/www.cobalt.legal\\\/lt\\\/news-cases\\\/kreditoriu-konferencija-2026-tycinis-bankrotas-realios-kreditoriu-galimybes-prisiteisti-zalos-atlyginima\\\/\"},\"author\":{\"name\":\"Mindaugas Gailius\",\"@id\":\"https:\\\/\\\/www.cobalt.legal\\\/lt\\\/#\\\/schema\\\/person\\\/7ba0eb856a5cbe413dbd6ae5a896740a\"},\"headline\":\"Kreditori\u0173 konferencija 2026: Ty\u010dinis bankrotas \u2013 realios kreditori\u0173 galimyb\u0117s prisiteisti \u017ealos atlyginim\u0105\",\"datePublished\":\"2026-03-05T10:34:29+00:00\",\"dateModified\":\"2026-03-18T13:45:18+00:00\",\"mainEntityOfPage\":{\"@id\":\"https:\\\/\\\/www.cobalt.legal\\\/lt\\\/news-cases\\\/kreditoriu-konferencija-2026-tycinis-bankrotas-realios-kreditoriu-galimybes-prisiteisti-zalos-atlyginima\\\/\"},\"wordCount\":1064,\"publisher\":{\"@id\":\"https:\\\/\\\/www.cobalt.legal\\\/lt\\\/#organization\"},\"image\":{\"@id\":\"https:\\\/\\\/www.cobalt.legal\\\/lt\\\/news-cases\\\/kreditoriu-konferencija-2026-tycinis-bankrotas-realios-kreditoriu-galimybes-prisiteisti-zalos-atlyginima\\\/#primaryimage\"},\"thumbnailUrl\":\"https:\\\/\\\/www.cobalt.legal\\\/wp-content\\\/uploads\\\/2026\\\/02\\\/3.png\",\"articleSection\":[\"Uncategorized @lt\"],\"inLanguage\":\"lt-LT\"},{\"@type\":\"WebPage\",\"@id\":\"https:\\\/\\\/www.cobalt.legal\\\/lt\\\/news-cases\\\/kreditoriu-konferencija-2026-tycinis-bankrotas-realios-kreditoriu-galimybes-prisiteisti-zalos-atlyginima\\\/\",\"url\":\"https:\\\/\\\/www.cobalt.legal\\\/lt\\\/news-cases\\\/kreditoriu-konferencija-2026-tycinis-bankrotas-realios-kreditoriu-galimybes-prisiteisti-zalos-atlyginima\\\/\",\"name\":\"Kreditori\u0173 konferencija 2026: Ty\u010dinis bankrotas \u2013 realios kreditori\u0173 galimyb\u0117s prisiteisti \u017ealos atlyginim\u0105 | COBALT\",\"isPartOf\":{\"@id\":\"https:\\\/\\\/www.cobalt.legal\\\/lt\\\/#website\"},\"primaryImageOfPage\":{\"@id\":\"https:\\\/\\\/www.cobalt.legal\\\/lt\\\/news-cases\\\/kreditoriu-konferencija-2026-tycinis-bankrotas-realios-kreditoriu-galimybes-prisiteisti-zalos-atlyginima\\\/#primaryimage\"},\"image\":{\"@id\":\"https:\\\/\\\/www.cobalt.legal\\\/lt\\\/news-cases\\\/kreditoriu-konferencija-2026-tycinis-bankrotas-realios-kreditoriu-galimybes-prisiteisti-zalos-atlyginima\\\/#primaryimage\"},\"thumbnailUrl\":\"https:\\\/\\\/www.cobalt.legal\\\/wp-content\\\/uploads\\\/2026\\\/02\\\/3.png\",\"datePublished\":\"2026-03-05T10:34:29+00:00\",\"dateModified\":\"2026-03-18T13:45:18+00:00\",\"description\":\"Kreditori\u0173 konferencija 2026: Ty\u010dinis bankrotas \u2013 realios kreditori\u0173 galimyb\u0117s prisiteisti \u017ealos atlyginim\u0105. News. Naujienos. Jaunumi. Uudised.\",\"breadcrumb\":{\"@id\":\"https:\\\/\\\/www.cobalt.legal\\\/lt\\\/news-cases\\\/kreditoriu-konferencija-2026-tycinis-bankrotas-realios-kreditoriu-galimybes-prisiteisti-zalos-atlyginima\\\/#breadcrumb\"},\"inLanguage\":\"lt-LT\",\"potentialAction\":[{\"@type\":\"ReadAction\",\"target\":[\"https:\\\/\\\/www.cobalt.legal\\\/lt\\\/news-cases\\\/kreditoriu-konferencija-2026-tycinis-bankrotas-realios-kreditoriu-galimybes-prisiteisti-zalos-atlyginima\\\/\"]}]},{\"@type\":\"ImageObject\",\"inLanguage\":\"lt-LT\",\"@id\":\"https:\\\/\\\/www.cobalt.legal\\\/lt\\\/news-cases\\\/kreditoriu-konferencija-2026-tycinis-bankrotas-realios-kreditoriu-galimybes-prisiteisti-zalos-atlyginima\\\/#primaryimage\",\"url\":\"https:\\\/\\\/www.cobalt.legal\\\/wp-content\\\/uploads\\\/2026\\\/02\\\/3.png\",\"contentUrl\":\"https:\\\/\\\/www.cobalt.legal\\\/wp-content\\\/uploads\\\/2026\\\/02\\\/3.png\",\"width\":1920,\"height\":1080},{\"@type\":\"BreadcrumbList\",\"@id\":\"https:\\\/\\\/www.cobalt.legal\\\/lt\\\/news-cases\\\/kreditoriu-konferencija-2026-tycinis-bankrotas-realios-kreditoriu-galimybes-prisiteisti-zalos-atlyginima\\\/#breadcrumb\",\"itemListElement\":[{\"@type\":\"ListItem\",\"position\":1,\"name\":\"Home\",\"item\":\"https:\\\/\\\/www.cobalt.legal\\\/lt\\\/\"},{\"@type\":\"ListItem\",\"position\":2,\"name\":\"Kreditori\u0173 konferencija 2026: Ty\u010dinis bankrotas \u2013 realios kreditori\u0173 galimyb\u0117s prisiteisti \u017ealos atlyginim\u0105\"}]},{\"@type\":\"WebSite\",\"@id\":\"https:\\\/\\\/www.cobalt.legal\\\/lt\\\/#website\",\"url\":\"https:\\\/\\\/www.cobalt.legal\\\/lt\\\/\",\"name\":\"COBALT\",\"description\":\"Top-tier law services in Estonia, Latvia and Lithuania\",\"publisher\":{\"@id\":\"https:\\\/\\\/www.cobalt.legal\\\/lt\\\/#organization\"},\"potentialAction\":[{\"@type\":\"SearchAction\",\"target\":{\"@type\":\"EntryPoint\",\"urlTemplate\":\"https:\\\/\\\/www.cobalt.legal\\\/lt\\\/?s={search_term_string}\"},\"query-input\":{\"@type\":\"PropertyValueSpecification\",\"valueRequired\":true,\"valueName\":\"search_term_string\"}}],\"inLanguage\":\"lt-LT\"},{\"@type\":\"Organization\",\"@id\":\"https:\\\/\\\/www.cobalt.legal\\\/lt\\\/#organization\",\"name\":\"COBALT\",\"url\":\"https:\\\/\\\/www.cobalt.legal\\\/lt\\\/\",\"logo\":{\"@type\":\"ImageObject\",\"inLanguage\":\"lt-LT\",\"@id\":\"https:\\\/\\\/www.cobalt.legal\\\/lt\\\/#\\\/schema\\\/logo\\\/image\\\/\",\"url\":\"https:\\\/\\\/www.cobalt.legal\\\/wp-content\\\/uploads\\\/2023\\\/04\\\/cobalt-logo.png\",\"contentUrl\":\"https:\\\/\\\/www.cobalt.legal\\\/wp-content\\\/uploads\\\/2023\\\/04\\\/cobalt-logo.png\",\"width\":400,\"height\":116,\"caption\":\"COBALT\"},\"image\":{\"@id\":\"https:\\\/\\\/www.cobalt.legal\\\/lt\\\/#\\\/schema\\\/logo\\\/image\\\/\"},\"sameAs\":[\"https:\\\/\\\/www.facebook.com\\\/CobaltLegal\\\/\"]},{\"@type\":\"Person\",\"@id\":\"https:\\\/\\\/www.cobalt.legal\\\/lt\\\/#\\\/schema\\\/person\\\/7ba0eb856a5cbe413dbd6ae5a896740a\",\"name\":\"Mindaugas Gailius\",\"url\":\"https:\\\/\\\/www.cobalt.legal\\\/lt\\\/author\\\/mindaugas\\\/\"}]}<\/script>\n<!-- \/ Yoast SEO plugin. -->","yoast_head_json":{"title":"Kreditori\u0173 konferencija 2026: Ty\u010dinis bankrotas \u2013 realios kreditori\u0173 galimyb\u0117s prisiteisti \u017ealos atlyginim\u0105 | COBALT","description":"Kreditori\u0173 konferencija 2026: Ty\u010dinis bankrotas \u2013 realios kreditori\u0173 galimyb\u0117s prisiteisti \u017ealos atlyginim\u0105. News. Naujienos. Jaunumi. Uudised.","robots":{"index":"index","follow":"follow","max-snippet":"max-snippet:-1","max-image-preview":"max-image-preview:large","max-video-preview":"max-video-preview:-1"},"canonical":"https:\/\/www.cobalt.legal\/lt\/news-cases\/kreditoriu-konferencija-2026-tycinis-bankrotas-realios-kreditoriu-galimybes-prisiteisti-zalos-atlyginima\/","og_locale":"lt_LT","og_type":"article","og_title":"Kreditori\u0173 konferencija 2026: Ty\u010dinis bankrotas \u2013 realios kreditori\u0173 galimyb\u0117s prisiteisti \u017ealos atlyginim\u0105 | COBALT","og_description":"Kreditori\u0173 konferencija 2026: Ty\u010dinis bankrotas \u2013 realios kreditori\u0173 galimyb\u0117s prisiteisti \u017ealos atlyginim\u0105. News. Naujienos. Jaunumi. Uudised.","og_url":"https:\/\/www.cobalt.legal\/lt\/news-cases\/kreditoriu-konferencija-2026-tycinis-bankrotas-realios-kreditoriu-galimybes-prisiteisti-zalos-atlyginima\/","og_site_name":"COBALT","article_publisher":"https:\/\/www.facebook.com\/CobaltLegal\/","article_published_time":"2026-03-05T10:34:29+00:00","article_modified_time":"2026-03-18T13:45:18+00:00","og_image":[{"width":1024,"height":576,"url":"https:\/\/www.cobalt.legal\/wp-content\/uploads\/2026\/02\/3-1024x576.png","type":"image\/png"}],"author":"Mindaugas Gailius","twitter_card":"summary_large_image","twitter_misc":{"Written by":"Mindaugas Gailius","Est. reading time":"5 minut\u0117s"},"schema":{"@context":"https:\/\/schema.org","@graph":[{"@type":"Article","@id":"https:\/\/www.cobalt.legal\/lt\/news-cases\/kreditoriu-konferencija-2026-tycinis-bankrotas-realios-kreditoriu-galimybes-prisiteisti-zalos-atlyginima\/#article","isPartOf":{"@id":"https:\/\/www.cobalt.legal\/lt\/news-cases\/kreditoriu-konferencija-2026-tycinis-bankrotas-realios-kreditoriu-galimybes-prisiteisti-zalos-atlyginima\/"},"author":{"name":"Mindaugas Gailius","@id":"https:\/\/www.cobalt.legal\/lt\/#\/schema\/person\/7ba0eb856a5cbe413dbd6ae5a896740a"},"headline":"Kreditori\u0173 konferencija 2026: Ty\u010dinis bankrotas \u2013 realios kreditori\u0173 galimyb\u0117s prisiteisti \u017ealos atlyginim\u0105","datePublished":"2026-03-05T10:34:29+00:00","dateModified":"2026-03-18T13:45:18+00:00","mainEntityOfPage":{"@id":"https:\/\/www.cobalt.legal\/lt\/news-cases\/kreditoriu-konferencija-2026-tycinis-bankrotas-realios-kreditoriu-galimybes-prisiteisti-zalos-atlyginima\/"},"wordCount":1064,"publisher":{"@id":"https:\/\/www.cobalt.legal\/lt\/#organization"},"image":{"@id":"https:\/\/www.cobalt.legal\/lt\/news-cases\/kreditoriu-konferencija-2026-tycinis-bankrotas-realios-kreditoriu-galimybes-prisiteisti-zalos-atlyginima\/#primaryimage"},"thumbnailUrl":"https:\/\/www.cobalt.legal\/wp-content\/uploads\/2026\/02\/3.png","articleSection":["Uncategorized @lt"],"inLanguage":"lt-LT"},{"@type":"WebPage","@id":"https:\/\/www.cobalt.legal\/lt\/news-cases\/kreditoriu-konferencija-2026-tycinis-bankrotas-realios-kreditoriu-galimybes-prisiteisti-zalos-atlyginima\/","url":"https:\/\/www.cobalt.legal\/lt\/news-cases\/kreditoriu-konferencija-2026-tycinis-bankrotas-realios-kreditoriu-galimybes-prisiteisti-zalos-atlyginima\/","name":"Kreditori\u0173 konferencija 2026: Ty\u010dinis bankrotas \u2013 realios kreditori\u0173 galimyb\u0117s prisiteisti \u017ealos atlyginim\u0105 | COBALT","isPartOf":{"@id":"https:\/\/www.cobalt.legal\/lt\/#website"},"primaryImageOfPage":{"@id":"https:\/\/www.cobalt.legal\/lt\/news-cases\/kreditoriu-konferencija-2026-tycinis-bankrotas-realios-kreditoriu-galimybes-prisiteisti-zalos-atlyginima\/#primaryimage"},"image":{"@id":"https:\/\/www.cobalt.legal\/lt\/news-cases\/kreditoriu-konferencija-2026-tycinis-bankrotas-realios-kreditoriu-galimybes-prisiteisti-zalos-atlyginima\/#primaryimage"},"thumbnailUrl":"https:\/\/www.cobalt.legal\/wp-content\/uploads\/2026\/02\/3.png","datePublished":"2026-03-05T10:34:29+00:00","dateModified":"2026-03-18T13:45:18+00:00","description":"Kreditori\u0173 konferencija 2026: Ty\u010dinis bankrotas \u2013 realios kreditori\u0173 galimyb\u0117s prisiteisti \u017ealos atlyginim\u0105. News. Naujienos. Jaunumi. Uudised.","breadcrumb":{"@id":"https:\/\/www.cobalt.legal\/lt\/news-cases\/kreditoriu-konferencija-2026-tycinis-bankrotas-realios-kreditoriu-galimybes-prisiteisti-zalos-atlyginima\/#breadcrumb"},"inLanguage":"lt-LT","potentialAction":[{"@type":"ReadAction","target":["https:\/\/www.cobalt.legal\/lt\/news-cases\/kreditoriu-konferencija-2026-tycinis-bankrotas-realios-kreditoriu-galimybes-prisiteisti-zalos-atlyginima\/"]}]},{"@type":"ImageObject","inLanguage":"lt-LT","@id":"https:\/\/www.cobalt.legal\/lt\/news-cases\/kreditoriu-konferencija-2026-tycinis-bankrotas-realios-kreditoriu-galimybes-prisiteisti-zalos-atlyginima\/#primaryimage","url":"https:\/\/www.cobalt.legal\/wp-content\/uploads\/2026\/02\/3.png","contentUrl":"https:\/\/www.cobalt.legal\/wp-content\/uploads\/2026\/02\/3.png","width":1920,"height":1080},{"@type":"BreadcrumbList","@id":"https:\/\/www.cobalt.legal\/lt\/news-cases\/kreditoriu-konferencija-2026-tycinis-bankrotas-realios-kreditoriu-galimybes-prisiteisti-zalos-atlyginima\/#breadcrumb","itemListElement":[{"@type":"ListItem","position":1,"name":"Home","item":"https:\/\/www.cobalt.legal\/lt\/"},{"@type":"ListItem","position":2,"name":"Kreditori\u0173 konferencija 2026: Ty\u010dinis bankrotas \u2013 realios kreditori\u0173 galimyb\u0117s prisiteisti \u017ealos atlyginim\u0105"}]},{"@type":"WebSite","@id":"https:\/\/www.cobalt.legal\/lt\/#website","url":"https:\/\/www.cobalt.legal\/lt\/","name":"COBALT","description":"Top-tier law services in Estonia, Latvia and Lithuania","publisher":{"@id":"https:\/\/www.cobalt.legal\/lt\/#organization"},"potentialAction":[{"@type":"SearchAction","target":{"@type":"EntryPoint","urlTemplate":"https:\/\/www.cobalt.legal\/lt\/?s={search_term_string}"},"query-input":{"@type":"PropertyValueSpecification","valueRequired":true,"valueName":"search_term_string"}}],"inLanguage":"lt-LT"},{"@type":"Organization","@id":"https:\/\/www.cobalt.legal\/lt\/#organization","name":"COBALT","url":"https:\/\/www.cobalt.legal\/lt\/","logo":{"@type":"ImageObject","inLanguage":"lt-LT","@id":"https:\/\/www.cobalt.legal\/lt\/#\/schema\/logo\/image\/","url":"https:\/\/www.cobalt.legal\/wp-content\/uploads\/2023\/04\/cobalt-logo.png","contentUrl":"https:\/\/www.cobalt.legal\/wp-content\/uploads\/2023\/04\/cobalt-logo.png","width":400,"height":116,"caption":"COBALT"},"image":{"@id":"https:\/\/www.cobalt.legal\/lt\/#\/schema\/logo\/image\/"},"sameAs":["https:\/\/www.facebook.com\/CobaltLegal\/"]},{"@type":"Person","@id":"https:\/\/www.cobalt.legal\/lt\/#\/schema\/person\/7ba0eb856a5cbe413dbd6ae5a896740a","name":"Mindaugas Gailius","url":"https:\/\/www.cobalt.legal\/lt\/author\/mindaugas\/"}]}},"_links":{"self":[{"href":"https:\/\/www.cobalt.legal\/lt\/wp-json\/wp\/v2\/posts\/52763","targetHints":{"allow":["GET"]}}],"collection":[{"href":"https:\/\/www.cobalt.legal\/lt\/wp-json\/wp\/v2\/posts"}],"about":[{"href":"https:\/\/www.cobalt.legal\/lt\/wp-json\/wp\/v2\/types\/post"}],"author":[{"embeddable":true,"href":"https:\/\/www.cobalt.legal\/lt\/wp-json\/wp\/v2\/users\/19"}],"replies":[{"embeddable":true,"href":"https:\/\/www.cobalt.legal\/lt\/wp-json\/wp\/v2\/comments?post=52763"}],"version-history":[{"count":13,"href":"https:\/\/www.cobalt.legal\/lt\/wp-json\/wp\/v2\/posts\/52763\/revisions"}],"predecessor-version":[{"id":53541,"href":"https:\/\/www.cobalt.legal\/lt\/wp-json\/wp\/v2\/posts\/52763\/revisions\/53541"}],"wp:featuredmedia":[{"embeddable":true,"href":"https:\/\/www.cobalt.legal\/lt\/wp-json\/wp\/v2\/media\/52753"}],"wp:attachment":[{"href":"https:\/\/www.cobalt.legal\/lt\/wp-json\/wp\/v2\/media?parent=52763"}],"wp:term":[{"taxonomy":"category","embeddable":true,"href":"https:\/\/www.cobalt.legal\/lt\/wp-json\/wp\/v2\/categories?post=52763"},{"taxonomy":"country","embeddable":true,"href":"https:\/\/www.cobalt.legal\/lt\/wp-json\/wp\/v2\/country?post=52763"}],"curies":[{"name":"wp","href":"https:\/\/api.w.org\/{rel}","templated":true}]}}