{"id":15926,"date":"2023-07-18T15:01:02","date_gmt":"2023-07-18T12:01:02","guid":{"rendered":"https:\/\/stage.www.cobalt.legal\/?p=15926"},"modified":"2023-10-31T11:17:46","modified_gmt":"2023-10-31T09:17:46","slug":"jaunie-sodi-par-negodigu-komercpraksi-vai-godigi-un-paredzami","status":"publish","type":"post","link":"https:\/\/www.cobalt.legal\/lv\/news-cases\/jaunie-sodi-par-negodigu-komercpraksi-vai-godigi-un-paredzami\/","title":{"rendered":"Jaunie sodi par negod\u012bgu komercpraksi \u2013 vai god\u012bgi un paredzami?"},"content":{"rendered":"<div class=\"main_paragraph\">\n<p>2023. gada 9. febru\u0101r\u012b steidzam\u012bbas k\u0101rt\u012bb\u0101 pie\u0146emti groz\u012bjumi Negod\u012bgas komercprakses aizlieguma likum\u0101, p\u0101r\u0146emot aktu\u0101lo ES regul\u0113jumu, kura m\u0113r\u0137is ir veicin\u0101t pat\u0113r\u0113t\u0101ju ties\u012bbu aizsardz\u012bbu vis\u0101s bloka dal\u012bbvalst\u012bs.<\/p>\n<p>Tas noz\u012bm\u0113, ka komersantiem aizvien r\u016bp\u012bg\u0101k j\u0101v\u0113rt\u0113 savi riski, \u0146emot v\u0113r\u0101 pieaugo\u0161o soda apm\u0113ru. T\u0101 k\u0101 regul\u0113jums nodal\u012bs viet\u0113jas noz\u012bmes p\u0101rk\u0101pumus, visticam\u0101k, praks\u0113 b\u016bs str\u012bds par to, vai p\u0101rk\u0101pums atbilst \u0161\u012bm paz\u012bm\u0113m, k\u0101 ar\u012b teor\u0113tiski ir iesp\u0113jama tiesved\u012bba Satversmes ties\u0101 par to, ka komersanti, kas sniedz vien\u0101du pakalpojumu, bet viens viet\u0113j\u0101 l\u012bmen\u012b, otrs \u2013 p\u0101rrobe\u017eu ietvaros, ir ar at\u0161\u0137ir\u012bg\u0101m sankcij\u0101m.<\/p>\n<p>Las\u012bt pla\u0161\u0101k <a href=\"https:\/\/forbesbaltics.com\/lv\/viedokli\/raksts\/jaunie-sodi-par-negodigu-komercpraksi---vai-godigi-un-paredzami\" target=\"_blank\" rel=\"noopener\">forbesbaltics.com<\/a>.<\/p>\n<\/div>\n","protected":false},"excerpt":{"rendered":"<p>2023. gada 9. febru\u0101r\u012b steidzam\u012bbas k\u0101rt\u012bb\u0101 pie\u0146emti groz\u012bjumi Negod\u012bgas komercprakses aizlieguma likum\u0101, p\u0101r\u0146emot aktu\u0101lo ES regul\u0113jumu, kura m\u0113r\u0137is ir veicin\u0101t pat\u0113r\u0113t\u0101ju ties\u012bbu aizsardz\u012bbu vis\u0101s bloka dal\u012bbvalst\u012bs. Tas noz\u012bm\u0113, ka komersantiem aizvien r\u016bp\u012bg\u0101k j\u0101v\u0113rt\u0113 savi riski, \u0146emot v\u0113r\u0101 pieaugo\u0161o soda apm\u0113ru&#8230;<\/p>\n","protected":false},"author":6,"featured_media":2841,"comment_status":"closed","ping_status":"closed","sticky":false,"template":"","format":"standard","meta":{"_acf_changed":false,"inline_featured_image":false,"footnotes":""},"categories":[3],"country":[96],"class_list":["post-15926","post","type-post","status-publish","format-standard","has-post-thumbnail","hentry","category-uncategorized-lv","country-latvia-lv"],"acf":[],"yoast_head":"<!-- This site is optimized with the Yoast SEO plugin v27.3 - https:\/\/yoast.com\/product\/yoast-seo-wordpress\/ -->\n<title>Jaunie sodi par negod\u012bgu komercpraksi \u2013 vai god\u012bgi un paredzami? | COBALT<\/title>\n<meta name=\"description\" content=\"Jaunie sodi par negod\u012bgu komercpraksi \u2013 vai god\u012bgi un paredzami?. News. Naujienos. Jaunumi. Uudised.\" \/>\n<meta name=\"robots\" content=\"index, follow, max-snippet:-1, max-image-preview:large, max-video-preview:-1\" \/>\n<link rel=\"canonical\" href=\"https:\/\/www.cobalt.legal\/lv\/news-cases\/jaunie-sodi-par-negodigu-komercpraksi-vai-godigi-un-paredzami\/\" \/>\n<meta property=\"og:locale\" content=\"lv_LV\" \/>\n<meta property=\"og:type\" content=\"article\" \/>\n<meta property=\"og:title\" content=\"Jaunie sodi par negod\u012bgu komercpraksi \u2013 vai god\u012bgi un paredzami? | COBALT\" \/>\n<meta property=\"og:description\" content=\"Jaunie sodi par negod\u012bgu komercpraksi \u2013 vai god\u012bgi un paredzami?. News. Naujienos. Jaunumi. Uudised.\" \/>\n<meta property=\"og:url\" content=\"https:\/\/www.cobalt.legal\/lv\/news-cases\/jaunie-sodi-par-negodigu-komercpraksi-vai-godigi-un-paredzami\/\" \/>\n<meta property=\"og:site_name\" content=\"COBALT\" \/>\n<meta property=\"article:publisher\" content=\"https:\/\/www.facebook.com\/CobaltLegal\/\" \/>\n<meta property=\"article:published_time\" content=\"2023-07-18T12:01:02+00:00\" \/>\n<meta property=\"article:modified_time\" content=\"2023-10-31T09:17:46+00:00\" \/>\n<meta property=\"og:image\" content=\"https:\/\/stage.www.cobalt.legal\/wp-content\/uploads\/2023\/04\/Jurijs-Georgs-Rusakovs-jpg.jpg\" \/>\n\t<meta property=\"og:image:width\" content=\"2044\" \/>\n\t<meta property=\"og:image:height\" content=\"1788\" \/>\n\t<meta property=\"og:image:type\" content=\"image\/jpeg\" \/>\n<meta name=\"author\" content=\"Ilze Augstkalne\" \/>\n<meta name=\"twitter:card\" content=\"summary_large_image\" \/>\n<meta name=\"twitter:label1\" content=\"Written by\" \/>\n\t<meta name=\"twitter:data1\" content=\"Ilze Augstkalne\" \/>\n\t<meta name=\"twitter:label2\" content=\"Est. reading time\" \/>\n\t<meta name=\"twitter:data2\" content=\"1 minute\" \/>\n<script type=\"application\/ld+json\" class=\"yoast-schema-graph\">{\"@context\":\"https:\\\/\\\/schema.org\",\"@graph\":[{\"@type\":\"Article\",\"@id\":\"https:\\\/\\\/www.cobalt.legal\\\/lv\\\/news-cases\\\/jaunie-sodi-par-negodigu-komercpraksi-vai-godigi-un-paredzami\\\/#article\",\"isPartOf\":{\"@id\":\"https:\\\/\\\/www.cobalt.legal\\\/lv\\\/news-cases\\\/jaunie-sodi-par-negodigu-komercpraksi-vai-godigi-un-paredzami\\\/\"},\"author\":{\"name\":\"Ilze Augstkalne\",\"@id\":\"https:\\\/\\\/www.cobalt.legal\\\/lv\\\/#\\\/schema\\\/person\\\/a96c052a2eba55b2f6b995c69436c3aa\"},\"headline\":\"Jaunie sodi par negod\u012bgu komercpraksi \u2013 vai god\u012bgi un paredzami?\",\"datePublished\":\"2023-07-18T12:01:02+00:00\",\"dateModified\":\"2023-10-31T09:17:46+00:00\",\"mainEntityOfPage\":{\"@id\":\"https:\\\/\\\/www.cobalt.legal\\\/lv\\\/news-cases\\\/jaunie-sodi-par-negodigu-komercpraksi-vai-godigi-un-paredzami\\\/\"},\"wordCount\":156,\"publisher\":{\"@id\":\"https:\\\/\\\/www.cobalt.legal\\\/lv\\\/#organization\"},\"image\":{\"@id\":\"https:\\\/\\\/www.cobalt.legal\\\/lv\\\/news-cases\\\/jaunie-sodi-par-negodigu-komercpraksi-vai-godigi-un-paredzami\\\/#primaryimage\"},\"thumbnailUrl\":\"https:\\\/\\\/www.cobalt.legal\\\/wp-content\\\/uploads\\\/2023\\\/04\\\/Jurijs-Georgs-Rusakovs-jpg.jpg\",\"articleSection\":[\"Uncategorized @lv\"],\"inLanguage\":\"lv-LV\"},{\"@type\":\"WebPage\",\"@id\":\"https:\\\/\\\/www.cobalt.legal\\\/lv\\\/news-cases\\\/jaunie-sodi-par-negodigu-komercpraksi-vai-godigi-un-paredzami\\\/\",\"url\":\"https:\\\/\\\/www.cobalt.legal\\\/lv\\\/news-cases\\\/jaunie-sodi-par-negodigu-komercpraksi-vai-godigi-un-paredzami\\\/\",\"name\":\"Jaunie sodi par negod\u012bgu komercpraksi \u2013 vai god\u012bgi un paredzami? | COBALT\",\"isPartOf\":{\"@id\":\"https:\\\/\\\/www.cobalt.legal\\\/lv\\\/#website\"},\"primaryImageOfPage\":{\"@id\":\"https:\\\/\\\/www.cobalt.legal\\\/lv\\\/news-cases\\\/jaunie-sodi-par-negodigu-komercpraksi-vai-godigi-un-paredzami\\\/#primaryimage\"},\"image\":{\"@id\":\"https:\\\/\\\/www.cobalt.legal\\\/lv\\\/news-cases\\\/jaunie-sodi-par-negodigu-komercpraksi-vai-godigi-un-paredzami\\\/#primaryimage\"},\"thumbnailUrl\":\"https:\\\/\\\/www.cobalt.legal\\\/wp-content\\\/uploads\\\/2023\\\/04\\\/Jurijs-Georgs-Rusakovs-jpg.jpg\",\"datePublished\":\"2023-07-18T12:01:02+00:00\",\"dateModified\":\"2023-10-31T09:17:46+00:00\",\"description\":\"Jaunie sodi par negod\u012bgu komercpraksi \u2013 vai god\u012bgi un paredzami?. News. Naujienos. Jaunumi. Uudised.\",\"breadcrumb\":{\"@id\":\"https:\\\/\\\/www.cobalt.legal\\\/lv\\\/news-cases\\\/jaunie-sodi-par-negodigu-komercpraksi-vai-godigi-un-paredzami\\\/#breadcrumb\"},\"inLanguage\":\"lv-LV\",\"potentialAction\":[{\"@type\":\"ReadAction\",\"target\":[\"https:\\\/\\\/www.cobalt.legal\\\/lv\\\/news-cases\\\/jaunie-sodi-par-negodigu-komercpraksi-vai-godigi-un-paredzami\\\/\"]}]},{\"@type\":\"ImageObject\",\"inLanguage\":\"lv-LV\",\"@id\":\"https:\\\/\\\/www.cobalt.legal\\\/lv\\\/news-cases\\\/jaunie-sodi-par-negodigu-komercpraksi-vai-godigi-un-paredzami\\\/#primaryimage\",\"url\":\"https:\\\/\\\/www.cobalt.legal\\\/wp-content\\\/uploads\\\/2023\\\/04\\\/Jurijs-Georgs-Rusakovs-jpg.jpg\",\"contentUrl\":\"https:\\\/\\\/www.cobalt.legal\\\/wp-content\\\/uploads\\\/2023\\\/04\\\/Jurijs-Georgs-Rusakovs-jpg.jpg\",\"width\":2044,\"height\":1788},{\"@type\":\"BreadcrumbList\",\"@id\":\"https:\\\/\\\/www.cobalt.legal\\\/lv\\\/news-cases\\\/jaunie-sodi-par-negodigu-komercpraksi-vai-godigi-un-paredzami\\\/#breadcrumb\",\"itemListElement\":[{\"@type\":\"ListItem\",\"position\":1,\"name\":\"Home\",\"item\":\"https:\\\/\\\/www.cobalt.legal\\\/lv\\\/\"},{\"@type\":\"ListItem\",\"position\":2,\"name\":\"Jaunie sodi par negod\u012bgu komercpraksi \u2013 vai god\u012bgi un paredzami?\"}]},{\"@type\":\"WebSite\",\"@id\":\"https:\\\/\\\/www.cobalt.legal\\\/lv\\\/#website\",\"url\":\"https:\\\/\\\/www.cobalt.legal\\\/lv\\\/\",\"name\":\"COBALT\",\"description\":\"Top-tier law services in Estonia, Latvia and Lithuania\",\"publisher\":{\"@id\":\"https:\\\/\\\/www.cobalt.legal\\\/lv\\\/#organization\"},\"potentialAction\":[{\"@type\":\"SearchAction\",\"target\":{\"@type\":\"EntryPoint\",\"urlTemplate\":\"https:\\\/\\\/www.cobalt.legal\\\/lv\\\/?s={search_term_string}\"},\"query-input\":{\"@type\":\"PropertyValueSpecification\",\"valueRequired\":true,\"valueName\":\"search_term_string\"}}],\"inLanguage\":\"lv-LV\"},{\"@type\":\"Organization\",\"@id\":\"https:\\\/\\\/www.cobalt.legal\\\/lv\\\/#organization\",\"name\":\"COBALT\",\"url\":\"https:\\\/\\\/www.cobalt.legal\\\/lv\\\/\",\"logo\":{\"@type\":\"ImageObject\",\"inLanguage\":\"lv-LV\",\"@id\":\"https:\\\/\\\/www.cobalt.legal\\\/lv\\\/#\\\/schema\\\/logo\\\/image\\\/\",\"url\":\"https:\\\/\\\/www.cobalt.legal\\\/wp-content\\\/uploads\\\/2023\\\/04\\\/cobalt-logo.png\",\"contentUrl\":\"https:\\\/\\\/www.cobalt.legal\\\/wp-content\\\/uploads\\\/2023\\\/04\\\/cobalt-logo.png\",\"width\":400,\"height\":116,\"caption\":\"COBALT\"},\"image\":{\"@id\":\"https:\\\/\\\/www.cobalt.legal\\\/lv\\\/#\\\/schema\\\/logo\\\/image\\\/\"},\"sameAs\":[\"https:\\\/\\\/www.facebook.com\\\/CobaltLegal\\\/\"]},{\"@type\":\"Person\",\"@id\":\"https:\\\/\\\/www.cobalt.legal\\\/lv\\\/#\\\/schema\\\/person\\\/a96c052a2eba55b2f6b995c69436c3aa\",\"name\":\"Ilze Augstkalne\",\"url\":\"https:\\\/\\\/www.cobalt.legal\\\/lv\\\/author\\\/ilze\\\/\"}]}<\/script>\n<!-- \/ Yoast SEO plugin. -->","yoast_head_json":{"title":"Jaunie sodi par negod\u012bgu komercpraksi \u2013 vai god\u012bgi un paredzami? | COBALT","description":"Jaunie sodi par negod\u012bgu komercpraksi \u2013 vai god\u012bgi un paredzami?. News. Naujienos. Jaunumi. Uudised.","robots":{"index":"index","follow":"follow","max-snippet":"max-snippet:-1","max-image-preview":"max-image-preview:large","max-video-preview":"max-video-preview:-1"},"canonical":"https:\/\/www.cobalt.legal\/lv\/news-cases\/jaunie-sodi-par-negodigu-komercpraksi-vai-godigi-un-paredzami\/","og_locale":"lv_LV","og_type":"article","og_title":"Jaunie sodi par negod\u012bgu komercpraksi \u2013 vai god\u012bgi un paredzami? | COBALT","og_description":"Jaunie sodi par negod\u012bgu komercpraksi \u2013 vai god\u012bgi un paredzami?. News. Naujienos. Jaunumi. Uudised.","og_url":"https:\/\/www.cobalt.legal\/lv\/news-cases\/jaunie-sodi-par-negodigu-komercpraksi-vai-godigi-un-paredzami\/","og_site_name":"COBALT","article_publisher":"https:\/\/www.facebook.com\/CobaltLegal\/","article_published_time":"2023-07-18T12:01:02+00:00","article_modified_time":"2023-10-31T09:17:46+00:00","og_image":[{"width":2044,"height":1788,"url":"https:\/\/stage.www.cobalt.legal\/wp-content\/uploads\/2023\/04\/Jurijs-Georgs-Rusakovs-jpg.jpg","type":"image\/jpeg"}],"author":"Ilze Augstkalne","twitter_card":"summary_large_image","twitter_misc":{"Written by":"Ilze Augstkalne","Est. reading time":"1 minute"},"schema":{"@context":"https:\/\/schema.org","@graph":[{"@type":"Article","@id":"https:\/\/www.cobalt.legal\/lv\/news-cases\/jaunie-sodi-par-negodigu-komercpraksi-vai-godigi-un-paredzami\/#article","isPartOf":{"@id":"https:\/\/www.cobalt.legal\/lv\/news-cases\/jaunie-sodi-par-negodigu-komercpraksi-vai-godigi-un-paredzami\/"},"author":{"name":"Ilze Augstkalne","@id":"https:\/\/www.cobalt.legal\/lv\/#\/schema\/person\/a96c052a2eba55b2f6b995c69436c3aa"},"headline":"Jaunie sodi par negod\u012bgu komercpraksi \u2013 vai god\u012bgi un paredzami?","datePublished":"2023-07-18T12:01:02+00:00","dateModified":"2023-10-31T09:17:46+00:00","mainEntityOfPage":{"@id":"https:\/\/www.cobalt.legal\/lv\/news-cases\/jaunie-sodi-par-negodigu-komercpraksi-vai-godigi-un-paredzami\/"},"wordCount":156,"publisher":{"@id":"https:\/\/www.cobalt.legal\/lv\/#organization"},"image":{"@id":"https:\/\/www.cobalt.legal\/lv\/news-cases\/jaunie-sodi-par-negodigu-komercpraksi-vai-godigi-un-paredzami\/#primaryimage"},"thumbnailUrl":"https:\/\/www.cobalt.legal\/wp-content\/uploads\/2023\/04\/Jurijs-Georgs-Rusakovs-jpg.jpg","articleSection":["Uncategorized @lv"],"inLanguage":"lv-LV"},{"@type":"WebPage","@id":"https:\/\/www.cobalt.legal\/lv\/news-cases\/jaunie-sodi-par-negodigu-komercpraksi-vai-godigi-un-paredzami\/","url":"https:\/\/www.cobalt.legal\/lv\/news-cases\/jaunie-sodi-par-negodigu-komercpraksi-vai-godigi-un-paredzami\/","name":"Jaunie sodi par negod\u012bgu komercpraksi \u2013 vai god\u012bgi un paredzami? | COBALT","isPartOf":{"@id":"https:\/\/www.cobalt.legal\/lv\/#website"},"primaryImageOfPage":{"@id":"https:\/\/www.cobalt.legal\/lv\/news-cases\/jaunie-sodi-par-negodigu-komercpraksi-vai-godigi-un-paredzami\/#primaryimage"},"image":{"@id":"https:\/\/www.cobalt.legal\/lv\/news-cases\/jaunie-sodi-par-negodigu-komercpraksi-vai-godigi-un-paredzami\/#primaryimage"},"thumbnailUrl":"https:\/\/www.cobalt.legal\/wp-content\/uploads\/2023\/04\/Jurijs-Georgs-Rusakovs-jpg.jpg","datePublished":"2023-07-18T12:01:02+00:00","dateModified":"2023-10-31T09:17:46+00:00","description":"Jaunie sodi par negod\u012bgu komercpraksi \u2013 vai god\u012bgi un paredzami?. News. Naujienos. Jaunumi. Uudised.","breadcrumb":{"@id":"https:\/\/www.cobalt.legal\/lv\/news-cases\/jaunie-sodi-par-negodigu-komercpraksi-vai-godigi-un-paredzami\/#breadcrumb"},"inLanguage":"lv-LV","potentialAction":[{"@type":"ReadAction","target":["https:\/\/www.cobalt.legal\/lv\/news-cases\/jaunie-sodi-par-negodigu-komercpraksi-vai-godigi-un-paredzami\/"]}]},{"@type":"ImageObject","inLanguage":"lv-LV","@id":"https:\/\/www.cobalt.legal\/lv\/news-cases\/jaunie-sodi-par-negodigu-komercpraksi-vai-godigi-un-paredzami\/#primaryimage","url":"https:\/\/www.cobalt.legal\/wp-content\/uploads\/2023\/04\/Jurijs-Georgs-Rusakovs-jpg.jpg","contentUrl":"https:\/\/www.cobalt.legal\/wp-content\/uploads\/2023\/04\/Jurijs-Georgs-Rusakovs-jpg.jpg","width":2044,"height":1788},{"@type":"BreadcrumbList","@id":"https:\/\/www.cobalt.legal\/lv\/news-cases\/jaunie-sodi-par-negodigu-komercpraksi-vai-godigi-un-paredzami\/#breadcrumb","itemListElement":[{"@type":"ListItem","position":1,"name":"Home","item":"https:\/\/www.cobalt.legal\/lv\/"},{"@type":"ListItem","position":2,"name":"Jaunie sodi par negod\u012bgu komercpraksi \u2013 vai god\u012bgi un paredzami?"}]},{"@type":"WebSite","@id":"https:\/\/www.cobalt.legal\/lv\/#website","url":"https:\/\/www.cobalt.legal\/lv\/","name":"COBALT","description":"Top-tier law services in Estonia, Latvia and Lithuania","publisher":{"@id":"https:\/\/www.cobalt.legal\/lv\/#organization"},"potentialAction":[{"@type":"SearchAction","target":{"@type":"EntryPoint","urlTemplate":"https:\/\/www.cobalt.legal\/lv\/?s={search_term_string}"},"query-input":{"@type":"PropertyValueSpecification","valueRequired":true,"valueName":"search_term_string"}}],"inLanguage":"lv-LV"},{"@type":"Organization","@id":"https:\/\/www.cobalt.legal\/lv\/#organization","name":"COBALT","url":"https:\/\/www.cobalt.legal\/lv\/","logo":{"@type":"ImageObject","inLanguage":"lv-LV","@id":"https:\/\/www.cobalt.legal\/lv\/#\/schema\/logo\/image\/","url":"https:\/\/www.cobalt.legal\/wp-content\/uploads\/2023\/04\/cobalt-logo.png","contentUrl":"https:\/\/www.cobalt.legal\/wp-content\/uploads\/2023\/04\/cobalt-logo.png","width":400,"height":116,"caption":"COBALT"},"image":{"@id":"https:\/\/www.cobalt.legal\/lv\/#\/schema\/logo\/image\/"},"sameAs":["https:\/\/www.facebook.com\/CobaltLegal\/"]},{"@type":"Person","@id":"https:\/\/www.cobalt.legal\/lv\/#\/schema\/person\/a96c052a2eba55b2f6b995c69436c3aa","name":"Ilze Augstkalne","url":"https:\/\/www.cobalt.legal\/lv\/author\/ilze\/"}]}},"_links":{"self":[{"href":"https:\/\/www.cobalt.legal\/lv\/wp-json\/wp\/v2\/posts\/15926","targetHints":{"allow":["GET"]}}],"collection":[{"href":"https:\/\/www.cobalt.legal\/lv\/wp-json\/wp\/v2\/posts"}],"about":[{"href":"https:\/\/www.cobalt.legal\/lv\/wp-json\/wp\/v2\/types\/post"}],"author":[{"embeddable":true,"href":"https:\/\/www.cobalt.legal\/lv\/wp-json\/wp\/v2\/users\/6"}],"replies":[{"embeddable":true,"href":"https:\/\/www.cobalt.legal\/lv\/wp-json\/wp\/v2\/comments?post=15926"}],"version-history":[{"count":1,"href":"https:\/\/www.cobalt.legal\/lv\/wp-json\/wp\/v2\/posts\/15926\/revisions"}],"predecessor-version":[{"id":15927,"href":"https:\/\/www.cobalt.legal\/lv\/wp-json\/wp\/v2\/posts\/15926\/revisions\/15927"}],"wp:featuredmedia":[{"embeddable":true,"href":"https:\/\/www.cobalt.legal\/lv\/wp-json\/wp\/v2\/media\/2841"}],"wp:attachment":[{"href":"https:\/\/www.cobalt.legal\/lv\/wp-json\/wp\/v2\/media?parent=15926"}],"wp:term":[{"taxonomy":"category","embeddable":true,"href":"https:\/\/www.cobalt.legal\/lv\/wp-json\/wp\/v2\/categories?post=15926"},{"taxonomy":"country","embeddable":true,"href":"https:\/\/www.cobalt.legal\/lv\/wp-json\/wp\/v2\/country?post=15926"}],"curies":[{"name":"wp","href":"https:\/\/api.w.org\/{rel}","templated":true}]}}