{"id":18686,"date":"2023-08-06T14:33:40","date_gmt":"2023-08-06T11:33:40","guid":{"rendered":"https:\/\/stage.www.cobalt.legal\/?p=18686"},"modified":"2023-08-06T14:33:40","modified_gmt":"2023-08-06T11:33:40","slug":"vid-tiesibas-pieprasit-uznemumam-personu-datus","status":"publish","type":"post","link":"https:\/\/www.cobalt.legal\/lv\/news-cases\/vid-tiesibas-pieprasit-uznemumam-personu-datus\/","title":{"rendered":"VID ties\u012bbas piepras\u012bt uz\u0146\u0113mumam personu datus"},"content":{"rendered":"<p><strong>K\u0101dos gad\u012bjumos iest\u0101des dr\u012bkst uz\u0146\u0113mumiem piepras\u012bt inform\u0101ciju par to klientiem? Vai \u0161\u0101di dati vienm\u0113r j\u0101sniedz? Un vai klientu zi\u0146u apstr\u0101de nep\u0101rk\u0101pj datu aizsardz\u012bbas principus? At\u0161\u0137ir\u012bgi viedok\u013ci bija Valsts ie\u0146\u0113mumu dienestam (VID) un sludin\u0101jumu port\u0101lam Ss.lv. Kuram pievienoj\u0101s tiesa?<\/strong><\/p>\n<p>Inform\u0101cija un dati m\u016bsdien\u0101s ir nenov\u0113rt\u0113jams resurss, kura izmanto\u0161anas iesp\u0113jas l\u012bdz ar tehnolo\u0123iju att\u012bst\u012bbu papla\u0161in\u0101s katru dienu. Da\u017ebr\u012bd \u0161\u0137iet, ka atbildes uz analiz\u0113jamiem jaut\u0101jumiem ir turpat blakus, ja vien var\u0113tu sal\u012bdzin\u0101t un analiz\u0113t divu vai vair\u0101ku da\u017e\u0101du datub\u0101zu saturu. Tom\u0113r ikviena datub\u0101ze izveidota un taj\u0101 ietvert\u0101 inform\u0101cija un dati izmantojami noteiktiem m\u0113r\u0137iem, kas visbie\u017e\u0101k ierobe\u017eo vai pat aizliedz t\u0101s lietot citiem nol\u016bkiem.<\/p>\n<p>\u012apa\u0161i svar\u012bgi to iev\u0113rot, veicot darb\u012bbas ar fizisku personu datiem. Kop\u0161 piem\u0113rojama\u00a0<a href=\"https:\/\/eur-lex.europa.eu\/legal-content\/LV\/TXT\/HTML\/?uri=CELEX:32016R0679&amp;from=LV\" target=\"_blank\" rel=\"noopener\">regula\u00a02016\/679<\/a>\u00a0jeb Visp\u0101r\u012bg\u0101 datu aizsardz\u012bbas regula, pastiprin\u0101ta uzman\u012bba velt\u012bta personas datu apstr\u0101dei un aizsardz\u012bbai. Tom\u0113r, k\u0101 noteikts\u00a0<a href=\"https:\/\/eur-lex.europa.eu\/legal-content\/LV\/TXT\/HTML\/?uri=CELEX:32016R0679&amp;from=LV\" target=\"_blank\" rel=\"noopener\">regulas<\/a>\u00a0preambulas 4. paragr\u0101f\u0101, personas datu apstr\u0101dei j\u0101kalpo cilv\u0113kam un ties\u012bbas uz personas datu aizsardz\u012bbu nav absol\u016bta prerogat\u012bva\u00a0\u2013 ir j\u0101\u0146em v\u0113r\u0101 to funkcijas sabiedr\u012bb\u0101 un t\u0101s j\u0101l\u012bdzsvaro ar cit\u0101m pamatties\u012bb\u0101m, iev\u0113rojot proporcionalit\u0101tes principu.<\/p>\n<p>Turkl\u0101t atbilsto\u0161i\u00a0<a href=\"https:\/\/eur-lex.europa.eu\/legal-content\/LV\/TXT\/HTML\/?uri=CELEX:32016R0679&amp;from=LV\" target=\"_blank\" rel=\"noopener\">regulas<\/a>\u00a0preambulas 19.\u00a0paragr\u0101fam t\u0101s noteikumi nav j\u0101piem\u0113ro apstr\u0101des darb\u012bb\u0101m, ko veic kompetentas iest\u0101des, lai nov\u0113rstu, izmekl\u0113tu un atkl\u0101tu noziedz\u012bgus nodar\u012bjumus vai piem\u0113rotu atbild\u012bbu par tiem. \u0160\u012b iz\u0146\u0113muma piem\u0113ro\u0161ana detaliz\u0113t\u0101k noteikta\u00a0<a href=\"https:\/\/eur-lex.europa.eu\/legal-content\/LV\/TXT\/HTML\/?uri=CELEX:32016L0680&amp;from=LV\" target=\"_blank\" rel=\"noopener\">direkt\u012bv\u0101\u00a02016\/680<\/a>\u00a0par fizisku personu aizsardz\u012bbu attiec\u012bb\u0101 uz personas datu apstr\u0101di, ko veic kompetent\u0101s iest\u0101des, lai nov\u0113rstu, izmekl\u0113tu, atkl\u0101tu noziedz\u012bgus nodar\u012bjumusvai sauktu pie atbild\u012bbas par tiem vai izpild\u012btu krimin\u0101lsodus, un par \u0161\u0101du datu br\u012bvu apriti.<\/p>\n<p><a href=\"https:\/\/itiesibas.lv\/ru\/statji\/tiesvedibas\/tiesvedibas\/bizness-vid-tiesibas-pieprasit-uznemumam-personu-datus\/22848\" target=\"_blank\" rel=\"noopener\">Las\u012bt pla\u0161\u0101k<\/a>.<\/p>\n","protected":false},"excerpt":{"rendered":"<p>K\u0101dos gad\u012bjumos iest\u0101des dr\u012bkst uz\u0146\u0113mumiem piepras\u012bt inform\u0101ciju par to klientiem? Vai \u0161\u0101di dati vienm\u0113r j\u0101sniedz? Un vai klientu zi\u0146u apstr\u0101de nep\u0101rk\u0101pj datu aizsardz\u012bbas principus? At\u0161\u0137ir\u012bgi viedok\u013ci bija Valsts ie\u0146\u0113mumu dienestam (VID) un sludin\u0101jumu port\u0101lam Ss.lv. Kuram pievienoj\u0101s tiesa? Inform\u0101cija un..<\/p>\n","protected":false},"author":6,"featured_media":18687,"comment_status":"closed","ping_status":"closed","sticky":false,"template":"","format":"standard","meta":{"_acf_changed":false,"inline_featured_image":false,"footnotes":""},"categories":[3],"country":[96],"class_list":["post-18686","post","type-post","status-publish","format-standard","has-post-thumbnail","hentry","category-uncategorized-lv","country-latvia-lv"],"acf":[],"yoast_head":"<!-- This site is optimized with the Yoast SEO plugin v27.3 - https:\/\/yoast.com\/product\/yoast-seo-wordpress\/ -->\n<title>VID ties\u012bbas piepras\u012bt uz\u0146\u0113mumam personu datus | COBALT<\/title>\n<meta name=\"description\" content=\"VID ties\u012bbas piepras\u012bt uz\u0146\u0113mumam personu datus. News. Naujienos. Jaunumi. Uudised.\" \/>\n<meta name=\"robots\" content=\"index, follow, max-snippet:-1, max-image-preview:large, max-video-preview:-1\" \/>\n<link rel=\"canonical\" href=\"https:\/\/www.cobalt.legal\/lv\/news-cases\/vid-tiesibas-pieprasit-uznemumam-personu-datus\/\" \/>\n<meta property=\"og:locale\" content=\"lv_LV\" \/>\n<meta property=\"og:type\" content=\"article\" \/>\n<meta property=\"og:title\" content=\"VID ties\u012bbas piepras\u012bt uz\u0146\u0113mumam personu datus | COBALT\" \/>\n<meta property=\"og:description\" content=\"VID ties\u012bbas piepras\u012bt uz\u0146\u0113mumam personu datus. News. Naujienos. Jaunumi. Uudised.\" \/>\n<meta property=\"og:url\" content=\"https:\/\/www.cobalt.legal\/lv\/news-cases\/vid-tiesibas-pieprasit-uznemumam-personu-datus\/\" \/>\n<meta property=\"og:site_name\" content=\"COBALT\" \/>\n<meta property=\"article:publisher\" content=\"https:\/\/www.facebook.com\/CobaltLegal\/\" \/>\n<meta property=\"article:published_time\" content=\"2023-08-06T11:33:40+00:00\" \/>\n<meta property=\"og:image\" content=\"https:\/\/www.cobalt.legal\/wp-content\/uploads\/2023\/08\/thumbnail-98.png\" \/>\n\t<meta property=\"og:image:width\" content=\"599\" \/>\n\t<meta property=\"og:image:height\" content=\"600\" \/>\n\t<meta property=\"og:image:type\" content=\"image\/png\" \/>\n<meta name=\"author\" content=\"Ilze Augstkalne\" \/>\n<meta name=\"twitter:card\" content=\"summary_large_image\" \/>\n<meta name=\"twitter:label1\" content=\"Written by\" \/>\n\t<meta name=\"twitter:data1\" content=\"Ilze Augstkalne\" \/>\n\t<meta name=\"twitter:label2\" content=\"Est. reading time\" \/>\n\t<meta name=\"twitter:data2\" content=\"2 minutes\" \/>\n<script type=\"application\/ld+json\" class=\"yoast-schema-graph\">{\"@context\":\"https:\\\/\\\/schema.org\",\"@graph\":[{\"@type\":\"Article\",\"@id\":\"https:\\\/\\\/www.cobalt.legal\\\/lv\\\/news-cases\\\/vid-tiesibas-pieprasit-uznemumam-personu-datus\\\/#article\",\"isPartOf\":{\"@id\":\"https:\\\/\\\/www.cobalt.legal\\\/lv\\\/news-cases\\\/vid-tiesibas-pieprasit-uznemumam-personu-datus\\\/\"},\"author\":{\"name\":\"Ilze Augstkalne\",\"@id\":\"https:\\\/\\\/www.cobalt.legal\\\/lv\\\/#\\\/schema\\\/person\\\/a96c052a2eba55b2f6b995c69436c3aa\"},\"headline\":\"VID ties\u012bbas piepras\u012bt uz\u0146\u0113mumam personu datus\",\"datePublished\":\"2023-08-06T11:33:40+00:00\",\"mainEntityOfPage\":{\"@id\":\"https:\\\/\\\/www.cobalt.legal\\\/lv\\\/news-cases\\\/vid-tiesibas-pieprasit-uznemumam-personu-datus\\\/\"},\"wordCount\":364,\"publisher\":{\"@id\":\"https:\\\/\\\/www.cobalt.legal\\\/lv\\\/#organization\"},\"image\":{\"@id\":\"https:\\\/\\\/www.cobalt.legal\\\/lv\\\/news-cases\\\/vid-tiesibas-pieprasit-uznemumam-personu-datus\\\/#primaryimage\"},\"thumbnailUrl\":\"https:\\\/\\\/www.cobalt.legal\\\/wp-content\\\/uploads\\\/2023\\\/08\\\/thumbnail-98.png\",\"articleSection\":[\"Uncategorized @lv\"],\"inLanguage\":\"lv-LV\"},{\"@type\":\"WebPage\",\"@id\":\"https:\\\/\\\/www.cobalt.legal\\\/lv\\\/news-cases\\\/vid-tiesibas-pieprasit-uznemumam-personu-datus\\\/\",\"url\":\"https:\\\/\\\/www.cobalt.legal\\\/lv\\\/news-cases\\\/vid-tiesibas-pieprasit-uznemumam-personu-datus\\\/\",\"name\":\"VID ties\u012bbas piepras\u012bt uz\u0146\u0113mumam personu datus | COBALT\",\"isPartOf\":{\"@id\":\"https:\\\/\\\/www.cobalt.legal\\\/lv\\\/#website\"},\"primaryImageOfPage\":{\"@id\":\"https:\\\/\\\/www.cobalt.legal\\\/lv\\\/news-cases\\\/vid-tiesibas-pieprasit-uznemumam-personu-datus\\\/#primaryimage\"},\"image\":{\"@id\":\"https:\\\/\\\/www.cobalt.legal\\\/lv\\\/news-cases\\\/vid-tiesibas-pieprasit-uznemumam-personu-datus\\\/#primaryimage\"},\"thumbnailUrl\":\"https:\\\/\\\/www.cobalt.legal\\\/wp-content\\\/uploads\\\/2023\\\/08\\\/thumbnail-98.png\",\"datePublished\":\"2023-08-06T11:33:40+00:00\",\"description\":\"VID ties\u012bbas piepras\u012bt uz\u0146\u0113mumam personu datus. News. Naujienos. Jaunumi. Uudised.\",\"breadcrumb\":{\"@id\":\"https:\\\/\\\/www.cobalt.legal\\\/lv\\\/news-cases\\\/vid-tiesibas-pieprasit-uznemumam-personu-datus\\\/#breadcrumb\"},\"inLanguage\":\"lv-LV\",\"potentialAction\":[{\"@type\":\"ReadAction\",\"target\":[\"https:\\\/\\\/www.cobalt.legal\\\/lv\\\/news-cases\\\/vid-tiesibas-pieprasit-uznemumam-personu-datus\\\/\"]}]},{\"@type\":\"ImageObject\",\"inLanguage\":\"lv-LV\",\"@id\":\"https:\\\/\\\/www.cobalt.legal\\\/lv\\\/news-cases\\\/vid-tiesibas-pieprasit-uznemumam-personu-datus\\\/#primaryimage\",\"url\":\"https:\\\/\\\/www.cobalt.legal\\\/wp-content\\\/uploads\\\/2023\\\/08\\\/thumbnail-98.png\",\"contentUrl\":\"https:\\\/\\\/www.cobalt.legal\\\/wp-content\\\/uploads\\\/2023\\\/08\\\/thumbnail-98.png\",\"width\":599,\"height\":600},{\"@type\":\"BreadcrumbList\",\"@id\":\"https:\\\/\\\/www.cobalt.legal\\\/lv\\\/news-cases\\\/vid-tiesibas-pieprasit-uznemumam-personu-datus\\\/#breadcrumb\",\"itemListElement\":[{\"@type\":\"ListItem\",\"position\":1,\"name\":\"Home\",\"item\":\"https:\\\/\\\/www.cobalt.legal\\\/lv\\\/\"},{\"@type\":\"ListItem\",\"position\":2,\"name\":\"VID ties\u012bbas piepras\u012bt uz\u0146\u0113mumam personu datus\"}]},{\"@type\":\"WebSite\",\"@id\":\"https:\\\/\\\/www.cobalt.legal\\\/lv\\\/#website\",\"url\":\"https:\\\/\\\/www.cobalt.legal\\\/lv\\\/\",\"name\":\"COBALT\",\"description\":\"Top-tier law services in Estonia, Latvia and Lithuania\",\"publisher\":{\"@id\":\"https:\\\/\\\/www.cobalt.legal\\\/lv\\\/#organization\"},\"potentialAction\":[{\"@type\":\"SearchAction\",\"target\":{\"@type\":\"EntryPoint\",\"urlTemplate\":\"https:\\\/\\\/www.cobalt.legal\\\/lv\\\/?s={search_term_string}\"},\"query-input\":{\"@type\":\"PropertyValueSpecification\",\"valueRequired\":true,\"valueName\":\"search_term_string\"}}],\"inLanguage\":\"lv-LV\"},{\"@type\":\"Organization\",\"@id\":\"https:\\\/\\\/www.cobalt.legal\\\/lv\\\/#organization\",\"name\":\"COBALT\",\"url\":\"https:\\\/\\\/www.cobalt.legal\\\/lv\\\/\",\"logo\":{\"@type\":\"ImageObject\",\"inLanguage\":\"lv-LV\",\"@id\":\"https:\\\/\\\/www.cobalt.legal\\\/lv\\\/#\\\/schema\\\/logo\\\/image\\\/\",\"url\":\"https:\\\/\\\/www.cobalt.legal\\\/wp-content\\\/uploads\\\/2023\\\/04\\\/cobalt-logo.png\",\"contentUrl\":\"https:\\\/\\\/www.cobalt.legal\\\/wp-content\\\/uploads\\\/2023\\\/04\\\/cobalt-logo.png\",\"width\":400,\"height\":116,\"caption\":\"COBALT\"},\"image\":{\"@id\":\"https:\\\/\\\/www.cobalt.legal\\\/lv\\\/#\\\/schema\\\/logo\\\/image\\\/\"},\"sameAs\":[\"https:\\\/\\\/www.facebook.com\\\/CobaltLegal\\\/\"]},{\"@type\":\"Person\",\"@id\":\"https:\\\/\\\/www.cobalt.legal\\\/lv\\\/#\\\/schema\\\/person\\\/a96c052a2eba55b2f6b995c69436c3aa\",\"name\":\"Ilze Augstkalne\",\"url\":\"https:\\\/\\\/www.cobalt.legal\\\/lv\\\/author\\\/ilze\\\/\"}]}<\/script>\n<!-- \/ Yoast SEO plugin. -->","yoast_head_json":{"title":"VID ties\u012bbas piepras\u012bt uz\u0146\u0113mumam personu datus | COBALT","description":"VID ties\u012bbas piepras\u012bt uz\u0146\u0113mumam personu datus. News. Naujienos. Jaunumi. Uudised.","robots":{"index":"index","follow":"follow","max-snippet":"max-snippet:-1","max-image-preview":"max-image-preview:large","max-video-preview":"max-video-preview:-1"},"canonical":"https:\/\/www.cobalt.legal\/lv\/news-cases\/vid-tiesibas-pieprasit-uznemumam-personu-datus\/","og_locale":"lv_LV","og_type":"article","og_title":"VID ties\u012bbas piepras\u012bt uz\u0146\u0113mumam personu datus | COBALT","og_description":"VID ties\u012bbas piepras\u012bt uz\u0146\u0113mumam personu datus. News. Naujienos. Jaunumi. Uudised.","og_url":"https:\/\/www.cobalt.legal\/lv\/news-cases\/vid-tiesibas-pieprasit-uznemumam-personu-datus\/","og_site_name":"COBALT","article_publisher":"https:\/\/www.facebook.com\/CobaltLegal\/","article_published_time":"2023-08-06T11:33:40+00:00","og_image":[{"width":599,"height":600,"url":"https:\/\/www.cobalt.legal\/wp-content\/uploads\/2023\/08\/thumbnail-98.png","type":"image\/png"}],"author":"Ilze Augstkalne","twitter_card":"summary_large_image","twitter_misc":{"Written by":"Ilze Augstkalne","Est. reading time":"2 minutes"},"schema":{"@context":"https:\/\/schema.org","@graph":[{"@type":"Article","@id":"https:\/\/www.cobalt.legal\/lv\/news-cases\/vid-tiesibas-pieprasit-uznemumam-personu-datus\/#article","isPartOf":{"@id":"https:\/\/www.cobalt.legal\/lv\/news-cases\/vid-tiesibas-pieprasit-uznemumam-personu-datus\/"},"author":{"name":"Ilze Augstkalne","@id":"https:\/\/www.cobalt.legal\/lv\/#\/schema\/person\/a96c052a2eba55b2f6b995c69436c3aa"},"headline":"VID ties\u012bbas piepras\u012bt uz\u0146\u0113mumam personu datus","datePublished":"2023-08-06T11:33:40+00:00","mainEntityOfPage":{"@id":"https:\/\/www.cobalt.legal\/lv\/news-cases\/vid-tiesibas-pieprasit-uznemumam-personu-datus\/"},"wordCount":364,"publisher":{"@id":"https:\/\/www.cobalt.legal\/lv\/#organization"},"image":{"@id":"https:\/\/www.cobalt.legal\/lv\/news-cases\/vid-tiesibas-pieprasit-uznemumam-personu-datus\/#primaryimage"},"thumbnailUrl":"https:\/\/www.cobalt.legal\/wp-content\/uploads\/2023\/08\/thumbnail-98.png","articleSection":["Uncategorized @lv"],"inLanguage":"lv-LV"},{"@type":"WebPage","@id":"https:\/\/www.cobalt.legal\/lv\/news-cases\/vid-tiesibas-pieprasit-uznemumam-personu-datus\/","url":"https:\/\/www.cobalt.legal\/lv\/news-cases\/vid-tiesibas-pieprasit-uznemumam-personu-datus\/","name":"VID ties\u012bbas piepras\u012bt uz\u0146\u0113mumam personu datus | COBALT","isPartOf":{"@id":"https:\/\/www.cobalt.legal\/lv\/#website"},"primaryImageOfPage":{"@id":"https:\/\/www.cobalt.legal\/lv\/news-cases\/vid-tiesibas-pieprasit-uznemumam-personu-datus\/#primaryimage"},"image":{"@id":"https:\/\/www.cobalt.legal\/lv\/news-cases\/vid-tiesibas-pieprasit-uznemumam-personu-datus\/#primaryimage"},"thumbnailUrl":"https:\/\/www.cobalt.legal\/wp-content\/uploads\/2023\/08\/thumbnail-98.png","datePublished":"2023-08-06T11:33:40+00:00","description":"VID ties\u012bbas piepras\u012bt uz\u0146\u0113mumam personu datus. News. Naujienos. Jaunumi. Uudised.","breadcrumb":{"@id":"https:\/\/www.cobalt.legal\/lv\/news-cases\/vid-tiesibas-pieprasit-uznemumam-personu-datus\/#breadcrumb"},"inLanguage":"lv-LV","potentialAction":[{"@type":"ReadAction","target":["https:\/\/www.cobalt.legal\/lv\/news-cases\/vid-tiesibas-pieprasit-uznemumam-personu-datus\/"]}]},{"@type":"ImageObject","inLanguage":"lv-LV","@id":"https:\/\/www.cobalt.legal\/lv\/news-cases\/vid-tiesibas-pieprasit-uznemumam-personu-datus\/#primaryimage","url":"https:\/\/www.cobalt.legal\/wp-content\/uploads\/2023\/08\/thumbnail-98.png","contentUrl":"https:\/\/www.cobalt.legal\/wp-content\/uploads\/2023\/08\/thumbnail-98.png","width":599,"height":600},{"@type":"BreadcrumbList","@id":"https:\/\/www.cobalt.legal\/lv\/news-cases\/vid-tiesibas-pieprasit-uznemumam-personu-datus\/#breadcrumb","itemListElement":[{"@type":"ListItem","position":1,"name":"Home","item":"https:\/\/www.cobalt.legal\/lv\/"},{"@type":"ListItem","position":2,"name":"VID ties\u012bbas piepras\u012bt uz\u0146\u0113mumam personu datus"}]},{"@type":"WebSite","@id":"https:\/\/www.cobalt.legal\/lv\/#website","url":"https:\/\/www.cobalt.legal\/lv\/","name":"COBALT","description":"Top-tier law services in Estonia, Latvia and Lithuania","publisher":{"@id":"https:\/\/www.cobalt.legal\/lv\/#organization"},"potentialAction":[{"@type":"SearchAction","target":{"@type":"EntryPoint","urlTemplate":"https:\/\/www.cobalt.legal\/lv\/?s={search_term_string}"},"query-input":{"@type":"PropertyValueSpecification","valueRequired":true,"valueName":"search_term_string"}}],"inLanguage":"lv-LV"},{"@type":"Organization","@id":"https:\/\/www.cobalt.legal\/lv\/#organization","name":"COBALT","url":"https:\/\/www.cobalt.legal\/lv\/","logo":{"@type":"ImageObject","inLanguage":"lv-LV","@id":"https:\/\/www.cobalt.legal\/lv\/#\/schema\/logo\/image\/","url":"https:\/\/www.cobalt.legal\/wp-content\/uploads\/2023\/04\/cobalt-logo.png","contentUrl":"https:\/\/www.cobalt.legal\/wp-content\/uploads\/2023\/04\/cobalt-logo.png","width":400,"height":116,"caption":"COBALT"},"image":{"@id":"https:\/\/www.cobalt.legal\/lv\/#\/schema\/logo\/image\/"},"sameAs":["https:\/\/www.facebook.com\/CobaltLegal\/"]},{"@type":"Person","@id":"https:\/\/www.cobalt.legal\/lv\/#\/schema\/person\/a96c052a2eba55b2f6b995c69436c3aa","name":"Ilze Augstkalne","url":"https:\/\/www.cobalt.legal\/lv\/author\/ilze\/"}]}},"_links":{"self":[{"href":"https:\/\/www.cobalt.legal\/lv\/wp-json\/wp\/v2\/posts\/18686","targetHints":{"allow":["GET"]}}],"collection":[{"href":"https:\/\/www.cobalt.legal\/lv\/wp-json\/wp\/v2\/posts"}],"about":[{"href":"https:\/\/www.cobalt.legal\/lv\/wp-json\/wp\/v2\/types\/post"}],"author":[{"embeddable":true,"href":"https:\/\/www.cobalt.legal\/lv\/wp-json\/wp\/v2\/users\/6"}],"replies":[{"embeddable":true,"href":"https:\/\/www.cobalt.legal\/lv\/wp-json\/wp\/v2\/comments?post=18686"}],"version-history":[{"count":1,"href":"https:\/\/www.cobalt.legal\/lv\/wp-json\/wp\/v2\/posts\/18686\/revisions"}],"predecessor-version":[{"id":18691,"href":"https:\/\/www.cobalt.legal\/lv\/wp-json\/wp\/v2\/posts\/18686\/revisions\/18691"}],"wp:featuredmedia":[{"embeddable":true,"href":"https:\/\/www.cobalt.legal\/lv\/wp-json\/wp\/v2\/media\/18687"}],"wp:attachment":[{"href":"https:\/\/www.cobalt.legal\/lv\/wp-json\/wp\/v2\/media?parent=18686"}],"wp:term":[{"taxonomy":"category","embeddable":true,"href":"https:\/\/www.cobalt.legal\/lv\/wp-json\/wp\/v2\/categories?post=18686"},{"taxonomy":"country","embeddable":true,"href":"https:\/\/www.cobalt.legal\/lv\/wp-json\/wp\/v2\/country?post=18686"}],"curies":[{"name":"wp","href":"https:\/\/api.w.org\/{rel}","templated":true}]}}