{"id":19849,"date":"2023-08-15T17:52:43","date_gmt":"2023-08-15T14:52:43","guid":{"rendered":"https:\/\/stage.www.cobalt.legal\/?p=19849"},"modified":"2023-08-15T17:52:43","modified_gmt":"2023-08-15T14:52:43","slug":"kads-ligums-jasledz-ar-valdes-locekli","status":"publish","type":"post","link":"https:\/\/www.cobalt.legal\/lv\/news-cases\/kads-ligums-jasledz-ar-valdes-locekli\/","title":{"rendered":"K\u0101ds l\u012bgums j\u0101sl\u0113dz ar valdes locekli?"},"content":{"rendered":"<p>Praks\u0113 nereti rodas jaut\u0101jums par tiesisko attiec\u012bbu starp komercsabiedr\u012bbu un t\u0101s valdes locekli noform\u0113\u0161anu, k\u0101 ar\u012b citas neskaidr\u012bbas saist\u012bb\u0101 ar personas iecel\u0161anu un nodarbin\u0101\u0161anu SIA vai AS valdes locek\u013ca vai valdes priek\u0161s\u0113d\u0113t\u0101ja amat\u0101 (tostarp ar\u012b par izmaks\u0101jamo atl\u012bdz\u012bbu un nodok\u013ciem).\u00a0\u0160ie jaut\u0101jumi regul\u0113ti vair\u0101ku likumu kopum\u0101 \u2013 Komerclikum\u0101 (KL), Civillikum\u0101 (CL) un nodok\u013cu likumos.<\/p>\n<p>Praks\u0113 ar valdes locek\u013ciem sl\u0113dz da\u017e\u0101dus l\u012bgumus: uz\u0146\u0113muma, vad\u012bbas, pakalpojuma, darba, pilnvarojuma l\u012bgumu utt. Ta\u010du ne visi l\u012bgumi, noform\u0113jot attiec\u012bbas ar valdes locekli, ir vienl\u012bdz ieteicami.<\/p>\n<p><strong>Vai darba l\u012bgums ir piem\u0113rot\u0101kais variants?<\/strong><\/p>\n<p>T\u0101 k\u0101 tiesisko attiec\u012bbu noform\u0113\u0161ana ar valdes locekli ir specifisks komercties\u012bbu jaut\u0101jums, likumdev\u0113js izv\u0113l\u0113j\u0101s to regul\u0113t tikai\u00a0<a href=\"https:\/\/likumi.lv\/doc.php?id=5490\" target=\"_blank\" rel=\"noopener\">KL<\/a>\u00a0ietvaros. &#8220;<a href=\"https:\/\/likumi.lv\/doc.php?id=26019\" target=\"_blank\" rel=\"noopener\">Darba likum\u0101<\/a>&#8221;\u00a0(DL) \u0161obr\u012bd nav nor\u0101\u017eu par valdes locek\u013ciem.<\/p>\n<p>Tom\u0113r\u00a0<a href=\"https:\/\/likumi.lv\/doc.php?id=26019\" target=\"_blank\" rel=\"noopener\">DL<\/a>\u00a0nav aizliegts sl\u0113gt darba l\u012bgumu ar valdes locekli. Izv\u0113loties sl\u0113gt darba l\u012bgumu, j\u0101iev\u0113ro\u00a0<a href=\"https:\/\/likumi.lv\/doc.php?id=5490\" target=\"_blank\" rel=\"noopener\">KL<\/a>\u00a0normas (<a href=\"https:\/\/likumi.lv\/doc.php?id=5490#p221\" target=\"_blank\" rel=\"noopener\">221.-224.pants<\/a>\u00a0par SIA valdi un\u00a0<a href=\"https:\/\/likumi.lv\/doc.php?id=5490#p301\" target=\"_blank\" rel=\"noopener\">301.-311.pants<\/a>\u00a0par AS valdi). T\u0101d\u0113\u013c darba l\u012bgum\u0101 oblig\u0101ti j\u0101b\u016bt, piem\u0113ram, punktam, kur\u0101 noteikts, ka l\u012bgums nosl\u0113gts uz valdes locek\u013ca pilnvaru laiku vai l\u012bdz br\u012bdim, kad pie\u0146em l\u0113mumu atsaukt valdes locekli no amata.<\/p>\n<p>Ja faktiski nosl\u0113gts darba l\u012bgums, ta\u010du tas nosaukts cit\u0101di, piem\u0113ram, par uz\u0146\u0113muma vai vad\u012bbas l\u012bgumu, ir iesp\u0113jami riski. Saska\u0146\u0101 ar Augst\u0101k\u0101s tiesas (AT) praksi tie\u0161i pras\u012bt\u0101jam (&#8220;darbiniekam&#8221;, &#8220;izpild\u012bt\u0101jam&#8221;) j\u0101pier\u0101da, ka vi\u0146\u0161 nav v\u0113l\u0113jies nosl\u0113gt uz\u0146\u0113muma l\u012bgumu (AT\u00a0<a href=\"http:\/\/www.at.gov.lv\/downloadlawfile\/5125\" target=\"_blank\" rel=\"noopener\">spriedums liet\u0101 SKC-658\/2017<\/a>). Proti, lai konstat\u0113tu, ka pu\u0161u starp\u0101 paties\u012bb\u0101 ir darba tiesisk\u0101s attiec\u012bbas (nevis attiec\u012bbas uz uz\u0146\u0113muma l\u012bguma pamata), pras\u012bt\u0101jam j\u0101sp\u0113j pier\u0101d\u012bt, ka vi\u0146\u0161 nav v\u0113l\u0113jies nosl\u0113gt uz\u0146\u0113muma l\u012bgumu, ta\u010du k\u0101du iek\u0161\u0113ju vai \u0101r\u0113ju apst\u0101k\u013cu ietekm\u0113 r\u012bkojies pret\u0113ji savai gribai. Izv\u0113rt\u0113jot attiec\u012bbu raksturu, tiesa \u0146em v\u0113r\u0101 ar\u012b personas amatu.<\/p>\n<p>L\u012bdz ar to, ja, pamatojoties uz uz\u0146\u0113muma l\u012bgumu, nodarbina komercsabiedr\u012bbas valdes locekli, vi\u0146\u0161 nevar nezin\u0101t, k\u0101da ir at\u0161\u0137ir\u012bba starp uz\u0146\u0113muma un darba l\u012bgumu, un uz vi\u0146u nevar attiecin\u0101t &#8220;soci\u0101li v\u0101j\u0101kas&#8221;\u00a0personas statusu (k\u0101 parast\u0101 darba attiec\u012bbu gad\u012bjum\u0101). Vienlaikus, lai gan pier\u0101d\u012b\u0161anas standarts pras\u012bt\u0101jam ir sam\u0113r\u0101 augsts, min\u0113t\u0101s AT atzi\u0146as\u00a0<a href=\"http:\/\/www.at.gov.lv\/downloadlawfile\/5125\" target=\"_blank\" rel=\"noopener\">spriedum\u0101 liet\u0101 SKC-658\/2017<\/a>\u00a0ne\u013cauj piln\u012bb\u0101 izsl\u0113gt risku, ka tiesa, izv\u0113rt\u0113jot l\u012bgumu un t\u0101 raksturu p\u0113c b\u016bt\u012bbas, tom\u0113r var\u0113tu secin\u0101t, ka starp komercsabiedr\u012bbu un valdes locekli nosl\u0113gts tie\u0161i darba l\u012bgums.<\/p>\n<p>Kopum\u0101 secin\u0101ms, ka j\u0101b\u016bt \u012bpa\u0161iem apst\u0101k\u013ciem, kas pamato izv\u0113li sl\u0113gt ar valdes locekli darba l\u012bgumu, jo valdes loceklis tom\u0113r ir sabiedr\u012bbas vad\u012bt\u0101js, kur\u0161 pats nosaka darba k\u0101rt\u012bbu, t\u0101d\u0113\u013c nav iesp\u0113jams konstat\u0113t darba dev\u0113ja un darbinieka pak\u013caut\u012bbas elementu, kas ir viens no noteico\u0161ajiem faktoriem darba tiesisko attiec\u012bbu konstat\u0113\u0161anai.<\/p>\n<p>Las\u012bt pla\u0161\u0101k <a href=\"https:\/\/ibizness.lv\/raksti\/uznemuma-vadiba\/juridiski-padomi\/biz-new-kads-ligums-jasledz-ar-valdes-locekli\/21712\" target=\"_blank\" rel=\"noopener\">\u0161eit<\/a>.<\/p>\n","protected":false},"excerpt":{"rendered":"<p>Praks\u0113 nereti rodas jaut\u0101jums par tiesisko attiec\u012bbu starp komercsabiedr\u012bbu un t\u0101s valdes locekli noform\u0113\u0161anu, k\u0101 ar\u012b citas neskaidr\u012bbas saist\u012bb\u0101 ar personas iecel\u0161anu un nodarbin\u0101\u0161anu SIA vai AS valdes locek\u013ca vai valdes priek\u0161s\u0113d\u0113t\u0101ja amat\u0101 (tostarp ar\u012b par izmaks\u0101jamo atl\u012bdz\u012bbu un nodok\u013ciem).\u00a0\u0160ie..<\/p>\n","protected":false},"author":6,"featured_media":1266,"comment_status":"closed","ping_status":"closed","sticky":false,"template":"","format":"standard","meta":{"_acf_changed":false,"inline_featured_image":false,"footnotes":""},"categories":[3],"country":[96],"class_list":["post-19849","post","type-post","status-publish","format-standard","has-post-thumbnail","hentry","category-uncategorized-lv","country-latvia-lv"],"acf":[],"yoast_head":"<!-- This site is optimized with the Yoast SEO plugin v27.3 - https:\/\/yoast.com\/product\/yoast-seo-wordpress\/ -->\n<title>K\u0101ds l\u012bgums j\u0101sl\u0113dz ar valdes locekli? | COBALT<\/title>\n<meta name=\"description\" content=\"K\u0101ds l\u012bgums j\u0101sl\u0113dz ar valdes locekli?. News. Naujienos. Jaunumi. Uudised.\" \/>\n<meta name=\"robots\" content=\"index, follow, max-snippet:-1, max-image-preview:large, max-video-preview:-1\" \/>\n<link rel=\"canonical\" href=\"https:\/\/www.cobalt.legal\/lv\/news-cases\/kads-ligums-jasledz-ar-valdes-locekli\/\" \/>\n<meta property=\"og:locale\" content=\"lv_LV\" \/>\n<meta property=\"og:type\" content=\"article\" \/>\n<meta property=\"og:title\" content=\"K\u0101ds l\u012bgums j\u0101sl\u0113dz ar valdes locekli? | COBALT\" \/>\n<meta property=\"og:description\" content=\"K\u0101ds l\u012bgums j\u0101sl\u0113dz ar valdes locekli?. News. Naujienos. Jaunumi. Uudised.\" \/>\n<meta property=\"og:url\" content=\"https:\/\/www.cobalt.legal\/lv\/news-cases\/kads-ligums-jasledz-ar-valdes-locekli\/\" \/>\n<meta property=\"og:site_name\" content=\"COBALT\" \/>\n<meta property=\"article:publisher\" content=\"https:\/\/www.facebook.com\/CobaltLegal\/\" \/>\n<meta property=\"article:published_time\" content=\"2023-08-15T14:52:43+00:00\" \/>\n<meta property=\"og:image\" content=\"https:\/\/www.cobalt.legal\/wp-content\/uploads\/2023\/04\/Toms-Sulmanis-jpg.jpg\" \/>\n\t<meta property=\"og:image:width\" content=\"2044\" \/>\n\t<meta property=\"og:image:height\" content=\"1788\" \/>\n\t<meta property=\"og:image:type\" content=\"image\/jpeg\" \/>\n<meta name=\"author\" content=\"Ilze Augstkalne\" \/>\n<meta name=\"twitter:card\" content=\"summary_large_image\" \/>\n<meta name=\"twitter:label1\" content=\"Written by\" \/>\n\t<meta name=\"twitter:data1\" content=\"Ilze Augstkalne\" \/>\n\t<meta name=\"twitter:label2\" content=\"Est. reading time\" \/>\n\t<meta name=\"twitter:data2\" content=\"3 minutes\" \/>\n<script type=\"application\/ld+json\" class=\"yoast-schema-graph\">{\"@context\":\"https:\\\/\\\/schema.org\",\"@graph\":[{\"@type\":\"Article\",\"@id\":\"https:\\\/\\\/www.cobalt.legal\\\/lv\\\/news-cases\\\/kads-ligums-jasledz-ar-valdes-locekli\\\/#article\",\"isPartOf\":{\"@id\":\"https:\\\/\\\/www.cobalt.legal\\\/lv\\\/news-cases\\\/kads-ligums-jasledz-ar-valdes-locekli\\\/\"},\"author\":{\"name\":\"Ilze Augstkalne\",\"@id\":\"https:\\\/\\\/www.cobalt.legal\\\/lv\\\/#\\\/schema\\\/person\\\/a96c052a2eba55b2f6b995c69436c3aa\"},\"headline\":\"K\u0101ds l\u012bgums j\u0101sl\u0113dz ar valdes locekli?\",\"datePublished\":\"2023-08-15T14:52:43+00:00\",\"mainEntityOfPage\":{\"@id\":\"https:\\\/\\\/www.cobalt.legal\\\/lv\\\/news-cases\\\/kads-ligums-jasledz-ar-valdes-locekli\\\/\"},\"wordCount\":585,\"publisher\":{\"@id\":\"https:\\\/\\\/www.cobalt.legal\\\/lv\\\/#organization\"},\"image\":{\"@id\":\"https:\\\/\\\/www.cobalt.legal\\\/lv\\\/news-cases\\\/kads-ligums-jasledz-ar-valdes-locekli\\\/#primaryimage\"},\"thumbnailUrl\":\"https:\\\/\\\/www.cobalt.legal\\\/wp-content\\\/uploads\\\/2023\\\/04\\\/Toms-Sulmanis-jpg.jpg\",\"articleSection\":[\"Uncategorized @lv\"],\"inLanguage\":\"lv-LV\"},{\"@type\":\"WebPage\",\"@id\":\"https:\\\/\\\/www.cobalt.legal\\\/lv\\\/news-cases\\\/kads-ligums-jasledz-ar-valdes-locekli\\\/\",\"url\":\"https:\\\/\\\/www.cobalt.legal\\\/lv\\\/news-cases\\\/kads-ligums-jasledz-ar-valdes-locekli\\\/\",\"name\":\"K\u0101ds l\u012bgums j\u0101sl\u0113dz ar valdes locekli? | COBALT\",\"isPartOf\":{\"@id\":\"https:\\\/\\\/www.cobalt.legal\\\/lv\\\/#website\"},\"primaryImageOfPage\":{\"@id\":\"https:\\\/\\\/www.cobalt.legal\\\/lv\\\/news-cases\\\/kads-ligums-jasledz-ar-valdes-locekli\\\/#primaryimage\"},\"image\":{\"@id\":\"https:\\\/\\\/www.cobalt.legal\\\/lv\\\/news-cases\\\/kads-ligums-jasledz-ar-valdes-locekli\\\/#primaryimage\"},\"thumbnailUrl\":\"https:\\\/\\\/www.cobalt.legal\\\/wp-content\\\/uploads\\\/2023\\\/04\\\/Toms-Sulmanis-jpg.jpg\",\"datePublished\":\"2023-08-15T14:52:43+00:00\",\"description\":\"K\u0101ds l\u012bgums j\u0101sl\u0113dz ar valdes locekli?. News. Naujienos. Jaunumi. Uudised.\",\"breadcrumb\":{\"@id\":\"https:\\\/\\\/www.cobalt.legal\\\/lv\\\/news-cases\\\/kads-ligums-jasledz-ar-valdes-locekli\\\/#breadcrumb\"},\"inLanguage\":\"lv-LV\",\"potentialAction\":[{\"@type\":\"ReadAction\",\"target\":[\"https:\\\/\\\/www.cobalt.legal\\\/lv\\\/news-cases\\\/kads-ligums-jasledz-ar-valdes-locekli\\\/\"]}]},{\"@type\":\"ImageObject\",\"inLanguage\":\"lv-LV\",\"@id\":\"https:\\\/\\\/www.cobalt.legal\\\/lv\\\/news-cases\\\/kads-ligums-jasledz-ar-valdes-locekli\\\/#primaryimage\",\"url\":\"https:\\\/\\\/www.cobalt.legal\\\/wp-content\\\/uploads\\\/2023\\\/04\\\/Toms-Sulmanis-jpg.jpg\",\"contentUrl\":\"https:\\\/\\\/www.cobalt.legal\\\/wp-content\\\/uploads\\\/2023\\\/04\\\/Toms-Sulmanis-jpg.jpg\",\"width\":2044,\"height\":1788},{\"@type\":\"BreadcrumbList\",\"@id\":\"https:\\\/\\\/www.cobalt.legal\\\/lv\\\/news-cases\\\/kads-ligums-jasledz-ar-valdes-locekli\\\/#breadcrumb\",\"itemListElement\":[{\"@type\":\"ListItem\",\"position\":1,\"name\":\"Home\",\"item\":\"https:\\\/\\\/www.cobalt.legal\\\/lv\\\/\"},{\"@type\":\"ListItem\",\"position\":2,\"name\":\"K\u0101ds l\u012bgums j\u0101sl\u0113dz ar valdes locekli?\"}]},{\"@type\":\"WebSite\",\"@id\":\"https:\\\/\\\/www.cobalt.legal\\\/lv\\\/#website\",\"url\":\"https:\\\/\\\/www.cobalt.legal\\\/lv\\\/\",\"name\":\"COBALT\",\"description\":\"Top-tier law services in Estonia, Latvia and Lithuania\",\"publisher\":{\"@id\":\"https:\\\/\\\/www.cobalt.legal\\\/lv\\\/#organization\"},\"potentialAction\":[{\"@type\":\"SearchAction\",\"target\":{\"@type\":\"EntryPoint\",\"urlTemplate\":\"https:\\\/\\\/www.cobalt.legal\\\/lv\\\/?s={search_term_string}\"},\"query-input\":{\"@type\":\"PropertyValueSpecification\",\"valueRequired\":true,\"valueName\":\"search_term_string\"}}],\"inLanguage\":\"lv-LV\"},{\"@type\":\"Organization\",\"@id\":\"https:\\\/\\\/www.cobalt.legal\\\/lv\\\/#organization\",\"name\":\"COBALT\",\"url\":\"https:\\\/\\\/www.cobalt.legal\\\/lv\\\/\",\"logo\":{\"@type\":\"ImageObject\",\"inLanguage\":\"lv-LV\",\"@id\":\"https:\\\/\\\/www.cobalt.legal\\\/lv\\\/#\\\/schema\\\/logo\\\/image\\\/\",\"url\":\"https:\\\/\\\/www.cobalt.legal\\\/wp-content\\\/uploads\\\/2023\\\/04\\\/cobalt-logo.png\",\"contentUrl\":\"https:\\\/\\\/www.cobalt.legal\\\/wp-content\\\/uploads\\\/2023\\\/04\\\/cobalt-logo.png\",\"width\":400,\"height\":116,\"caption\":\"COBALT\"},\"image\":{\"@id\":\"https:\\\/\\\/www.cobalt.legal\\\/lv\\\/#\\\/schema\\\/logo\\\/image\\\/\"},\"sameAs\":[\"https:\\\/\\\/www.facebook.com\\\/CobaltLegal\\\/\"]},{\"@type\":\"Person\",\"@id\":\"https:\\\/\\\/www.cobalt.legal\\\/lv\\\/#\\\/schema\\\/person\\\/a96c052a2eba55b2f6b995c69436c3aa\",\"name\":\"Ilze Augstkalne\",\"url\":\"https:\\\/\\\/www.cobalt.legal\\\/lv\\\/author\\\/ilze\\\/\"}]}<\/script>\n<!-- \/ Yoast SEO plugin. -->","yoast_head_json":{"title":"K\u0101ds l\u012bgums j\u0101sl\u0113dz ar valdes locekli? | COBALT","description":"K\u0101ds l\u012bgums j\u0101sl\u0113dz ar valdes locekli?. News. Naujienos. Jaunumi. Uudised.","robots":{"index":"index","follow":"follow","max-snippet":"max-snippet:-1","max-image-preview":"max-image-preview:large","max-video-preview":"max-video-preview:-1"},"canonical":"https:\/\/www.cobalt.legal\/lv\/news-cases\/kads-ligums-jasledz-ar-valdes-locekli\/","og_locale":"lv_LV","og_type":"article","og_title":"K\u0101ds l\u012bgums j\u0101sl\u0113dz ar valdes locekli? | COBALT","og_description":"K\u0101ds l\u012bgums j\u0101sl\u0113dz ar valdes locekli?. News. Naujienos. Jaunumi. Uudised.","og_url":"https:\/\/www.cobalt.legal\/lv\/news-cases\/kads-ligums-jasledz-ar-valdes-locekli\/","og_site_name":"COBALT","article_publisher":"https:\/\/www.facebook.com\/CobaltLegal\/","article_published_time":"2023-08-15T14:52:43+00:00","og_image":[{"width":2044,"height":1788,"url":"https:\/\/www.cobalt.legal\/wp-content\/uploads\/2023\/04\/Toms-Sulmanis-jpg.jpg","type":"image\/jpeg"}],"author":"Ilze Augstkalne","twitter_card":"summary_large_image","twitter_misc":{"Written by":"Ilze Augstkalne","Est. reading time":"3 minutes"},"schema":{"@context":"https:\/\/schema.org","@graph":[{"@type":"Article","@id":"https:\/\/www.cobalt.legal\/lv\/news-cases\/kads-ligums-jasledz-ar-valdes-locekli\/#article","isPartOf":{"@id":"https:\/\/www.cobalt.legal\/lv\/news-cases\/kads-ligums-jasledz-ar-valdes-locekli\/"},"author":{"name":"Ilze Augstkalne","@id":"https:\/\/www.cobalt.legal\/lv\/#\/schema\/person\/a96c052a2eba55b2f6b995c69436c3aa"},"headline":"K\u0101ds l\u012bgums j\u0101sl\u0113dz ar valdes locekli?","datePublished":"2023-08-15T14:52:43+00:00","mainEntityOfPage":{"@id":"https:\/\/www.cobalt.legal\/lv\/news-cases\/kads-ligums-jasledz-ar-valdes-locekli\/"},"wordCount":585,"publisher":{"@id":"https:\/\/www.cobalt.legal\/lv\/#organization"},"image":{"@id":"https:\/\/www.cobalt.legal\/lv\/news-cases\/kads-ligums-jasledz-ar-valdes-locekli\/#primaryimage"},"thumbnailUrl":"https:\/\/www.cobalt.legal\/wp-content\/uploads\/2023\/04\/Toms-Sulmanis-jpg.jpg","articleSection":["Uncategorized @lv"],"inLanguage":"lv-LV"},{"@type":"WebPage","@id":"https:\/\/www.cobalt.legal\/lv\/news-cases\/kads-ligums-jasledz-ar-valdes-locekli\/","url":"https:\/\/www.cobalt.legal\/lv\/news-cases\/kads-ligums-jasledz-ar-valdes-locekli\/","name":"K\u0101ds l\u012bgums j\u0101sl\u0113dz ar valdes locekli? | COBALT","isPartOf":{"@id":"https:\/\/www.cobalt.legal\/lv\/#website"},"primaryImageOfPage":{"@id":"https:\/\/www.cobalt.legal\/lv\/news-cases\/kads-ligums-jasledz-ar-valdes-locekli\/#primaryimage"},"image":{"@id":"https:\/\/www.cobalt.legal\/lv\/news-cases\/kads-ligums-jasledz-ar-valdes-locekli\/#primaryimage"},"thumbnailUrl":"https:\/\/www.cobalt.legal\/wp-content\/uploads\/2023\/04\/Toms-Sulmanis-jpg.jpg","datePublished":"2023-08-15T14:52:43+00:00","description":"K\u0101ds l\u012bgums j\u0101sl\u0113dz ar valdes locekli?. News. Naujienos. Jaunumi. Uudised.","breadcrumb":{"@id":"https:\/\/www.cobalt.legal\/lv\/news-cases\/kads-ligums-jasledz-ar-valdes-locekli\/#breadcrumb"},"inLanguage":"lv-LV","potentialAction":[{"@type":"ReadAction","target":["https:\/\/www.cobalt.legal\/lv\/news-cases\/kads-ligums-jasledz-ar-valdes-locekli\/"]}]},{"@type":"ImageObject","inLanguage":"lv-LV","@id":"https:\/\/www.cobalt.legal\/lv\/news-cases\/kads-ligums-jasledz-ar-valdes-locekli\/#primaryimage","url":"https:\/\/www.cobalt.legal\/wp-content\/uploads\/2023\/04\/Toms-Sulmanis-jpg.jpg","contentUrl":"https:\/\/www.cobalt.legal\/wp-content\/uploads\/2023\/04\/Toms-Sulmanis-jpg.jpg","width":2044,"height":1788},{"@type":"BreadcrumbList","@id":"https:\/\/www.cobalt.legal\/lv\/news-cases\/kads-ligums-jasledz-ar-valdes-locekli\/#breadcrumb","itemListElement":[{"@type":"ListItem","position":1,"name":"Home","item":"https:\/\/www.cobalt.legal\/lv\/"},{"@type":"ListItem","position":2,"name":"K\u0101ds l\u012bgums j\u0101sl\u0113dz ar valdes locekli?"}]},{"@type":"WebSite","@id":"https:\/\/www.cobalt.legal\/lv\/#website","url":"https:\/\/www.cobalt.legal\/lv\/","name":"COBALT","description":"Top-tier law services in Estonia, Latvia and Lithuania","publisher":{"@id":"https:\/\/www.cobalt.legal\/lv\/#organization"},"potentialAction":[{"@type":"SearchAction","target":{"@type":"EntryPoint","urlTemplate":"https:\/\/www.cobalt.legal\/lv\/?s={search_term_string}"},"query-input":{"@type":"PropertyValueSpecification","valueRequired":true,"valueName":"search_term_string"}}],"inLanguage":"lv-LV"},{"@type":"Organization","@id":"https:\/\/www.cobalt.legal\/lv\/#organization","name":"COBALT","url":"https:\/\/www.cobalt.legal\/lv\/","logo":{"@type":"ImageObject","inLanguage":"lv-LV","@id":"https:\/\/www.cobalt.legal\/lv\/#\/schema\/logo\/image\/","url":"https:\/\/www.cobalt.legal\/wp-content\/uploads\/2023\/04\/cobalt-logo.png","contentUrl":"https:\/\/www.cobalt.legal\/wp-content\/uploads\/2023\/04\/cobalt-logo.png","width":400,"height":116,"caption":"COBALT"},"image":{"@id":"https:\/\/www.cobalt.legal\/lv\/#\/schema\/logo\/image\/"},"sameAs":["https:\/\/www.facebook.com\/CobaltLegal\/"]},{"@type":"Person","@id":"https:\/\/www.cobalt.legal\/lv\/#\/schema\/person\/a96c052a2eba55b2f6b995c69436c3aa","name":"Ilze Augstkalne","url":"https:\/\/www.cobalt.legal\/lv\/author\/ilze\/"}]}},"_links":{"self":[{"href":"https:\/\/www.cobalt.legal\/lv\/wp-json\/wp\/v2\/posts\/19849","targetHints":{"allow":["GET"]}}],"collection":[{"href":"https:\/\/www.cobalt.legal\/lv\/wp-json\/wp\/v2\/posts"}],"about":[{"href":"https:\/\/www.cobalt.legal\/lv\/wp-json\/wp\/v2\/types\/post"}],"author":[{"embeddable":true,"href":"https:\/\/www.cobalt.legal\/lv\/wp-json\/wp\/v2\/users\/6"}],"replies":[{"embeddable":true,"href":"https:\/\/www.cobalt.legal\/lv\/wp-json\/wp\/v2\/comments?post=19849"}],"version-history":[{"count":1,"href":"https:\/\/www.cobalt.legal\/lv\/wp-json\/wp\/v2\/posts\/19849\/revisions"}],"predecessor-version":[{"id":19850,"href":"https:\/\/www.cobalt.legal\/lv\/wp-json\/wp\/v2\/posts\/19849\/revisions\/19850"}],"wp:featuredmedia":[{"embeddable":true,"href":"https:\/\/www.cobalt.legal\/lv\/wp-json\/wp\/v2\/media\/1266"}],"wp:attachment":[{"href":"https:\/\/www.cobalt.legal\/lv\/wp-json\/wp\/v2\/media?parent=19849"}],"wp:term":[{"taxonomy":"category","embeddable":true,"href":"https:\/\/www.cobalt.legal\/lv\/wp-json\/wp\/v2\/categories?post=19849"},{"taxonomy":"country","embeddable":true,"href":"https:\/\/www.cobalt.legal\/lv\/wp-json\/wp\/v2\/country?post=19849"}],"curies":[{"name":"wp","href":"https:\/\/api.w.org\/{rel}","templated":true}]}}