{"id":19861,"date":"2023-08-15T18:05:47","date_gmt":"2023-08-15T15:05:47","guid":{"rendered":"https:\/\/stage.www.cobalt.legal\/?p=19861"},"modified":"2023-08-15T18:05:47","modified_gmt":"2023-08-15T15:05:47","slug":"ramju-noteiksana-elastigam-darba-laikam","status":"publish","type":"post","link":"https:\/\/www.cobalt.legal\/lv\/news-cases\/ramju-noteiksana-elastigam-darba-laikam\/","title":{"rendered":"R\u0101mju noteik\u0161ana elast\u012bgam darba laikam"},"content":{"rendered":"<div class=\"article-category-crumb\">\n<div class=\"article-category-crumb-item \"><strong>Iesp\u0113ja savienot priv\u0101to dz\u012bvi ar darbu ir viena no \u0161\u012b br\u012b\u017ea darba tirgus tendenc\u0113m. Rea\u0123\u0113jot uz darbinieku piepras\u012bjumu, uz\u0146\u0113mumi arvien vair\u0101k pied\u0101v\u0101 darbiniekiem liel\u0101ku r\u012bc\u012bbas br\u012bv\u012bbu darba laika izv\u0113l\u0113 jeb t.s. elast\u012bgo darba laiku.\u00a0<\/strong><\/div>\n<div class=\"article-category-crumb-item \"><\/div>\n<div class=\"article-category-crumb-item \">No darba ties\u012bbu perspekt\u012bvas elast\u012bg\u0101 darba laika ievie\u0161ana ir iesp\u0113jama, pat iev\u0113rojot\u00a0<a href=\"https:\/\/likumi.lv\/ta\/id\/26019-darba-likums\" target=\"_blank\" rel=\"noopener\">Darba likum\u0101<\/a>\u00a0(DL) paredz\u0113to sam\u0113r\u0101 strikto ar darba laiku saist\u012bto jaut\u0101jumu regul\u0113jumu. Tom\u0113r, lai izvair\u012btos no sek\u0101m, ko var rad\u012bt neatbilst\u012bba likuma pras\u012bb\u0101m, k\u0101 ar\u012b nodro\u0161in\u0101tos pret iesp\u0113jamo haosu, ko var\u0113tu rad\u012bt \u0161\u0101das sist\u0113mas ievie\u0161ana, katram uz\u0146\u0113mumam pirms elast\u012bg\u0101 darba laika ievie\u0161anas vajadz\u0113tu veikt priek\u0161darbus.<\/div>\n<\/div>\n<section class=\"content content-fixed\">\n<div class=\"article-view-body\">\n<div class=\"view-container article-item\">\n<div class=\"article-text\">\n<p><strong>Ar ko s\u0101kt?<\/strong><\/p>\n<p>S\u0101kotn\u0113ji uz\u0146\u0113mumam j\u0101saprot darbinieku v\u0113lmes un j\u0101secina, k\u0101 t\u0101s vislab\u0101k ieviest uz\u0146\u0113muma tiesiskaj\u0101 ietvar\u0101. Lai to izdar\u012btu, j\u0101\u0146em v\u0113r\u0101 darba l\u012bgumu un uz\u0146\u0113muma iek\u0161\u0113jo darba k\u0101rt\u012bbu regul\u0113jo\u0161o dokumentu noteikumi un nosac\u012bjumi. Turkl\u0101t nevar aizmirst, ka jebkuras izmai\u0146as \u0161ajos dokumentos j\u0101veic saska\u0146\u0101 ar\u00a0DL\u00a0u.c. likumos noteiktaj\u0101m pras\u012bb\u0101m.<\/p>\n<p>\u013boti b\u016btisks ir jaut\u0101jums par uz\u0146\u0113muma izmantoto (un darba l\u012bgumos paredz\u0113to) darba laika uzskaites sist\u0113mu. J\u0101\u0146em v\u0113r\u0101, ka, izmantojot norm\u0101l\u0101 darba laika uzskates sist\u0113mu, iesp\u0113jas vari\u0113t darba laiku ir gr\u016bt\u0101k realiz\u0113jamas, sal\u012bdzinot ar summ\u0113t\u0101 darba laika uzskaites sist\u0113mu. \u0160o konceptu\u0101lo jaut\u0101jumu uz\u0146\u0113mumam j\u0101atrisina pirms elast\u012bg\u0101 darba laika sist\u0113mas ievie\u0161anas.<\/p>\n<p>Uz\u0146\u0113mums ir atbild\u012bgs, lai darbiniekam pie\u0161\u0137irt\u0101 iesp\u0113ja izv\u0113l\u0113ties savu darba laiku b\u016btu atbilsto\u0161a\u00a0DL\u00a0noteiktajam ietvaram. Tie\u0161i uz\u0146\u0113mums var tikt sod\u012bts par \u0161\u0101das sist\u0113mas neatbilst\u012bbu. Turkl\u0101t, ja \u0161\u0101ds regul\u0113jums b\u016bs pret\u0113js\u00a0DL\u00a0norm\u0101m, darbinieki var\u0113tu izmantot neatbilst\u012bbu, lai celtu pras\u012bbu ties\u0101 par likumam neatbilsto\u0161\u0101s prakses rezult\u0101t\u0101 nodar\u012bto zaud\u0113jumu kompens\u0101ciju.<\/p>\n<p>Las\u012bt pla\u0161\u0101k <a href=\"https:\/\/ibizness.lv\/raksti\/personals\/darba-tiesibas\/biz-new-ramju-noteiksana-elastigam-darba-laikam\/21596\" target=\"_blank\" rel=\"noopener\">\u0161eit<\/a>.<\/p>\n<\/div>\n<\/div>\n<\/div>\n<\/section>\n","protected":false},"excerpt":{"rendered":"<p>Iesp\u0113ja savienot priv\u0101to dz\u012bvi ar darbu ir viena no \u0161\u012b br\u012b\u017ea darba tirgus tendenc\u0113m. Rea\u0123\u0113jot uz darbinieku piepras\u012bjumu, uz\u0146\u0113mumi arvien vair\u0101k pied\u0101v\u0101 darbiniekiem liel\u0101ku r\u012bc\u012bbas br\u012bv\u012bbu darba laika izv\u0113l\u0113 jeb t.s. elast\u012bgo darba laiku.\u00a0 No darba ties\u012bbu perspekt\u012bvas elast\u012bg\u0101 darba..<\/p>\n","protected":false},"author":6,"featured_media":2555,"comment_status":"closed","ping_status":"closed","sticky":false,"template":"","format":"standard","meta":{"_acf_changed":false,"inline_featured_image":false,"footnotes":""},"categories":[3],"country":[96],"class_list":["post-19861","post","type-post","status-publish","format-standard","has-post-thumbnail","hentry","category-uncategorized-lv","country-latvia-lv"],"acf":[],"yoast_head":"<!-- This site is optimized with the Yoast SEO plugin v27.3 - https:\/\/yoast.com\/product\/yoast-seo-wordpress\/ -->\n<title>R\u0101mju noteik\u0161ana elast\u012bgam darba laikam | COBALT<\/title>\n<meta name=\"description\" content=\"R\u0101mju noteik\u0161ana elast\u012bgam darba laikam. News. Naujienos. Jaunumi. Uudised.\" \/>\n<meta name=\"robots\" content=\"index, follow, max-snippet:-1, max-image-preview:large, max-video-preview:-1\" \/>\n<link rel=\"canonical\" href=\"https:\/\/www.cobalt.legal\/lv\/news-cases\/ramju-noteiksana-elastigam-darba-laikam\/\" \/>\n<meta property=\"og:locale\" content=\"lv_LV\" \/>\n<meta property=\"og:type\" content=\"article\" \/>\n<meta property=\"og:title\" content=\"R\u0101mju noteik\u0161ana elast\u012bgam darba laikam | COBALT\" \/>\n<meta property=\"og:description\" content=\"R\u0101mju noteik\u0161ana elast\u012bgam darba laikam. News. Naujienos. Jaunumi. Uudised.\" \/>\n<meta property=\"og:url\" content=\"https:\/\/www.cobalt.legal\/lv\/news-cases\/ramju-noteiksana-elastigam-darba-laikam\/\" \/>\n<meta property=\"og:site_name\" content=\"COBALT\" \/>\n<meta property=\"article:publisher\" content=\"https:\/\/www.facebook.com\/CobaltLegal\/\" \/>\n<meta property=\"article:published_time\" content=\"2023-08-15T15:05:47+00:00\" \/>\n<meta property=\"og:image\" content=\"https:\/\/www.cobalt.legal\/wp-content\/uploads\/2023\/04\/Ivo-Maskalans-jpg.jpg\" \/>\n\t<meta property=\"og:image:width\" content=\"2044\" \/>\n\t<meta property=\"og:image:height\" content=\"1788\" \/>\n\t<meta property=\"og:image:type\" content=\"image\/jpeg\" \/>\n<meta name=\"author\" content=\"Ilze Augstkalne\" \/>\n<meta name=\"twitter:card\" content=\"summary_large_image\" \/>\n<meta name=\"twitter:label1\" content=\"Written by\" \/>\n\t<meta name=\"twitter:data1\" content=\"Ilze Augstkalne\" \/>\n\t<meta name=\"twitter:label2\" content=\"Est. reading time\" \/>\n\t<meta name=\"twitter:data2\" content=\"2 minutes\" \/>\n<script type=\"application\/ld+json\" class=\"yoast-schema-graph\">{\"@context\":\"https:\\\/\\\/schema.org\",\"@graph\":[{\"@type\":\"Article\",\"@id\":\"https:\\\/\\\/www.cobalt.legal\\\/lv\\\/news-cases\\\/ramju-noteiksana-elastigam-darba-laikam\\\/#article\",\"isPartOf\":{\"@id\":\"https:\\\/\\\/www.cobalt.legal\\\/lv\\\/news-cases\\\/ramju-noteiksana-elastigam-darba-laikam\\\/\"},\"author\":{\"name\":\"Ilze Augstkalne\",\"@id\":\"https:\\\/\\\/www.cobalt.legal\\\/lv\\\/#\\\/schema\\\/person\\\/a96c052a2eba55b2f6b995c69436c3aa\"},\"headline\":\"R\u0101mju noteik\u0161ana elast\u012bgam darba laikam\",\"datePublished\":\"2023-08-15T15:05:47+00:00\",\"mainEntityOfPage\":{\"@id\":\"https:\\\/\\\/www.cobalt.legal\\\/lv\\\/news-cases\\\/ramju-noteiksana-elastigam-darba-laikam\\\/\"},\"wordCount\":378,\"publisher\":{\"@id\":\"https:\\\/\\\/www.cobalt.legal\\\/lv\\\/#organization\"},\"image\":{\"@id\":\"https:\\\/\\\/www.cobalt.legal\\\/lv\\\/news-cases\\\/ramju-noteiksana-elastigam-darba-laikam\\\/#primaryimage\"},\"thumbnailUrl\":\"https:\\\/\\\/www.cobalt.legal\\\/wp-content\\\/uploads\\\/2023\\\/04\\\/Ivo-Maskalans-jpg.jpg\",\"articleSection\":[\"Uncategorized @lv\"],\"inLanguage\":\"lv-LV\"},{\"@type\":\"WebPage\",\"@id\":\"https:\\\/\\\/www.cobalt.legal\\\/lv\\\/news-cases\\\/ramju-noteiksana-elastigam-darba-laikam\\\/\",\"url\":\"https:\\\/\\\/www.cobalt.legal\\\/lv\\\/news-cases\\\/ramju-noteiksana-elastigam-darba-laikam\\\/\",\"name\":\"R\u0101mju noteik\u0161ana elast\u012bgam darba laikam | COBALT\",\"isPartOf\":{\"@id\":\"https:\\\/\\\/www.cobalt.legal\\\/lv\\\/#website\"},\"primaryImageOfPage\":{\"@id\":\"https:\\\/\\\/www.cobalt.legal\\\/lv\\\/news-cases\\\/ramju-noteiksana-elastigam-darba-laikam\\\/#primaryimage\"},\"image\":{\"@id\":\"https:\\\/\\\/www.cobalt.legal\\\/lv\\\/news-cases\\\/ramju-noteiksana-elastigam-darba-laikam\\\/#primaryimage\"},\"thumbnailUrl\":\"https:\\\/\\\/www.cobalt.legal\\\/wp-content\\\/uploads\\\/2023\\\/04\\\/Ivo-Maskalans-jpg.jpg\",\"datePublished\":\"2023-08-15T15:05:47+00:00\",\"description\":\"R\u0101mju noteik\u0161ana elast\u012bgam darba laikam. News. Naujienos. Jaunumi. Uudised.\",\"breadcrumb\":{\"@id\":\"https:\\\/\\\/www.cobalt.legal\\\/lv\\\/news-cases\\\/ramju-noteiksana-elastigam-darba-laikam\\\/#breadcrumb\"},\"inLanguage\":\"lv-LV\",\"potentialAction\":[{\"@type\":\"ReadAction\",\"target\":[\"https:\\\/\\\/www.cobalt.legal\\\/lv\\\/news-cases\\\/ramju-noteiksana-elastigam-darba-laikam\\\/\"]}]},{\"@type\":\"ImageObject\",\"inLanguage\":\"lv-LV\",\"@id\":\"https:\\\/\\\/www.cobalt.legal\\\/lv\\\/news-cases\\\/ramju-noteiksana-elastigam-darba-laikam\\\/#primaryimage\",\"url\":\"https:\\\/\\\/www.cobalt.legal\\\/wp-content\\\/uploads\\\/2023\\\/04\\\/Ivo-Maskalans-jpg.jpg\",\"contentUrl\":\"https:\\\/\\\/www.cobalt.legal\\\/wp-content\\\/uploads\\\/2023\\\/04\\\/Ivo-Maskalans-jpg.jpg\",\"width\":2044,\"height\":1788},{\"@type\":\"BreadcrumbList\",\"@id\":\"https:\\\/\\\/www.cobalt.legal\\\/lv\\\/news-cases\\\/ramju-noteiksana-elastigam-darba-laikam\\\/#breadcrumb\",\"itemListElement\":[{\"@type\":\"ListItem\",\"position\":1,\"name\":\"Home\",\"item\":\"https:\\\/\\\/www.cobalt.legal\\\/lv\\\/\"},{\"@type\":\"ListItem\",\"position\":2,\"name\":\"R\u0101mju noteik\u0161ana elast\u012bgam darba laikam\"}]},{\"@type\":\"WebSite\",\"@id\":\"https:\\\/\\\/www.cobalt.legal\\\/lv\\\/#website\",\"url\":\"https:\\\/\\\/www.cobalt.legal\\\/lv\\\/\",\"name\":\"COBALT\",\"description\":\"Top-tier law services in Estonia, Latvia and Lithuania\",\"publisher\":{\"@id\":\"https:\\\/\\\/www.cobalt.legal\\\/lv\\\/#organization\"},\"potentialAction\":[{\"@type\":\"SearchAction\",\"target\":{\"@type\":\"EntryPoint\",\"urlTemplate\":\"https:\\\/\\\/www.cobalt.legal\\\/lv\\\/?s={search_term_string}\"},\"query-input\":{\"@type\":\"PropertyValueSpecification\",\"valueRequired\":true,\"valueName\":\"search_term_string\"}}],\"inLanguage\":\"lv-LV\"},{\"@type\":\"Organization\",\"@id\":\"https:\\\/\\\/www.cobalt.legal\\\/lv\\\/#organization\",\"name\":\"COBALT\",\"url\":\"https:\\\/\\\/www.cobalt.legal\\\/lv\\\/\",\"logo\":{\"@type\":\"ImageObject\",\"inLanguage\":\"lv-LV\",\"@id\":\"https:\\\/\\\/www.cobalt.legal\\\/lv\\\/#\\\/schema\\\/logo\\\/image\\\/\",\"url\":\"https:\\\/\\\/www.cobalt.legal\\\/wp-content\\\/uploads\\\/2023\\\/04\\\/cobalt-logo.png\",\"contentUrl\":\"https:\\\/\\\/www.cobalt.legal\\\/wp-content\\\/uploads\\\/2023\\\/04\\\/cobalt-logo.png\",\"width\":400,\"height\":116,\"caption\":\"COBALT\"},\"image\":{\"@id\":\"https:\\\/\\\/www.cobalt.legal\\\/lv\\\/#\\\/schema\\\/logo\\\/image\\\/\"},\"sameAs\":[\"https:\\\/\\\/www.facebook.com\\\/CobaltLegal\\\/\"]},{\"@type\":\"Person\",\"@id\":\"https:\\\/\\\/www.cobalt.legal\\\/lv\\\/#\\\/schema\\\/person\\\/a96c052a2eba55b2f6b995c69436c3aa\",\"name\":\"Ilze Augstkalne\",\"url\":\"https:\\\/\\\/www.cobalt.legal\\\/lv\\\/author\\\/ilze\\\/\"}]}<\/script>\n<!-- \/ Yoast SEO plugin. -->","yoast_head_json":{"title":"R\u0101mju noteik\u0161ana elast\u012bgam darba laikam | COBALT","description":"R\u0101mju noteik\u0161ana elast\u012bgam darba laikam. News. Naujienos. Jaunumi. Uudised.","robots":{"index":"index","follow":"follow","max-snippet":"max-snippet:-1","max-image-preview":"max-image-preview:large","max-video-preview":"max-video-preview:-1"},"canonical":"https:\/\/www.cobalt.legal\/lv\/news-cases\/ramju-noteiksana-elastigam-darba-laikam\/","og_locale":"lv_LV","og_type":"article","og_title":"R\u0101mju noteik\u0161ana elast\u012bgam darba laikam | COBALT","og_description":"R\u0101mju noteik\u0161ana elast\u012bgam darba laikam. News. Naujienos. Jaunumi. Uudised.","og_url":"https:\/\/www.cobalt.legal\/lv\/news-cases\/ramju-noteiksana-elastigam-darba-laikam\/","og_site_name":"COBALT","article_publisher":"https:\/\/www.facebook.com\/CobaltLegal\/","article_published_time":"2023-08-15T15:05:47+00:00","og_image":[{"width":2044,"height":1788,"url":"https:\/\/www.cobalt.legal\/wp-content\/uploads\/2023\/04\/Ivo-Maskalans-jpg.jpg","type":"image\/jpeg"}],"author":"Ilze Augstkalne","twitter_card":"summary_large_image","twitter_misc":{"Written by":"Ilze Augstkalne","Est. reading time":"2 minutes"},"schema":{"@context":"https:\/\/schema.org","@graph":[{"@type":"Article","@id":"https:\/\/www.cobalt.legal\/lv\/news-cases\/ramju-noteiksana-elastigam-darba-laikam\/#article","isPartOf":{"@id":"https:\/\/www.cobalt.legal\/lv\/news-cases\/ramju-noteiksana-elastigam-darba-laikam\/"},"author":{"name":"Ilze Augstkalne","@id":"https:\/\/www.cobalt.legal\/lv\/#\/schema\/person\/a96c052a2eba55b2f6b995c69436c3aa"},"headline":"R\u0101mju noteik\u0161ana elast\u012bgam darba laikam","datePublished":"2023-08-15T15:05:47+00:00","mainEntityOfPage":{"@id":"https:\/\/www.cobalt.legal\/lv\/news-cases\/ramju-noteiksana-elastigam-darba-laikam\/"},"wordCount":378,"publisher":{"@id":"https:\/\/www.cobalt.legal\/lv\/#organization"},"image":{"@id":"https:\/\/www.cobalt.legal\/lv\/news-cases\/ramju-noteiksana-elastigam-darba-laikam\/#primaryimage"},"thumbnailUrl":"https:\/\/www.cobalt.legal\/wp-content\/uploads\/2023\/04\/Ivo-Maskalans-jpg.jpg","articleSection":["Uncategorized @lv"],"inLanguage":"lv-LV"},{"@type":"WebPage","@id":"https:\/\/www.cobalt.legal\/lv\/news-cases\/ramju-noteiksana-elastigam-darba-laikam\/","url":"https:\/\/www.cobalt.legal\/lv\/news-cases\/ramju-noteiksana-elastigam-darba-laikam\/","name":"R\u0101mju noteik\u0161ana elast\u012bgam darba laikam | COBALT","isPartOf":{"@id":"https:\/\/www.cobalt.legal\/lv\/#website"},"primaryImageOfPage":{"@id":"https:\/\/www.cobalt.legal\/lv\/news-cases\/ramju-noteiksana-elastigam-darba-laikam\/#primaryimage"},"image":{"@id":"https:\/\/www.cobalt.legal\/lv\/news-cases\/ramju-noteiksana-elastigam-darba-laikam\/#primaryimage"},"thumbnailUrl":"https:\/\/www.cobalt.legal\/wp-content\/uploads\/2023\/04\/Ivo-Maskalans-jpg.jpg","datePublished":"2023-08-15T15:05:47+00:00","description":"R\u0101mju noteik\u0161ana elast\u012bgam darba laikam. News. Naujienos. Jaunumi. Uudised.","breadcrumb":{"@id":"https:\/\/www.cobalt.legal\/lv\/news-cases\/ramju-noteiksana-elastigam-darba-laikam\/#breadcrumb"},"inLanguage":"lv-LV","potentialAction":[{"@type":"ReadAction","target":["https:\/\/www.cobalt.legal\/lv\/news-cases\/ramju-noteiksana-elastigam-darba-laikam\/"]}]},{"@type":"ImageObject","inLanguage":"lv-LV","@id":"https:\/\/www.cobalt.legal\/lv\/news-cases\/ramju-noteiksana-elastigam-darba-laikam\/#primaryimage","url":"https:\/\/www.cobalt.legal\/wp-content\/uploads\/2023\/04\/Ivo-Maskalans-jpg.jpg","contentUrl":"https:\/\/www.cobalt.legal\/wp-content\/uploads\/2023\/04\/Ivo-Maskalans-jpg.jpg","width":2044,"height":1788},{"@type":"BreadcrumbList","@id":"https:\/\/www.cobalt.legal\/lv\/news-cases\/ramju-noteiksana-elastigam-darba-laikam\/#breadcrumb","itemListElement":[{"@type":"ListItem","position":1,"name":"Home","item":"https:\/\/www.cobalt.legal\/lv\/"},{"@type":"ListItem","position":2,"name":"R\u0101mju noteik\u0161ana elast\u012bgam darba laikam"}]},{"@type":"WebSite","@id":"https:\/\/www.cobalt.legal\/lv\/#website","url":"https:\/\/www.cobalt.legal\/lv\/","name":"COBALT","description":"Top-tier law services in Estonia, Latvia and Lithuania","publisher":{"@id":"https:\/\/www.cobalt.legal\/lv\/#organization"},"potentialAction":[{"@type":"SearchAction","target":{"@type":"EntryPoint","urlTemplate":"https:\/\/www.cobalt.legal\/lv\/?s={search_term_string}"},"query-input":{"@type":"PropertyValueSpecification","valueRequired":true,"valueName":"search_term_string"}}],"inLanguage":"lv-LV"},{"@type":"Organization","@id":"https:\/\/www.cobalt.legal\/lv\/#organization","name":"COBALT","url":"https:\/\/www.cobalt.legal\/lv\/","logo":{"@type":"ImageObject","inLanguage":"lv-LV","@id":"https:\/\/www.cobalt.legal\/lv\/#\/schema\/logo\/image\/","url":"https:\/\/www.cobalt.legal\/wp-content\/uploads\/2023\/04\/cobalt-logo.png","contentUrl":"https:\/\/www.cobalt.legal\/wp-content\/uploads\/2023\/04\/cobalt-logo.png","width":400,"height":116,"caption":"COBALT"},"image":{"@id":"https:\/\/www.cobalt.legal\/lv\/#\/schema\/logo\/image\/"},"sameAs":["https:\/\/www.facebook.com\/CobaltLegal\/"]},{"@type":"Person","@id":"https:\/\/www.cobalt.legal\/lv\/#\/schema\/person\/a96c052a2eba55b2f6b995c69436c3aa","name":"Ilze Augstkalne","url":"https:\/\/www.cobalt.legal\/lv\/author\/ilze\/"}]}},"_links":{"self":[{"href":"https:\/\/www.cobalt.legal\/lv\/wp-json\/wp\/v2\/posts\/19861","targetHints":{"allow":["GET"]}}],"collection":[{"href":"https:\/\/www.cobalt.legal\/lv\/wp-json\/wp\/v2\/posts"}],"about":[{"href":"https:\/\/www.cobalt.legal\/lv\/wp-json\/wp\/v2\/types\/post"}],"author":[{"embeddable":true,"href":"https:\/\/www.cobalt.legal\/lv\/wp-json\/wp\/v2\/users\/6"}],"replies":[{"embeddable":true,"href":"https:\/\/www.cobalt.legal\/lv\/wp-json\/wp\/v2\/comments?post=19861"}],"version-history":[{"count":1,"href":"https:\/\/www.cobalt.legal\/lv\/wp-json\/wp\/v2\/posts\/19861\/revisions"}],"predecessor-version":[{"id":19862,"href":"https:\/\/www.cobalt.legal\/lv\/wp-json\/wp\/v2\/posts\/19861\/revisions\/19862"}],"wp:featuredmedia":[{"embeddable":true,"href":"https:\/\/www.cobalt.legal\/lv\/wp-json\/wp\/v2\/media\/2555"}],"wp:attachment":[{"href":"https:\/\/www.cobalt.legal\/lv\/wp-json\/wp\/v2\/media?parent=19861"}],"wp:term":[{"taxonomy":"category","embeddable":true,"href":"https:\/\/www.cobalt.legal\/lv\/wp-json\/wp\/v2\/categories?post=19861"},{"taxonomy":"country","embeddable":true,"href":"https:\/\/www.cobalt.legal\/lv\/wp-json\/wp\/v2\/country?post=19861"}],"curies":[{"name":"wp","href":"https:\/\/api.w.org\/{rel}","templated":true}]}}