{"id":39433,"date":"2024-09-11T15:27:33","date_gmt":"2024-09-11T12:27:33","guid":{"rendered":"https:\/\/www.cobalt.legal\/?p=39433"},"modified":"2024-09-16T11:54:05","modified_gmt":"2024-09-16T08:54:05","slug":"ilgtspejas-festivala-impact-day-ietvaros-pirmo-reizi-tiks-godinati-labakie-ilgtspejas-vaditaji-baltija","status":"publish","type":"post","link":"https:\/\/www.cobalt.legal\/lv\/news-cases\/ilgtspejas-festivala-impact-day-ietvaros-pirmo-reizi-tiks-godinati-labakie-ilgtspejas-vaditaji-baltija\/","title":{"rendered":"Ilgtsp\u0113jas festiv\u0101la Impact day ietvaros pirmo reizi tiks godin\u0101ti lab\u0101kie ilgtsp\u0113jas vad\u012bt\u0101ji Baltij\u0101"},"content":{"rendered":"<p>No 10. l\u012bdz 12. oktobrim Tallin\u0101 jau tre\u0161o gadu norisin\u0101sies Baltij\u0101 un Zieme\u013cu valst\u012bs liel\u0101kais ilgtsp\u0113jas jaut\u0101jumiem velt\u012btais pas\u0101kums Impact Day, kur\u0101 \u0161ogad pirmo reizi tiks godin\u0101ti un apbalvoti lab\u0101kie ilgtsp\u0113jas speci\u0101listi Baltijas valst\u012bs.<\/p>\n<p>Nomin\u0101cijas pirmajai Baltijas ilgtsp\u0113jas vad\u012bt\u0101ju balvai iesp\u0113jams iesniegt l\u012bdz 30. septembrim, aizpildot <a href=\"https:\/\/5jcpewdvw4n.typeform.com\/manager-award?typeform-source=www.linkedin.com\">pieteikuma anketu tie\u0161saist\u0113<\/a> un nomin\u0113jot uz\u0146\u0113mumu un organiz\u0101ciju ilgtsp\u0113jas procesu galvenos virz\u012bt\u0101jus. Pieteikumus izv\u0113rt\u0113s speci\u0101li izveidota \u017e\u016brijas komisija, kur\u0101 b\u016bs p\u0101rst\u0101v\u0113ti Latvijas, Lietuvas un Igaunijas ilgtsp\u0113jas eksperti. Balvas tiks pasniegtas 10. oktobr\u012b uz Impact day festiv\u0101la skatuves.<\/p>\n<p>Baltijas ilgtsp\u0113jas vad\u012bt\u0101ju balvu iecer\u0113ts iedibin\u0101t k\u0101 ikgad\u0113ju trad\u012bciju, lai aktualiz\u0113tu un godin\u0101tu ilgtsp\u0113jas speci\u0101listu noz\u012bmi un lomu Baltijas valstu uz\u0146\u0113m\u0113jdarb\u012bbas vides att\u012bst\u012bb\u0101 un konkur\u0113tsp\u0113jas stiprin\u0101\u0161an\u0101.<\/p>\n<p>Balvu iedvesmo <a href=\"https:\/\/www.cobalt.legal\/lv\/\">COBALT<\/a> un <a href=\"https:\/\/esgrid.com\/\">Esgrid<\/a> sadarb\u012bb\u0101 ar <a href=\"https:\/\/impactday.eu\/\">Impact day<\/a>.<\/p>\n<p>Impact day 2024 uz \u010detr\u0101m skatuv\u0113m uzst\u0101sies vair\u0101k nek\u0101 150 eksperti, pulc\u0113jot vair\u0101k nek\u0101 4000 dal\u012bbnieku, kuriem r\u016bp veidot pasauli lab\u0101ku un ilgtsp\u0113j\u012bg\u0101ku.<\/p>\n","protected":false},"excerpt":{"rendered":"<p>No 10. l\u012bdz 12. oktobrim Tallin\u0101 jau tre\u0161o gadu norisin\u0101sies Baltij\u0101 un Zieme\u013cu valst\u012bs liel\u0101kais ilgtsp\u0113jas jaut\u0101jumiem velt\u012btais pas\u0101kums Impact Day, kur\u0101 \u0161ogad pirmo reizi tiks godin\u0101ti un apbalvoti lab\u0101kie ilgtsp\u0113jas speci\u0101listi Baltijas valst\u012bs. Nomin\u0101cijas pirmajai Baltijas ilgtsp\u0113jas vad\u012bt\u0101ju balvai..<\/p>\n","protected":false},"author":9,"featured_media":39335,"comment_status":"closed","ping_status":"closed","sticky":false,"template":"","format":"standard","meta":{"_acf_changed":false,"inline_featured_image":false,"footnotes":""},"categories":[3],"country":[98,96,89],"class_list":["post-39433","post","type-post","status-publish","format-standard","has-post-thumbnail","hentry","category-uncategorized-lv","country-estonia-lv","country-latvia-lv","country-lithuania-lv"],"acf":[],"yoast_head":"<!-- This site is optimized with the Yoast SEO plugin v27.3 - https:\/\/yoast.com\/product\/yoast-seo-wordpress\/ -->\n<title>Ilgtsp\u0113jas festiv\u0101la Impact day ietvaros pirmo reizi tiks godin\u0101ti lab\u0101kie ilgtsp\u0113jas vad\u012bt\u0101ji Baltij\u0101 | COBALT<\/title>\n<meta name=\"description\" content=\"Ilgtsp\u0113jas festiv\u0101la Impact day ietvaros pirmo reizi tiks godin\u0101ti lab\u0101kie ilgtsp\u0113jas vad\u012bt\u0101ji Baltij\u0101. News. Naujienos. Jaunumi. Uudised.\" \/>\n<meta name=\"robots\" content=\"index, follow, max-snippet:-1, max-image-preview:large, max-video-preview:-1\" \/>\n<link rel=\"canonical\" href=\"https:\/\/www.cobalt.legal\/lv\/news-cases\/ilgtspejas-festivala-impact-day-ietvaros-pirmo-reizi-tiks-godinati-labakie-ilgtspejas-vaditaji-baltija\/\" \/>\n<meta property=\"og:locale\" content=\"lv_LV\" \/>\n<meta property=\"og:type\" content=\"article\" \/>\n<meta property=\"og:title\" content=\"Ilgtsp\u0113jas festiv\u0101la Impact day ietvaros pirmo reizi tiks godin\u0101ti lab\u0101kie ilgtsp\u0113jas vad\u012bt\u0101ji Baltij\u0101 | COBALT\" \/>\n<meta property=\"og:description\" content=\"Ilgtsp\u0113jas festiv\u0101la Impact day ietvaros pirmo reizi tiks godin\u0101ti lab\u0101kie ilgtsp\u0113jas vad\u012bt\u0101ji Baltij\u0101. News. Naujienos. Jaunumi. Uudised.\" \/>\n<meta property=\"og:url\" content=\"https:\/\/www.cobalt.legal\/lv\/news-cases\/ilgtspejas-festivala-impact-day-ietvaros-pirmo-reizi-tiks-godinati-labakie-ilgtspejas-vaditaji-baltija\/\" \/>\n<meta property=\"og:site_name\" content=\"COBALT\" \/>\n<meta property=\"article:publisher\" content=\"https:\/\/www.facebook.com\/CobaltLegal\/\" \/>\n<meta property=\"article:published_time\" content=\"2024-09-11T12:27:33+00:00\" \/>\n<meta property=\"article:modified_time\" content=\"2024-09-16T08:54:05+00:00\" \/>\n<meta property=\"og:image\" content=\"https:\/\/www.cobalt.legal\/wp-content\/uploads\/2024\/09\/esgrid.png\" \/>\n\t<meta property=\"og:image:width\" content=\"1080\" \/>\n\t<meta property=\"og:image:height\" content=\"1080\" \/>\n\t<meta property=\"og:image:type\" content=\"image\/png\" \/>\n<meta name=\"author\" content=\"Krists B\u0113rzi\u0146\u0161\" \/>\n<meta name=\"twitter:card\" content=\"summary_large_image\" \/>\n<meta name=\"twitter:label1\" content=\"Written by\" \/>\n\t<meta name=\"twitter:data1\" content=\"Krists B\u0113rzi\u0146\u0161\" \/>\n\t<meta name=\"twitter:label2\" content=\"Est. reading time\" \/>\n\t<meta name=\"twitter:data2\" content=\"1 minute\" \/>\n<script type=\"application\/ld+json\" class=\"yoast-schema-graph\">{\"@context\":\"https:\\\/\\\/schema.org\",\"@graph\":[{\"@type\":\"Article\",\"@id\":\"https:\\\/\\\/www.cobalt.legal\\\/lv\\\/news-cases\\\/ilgtspejas-festivala-impact-day-ietvaros-pirmo-reizi-tiks-godinati-labakie-ilgtspejas-vaditaji-baltija\\\/#article\",\"isPartOf\":{\"@id\":\"https:\\\/\\\/www.cobalt.legal\\\/lv\\\/news-cases\\\/ilgtspejas-festivala-impact-day-ietvaros-pirmo-reizi-tiks-godinati-labakie-ilgtspejas-vaditaji-baltija\\\/\"},\"author\":{\"name\":\"Krists B\u0113rzi\u0146\u0161\",\"@id\":\"https:\\\/\\\/www.cobalt.legal\\\/lv\\\/#\\\/schema\\\/person\\\/6d0e9cbfb95641578bcd7c54eb68e450\"},\"headline\":\"Ilgtsp\u0113jas festiv\u0101la Impact day ietvaros pirmo reizi tiks godin\u0101ti lab\u0101kie ilgtsp\u0113jas vad\u012bt\u0101ji Baltij\u0101\",\"datePublished\":\"2024-09-11T12:27:33+00:00\",\"dateModified\":\"2024-09-16T08:54:05+00:00\",\"mainEntityOfPage\":{\"@id\":\"https:\\\/\\\/www.cobalt.legal\\\/lv\\\/news-cases\\\/ilgtspejas-festivala-impact-day-ietvaros-pirmo-reizi-tiks-godinati-labakie-ilgtspejas-vaditaji-baltija\\\/\"},\"wordCount\":224,\"publisher\":{\"@id\":\"https:\\\/\\\/www.cobalt.legal\\\/lv\\\/#organization\"},\"image\":{\"@id\":\"https:\\\/\\\/www.cobalt.legal\\\/lv\\\/news-cases\\\/ilgtspejas-festivala-impact-day-ietvaros-pirmo-reizi-tiks-godinati-labakie-ilgtspejas-vaditaji-baltija\\\/#primaryimage\"},\"thumbnailUrl\":\"https:\\\/\\\/www.cobalt.legal\\\/wp-content\\\/uploads\\\/2024\\\/09\\\/esgrid.png\",\"articleSection\":[\"Uncategorized @lv\"],\"inLanguage\":\"lv-LV\"},{\"@type\":\"WebPage\",\"@id\":\"https:\\\/\\\/www.cobalt.legal\\\/lv\\\/news-cases\\\/ilgtspejas-festivala-impact-day-ietvaros-pirmo-reizi-tiks-godinati-labakie-ilgtspejas-vaditaji-baltija\\\/\",\"url\":\"https:\\\/\\\/www.cobalt.legal\\\/lv\\\/news-cases\\\/ilgtspejas-festivala-impact-day-ietvaros-pirmo-reizi-tiks-godinati-labakie-ilgtspejas-vaditaji-baltija\\\/\",\"name\":\"Ilgtsp\u0113jas festiv\u0101la Impact day ietvaros pirmo reizi tiks godin\u0101ti lab\u0101kie ilgtsp\u0113jas vad\u012bt\u0101ji Baltij\u0101 | COBALT\",\"isPartOf\":{\"@id\":\"https:\\\/\\\/www.cobalt.legal\\\/lv\\\/#website\"},\"primaryImageOfPage\":{\"@id\":\"https:\\\/\\\/www.cobalt.legal\\\/lv\\\/news-cases\\\/ilgtspejas-festivala-impact-day-ietvaros-pirmo-reizi-tiks-godinati-labakie-ilgtspejas-vaditaji-baltija\\\/#primaryimage\"},\"image\":{\"@id\":\"https:\\\/\\\/www.cobalt.legal\\\/lv\\\/news-cases\\\/ilgtspejas-festivala-impact-day-ietvaros-pirmo-reizi-tiks-godinati-labakie-ilgtspejas-vaditaji-baltija\\\/#primaryimage\"},\"thumbnailUrl\":\"https:\\\/\\\/www.cobalt.legal\\\/wp-content\\\/uploads\\\/2024\\\/09\\\/esgrid.png\",\"datePublished\":\"2024-09-11T12:27:33+00:00\",\"dateModified\":\"2024-09-16T08:54:05+00:00\",\"description\":\"Ilgtsp\u0113jas festiv\u0101la Impact day ietvaros pirmo reizi tiks godin\u0101ti lab\u0101kie ilgtsp\u0113jas vad\u012bt\u0101ji Baltij\u0101. News. Naujienos. Jaunumi. Uudised.\",\"breadcrumb\":{\"@id\":\"https:\\\/\\\/www.cobalt.legal\\\/lv\\\/news-cases\\\/ilgtspejas-festivala-impact-day-ietvaros-pirmo-reizi-tiks-godinati-labakie-ilgtspejas-vaditaji-baltija\\\/#breadcrumb\"},\"inLanguage\":\"lv-LV\",\"potentialAction\":[{\"@type\":\"ReadAction\",\"target\":[\"https:\\\/\\\/www.cobalt.legal\\\/lv\\\/news-cases\\\/ilgtspejas-festivala-impact-day-ietvaros-pirmo-reizi-tiks-godinati-labakie-ilgtspejas-vaditaji-baltija\\\/\"]}]},{\"@type\":\"ImageObject\",\"inLanguage\":\"lv-LV\",\"@id\":\"https:\\\/\\\/www.cobalt.legal\\\/lv\\\/news-cases\\\/ilgtspejas-festivala-impact-day-ietvaros-pirmo-reizi-tiks-godinati-labakie-ilgtspejas-vaditaji-baltija\\\/#primaryimage\",\"url\":\"https:\\\/\\\/www.cobalt.legal\\\/wp-content\\\/uploads\\\/2024\\\/09\\\/esgrid.png\",\"contentUrl\":\"https:\\\/\\\/www.cobalt.legal\\\/wp-content\\\/uploads\\\/2024\\\/09\\\/esgrid.png\",\"width\":1080,\"height\":1080},{\"@type\":\"BreadcrumbList\",\"@id\":\"https:\\\/\\\/www.cobalt.legal\\\/lv\\\/news-cases\\\/ilgtspejas-festivala-impact-day-ietvaros-pirmo-reizi-tiks-godinati-labakie-ilgtspejas-vaditaji-baltija\\\/#breadcrumb\",\"itemListElement\":[{\"@type\":\"ListItem\",\"position\":1,\"name\":\"Home\",\"item\":\"https:\\\/\\\/www.cobalt.legal\\\/lv\\\/\"},{\"@type\":\"ListItem\",\"position\":2,\"name\":\"Ilgtsp\u0113jas festiv\u0101la Impact day ietvaros pirmo reizi tiks godin\u0101ti lab\u0101kie ilgtsp\u0113jas vad\u012bt\u0101ji Baltij\u0101\"}]},{\"@type\":\"WebSite\",\"@id\":\"https:\\\/\\\/www.cobalt.legal\\\/lv\\\/#website\",\"url\":\"https:\\\/\\\/www.cobalt.legal\\\/lv\\\/\",\"name\":\"COBALT\",\"description\":\"Top-tier law services in Estonia, Latvia and Lithuania\",\"publisher\":{\"@id\":\"https:\\\/\\\/www.cobalt.legal\\\/lv\\\/#organization\"},\"potentialAction\":[{\"@type\":\"SearchAction\",\"target\":{\"@type\":\"EntryPoint\",\"urlTemplate\":\"https:\\\/\\\/www.cobalt.legal\\\/lv\\\/?s={search_term_string}\"},\"query-input\":{\"@type\":\"PropertyValueSpecification\",\"valueRequired\":true,\"valueName\":\"search_term_string\"}}],\"inLanguage\":\"lv-LV\"},{\"@type\":\"Organization\",\"@id\":\"https:\\\/\\\/www.cobalt.legal\\\/lv\\\/#organization\",\"name\":\"COBALT\",\"url\":\"https:\\\/\\\/www.cobalt.legal\\\/lv\\\/\",\"logo\":{\"@type\":\"ImageObject\",\"inLanguage\":\"lv-LV\",\"@id\":\"https:\\\/\\\/www.cobalt.legal\\\/lv\\\/#\\\/schema\\\/logo\\\/image\\\/\",\"url\":\"https:\\\/\\\/www.cobalt.legal\\\/wp-content\\\/uploads\\\/2023\\\/04\\\/cobalt-logo.png\",\"contentUrl\":\"https:\\\/\\\/www.cobalt.legal\\\/wp-content\\\/uploads\\\/2023\\\/04\\\/cobalt-logo.png\",\"width\":400,\"height\":116,\"caption\":\"COBALT\"},\"image\":{\"@id\":\"https:\\\/\\\/www.cobalt.legal\\\/lv\\\/#\\\/schema\\\/logo\\\/image\\\/\"},\"sameAs\":[\"https:\\\/\\\/www.facebook.com\\\/CobaltLegal\\\/\"]},{\"@type\":\"Person\",\"@id\":\"https:\\\/\\\/www.cobalt.legal\\\/lv\\\/#\\\/schema\\\/person\\\/6d0e9cbfb95641578bcd7c54eb68e450\",\"name\":\"Krists B\u0113rzi\u0146\u0161\",\"url\":\"https:\\\/\\\/www.cobalt.legal\\\/lv\\\/author\\\/krists\\\/\"}]}<\/script>\n<!-- \/ Yoast SEO plugin. -->","yoast_head_json":{"title":"Ilgtsp\u0113jas festiv\u0101la Impact day ietvaros pirmo reizi tiks godin\u0101ti lab\u0101kie ilgtsp\u0113jas vad\u012bt\u0101ji Baltij\u0101 | COBALT","description":"Ilgtsp\u0113jas festiv\u0101la Impact day ietvaros pirmo reizi tiks godin\u0101ti lab\u0101kie ilgtsp\u0113jas vad\u012bt\u0101ji Baltij\u0101. News. Naujienos. Jaunumi. Uudised.","robots":{"index":"index","follow":"follow","max-snippet":"max-snippet:-1","max-image-preview":"max-image-preview:large","max-video-preview":"max-video-preview:-1"},"canonical":"https:\/\/www.cobalt.legal\/lv\/news-cases\/ilgtspejas-festivala-impact-day-ietvaros-pirmo-reizi-tiks-godinati-labakie-ilgtspejas-vaditaji-baltija\/","og_locale":"lv_LV","og_type":"article","og_title":"Ilgtsp\u0113jas festiv\u0101la Impact day ietvaros pirmo reizi tiks godin\u0101ti lab\u0101kie ilgtsp\u0113jas vad\u012bt\u0101ji Baltij\u0101 | COBALT","og_description":"Ilgtsp\u0113jas festiv\u0101la Impact day ietvaros pirmo reizi tiks godin\u0101ti lab\u0101kie ilgtsp\u0113jas vad\u012bt\u0101ji Baltij\u0101. News. Naujienos. Jaunumi. Uudised.","og_url":"https:\/\/www.cobalt.legal\/lv\/news-cases\/ilgtspejas-festivala-impact-day-ietvaros-pirmo-reizi-tiks-godinati-labakie-ilgtspejas-vaditaji-baltija\/","og_site_name":"COBALT","article_publisher":"https:\/\/www.facebook.com\/CobaltLegal\/","article_published_time":"2024-09-11T12:27:33+00:00","article_modified_time":"2024-09-16T08:54:05+00:00","og_image":[{"width":1080,"height":1080,"url":"https:\/\/www.cobalt.legal\/wp-content\/uploads\/2024\/09\/esgrid.png","type":"image\/png"}],"author":"Krists B\u0113rzi\u0146\u0161","twitter_card":"summary_large_image","twitter_misc":{"Written by":"Krists B\u0113rzi\u0146\u0161","Est. reading time":"1 minute"},"schema":{"@context":"https:\/\/schema.org","@graph":[{"@type":"Article","@id":"https:\/\/www.cobalt.legal\/lv\/news-cases\/ilgtspejas-festivala-impact-day-ietvaros-pirmo-reizi-tiks-godinati-labakie-ilgtspejas-vaditaji-baltija\/#article","isPartOf":{"@id":"https:\/\/www.cobalt.legal\/lv\/news-cases\/ilgtspejas-festivala-impact-day-ietvaros-pirmo-reizi-tiks-godinati-labakie-ilgtspejas-vaditaji-baltija\/"},"author":{"name":"Krists B\u0113rzi\u0146\u0161","@id":"https:\/\/www.cobalt.legal\/lv\/#\/schema\/person\/6d0e9cbfb95641578bcd7c54eb68e450"},"headline":"Ilgtsp\u0113jas festiv\u0101la Impact day ietvaros pirmo reizi tiks godin\u0101ti lab\u0101kie ilgtsp\u0113jas vad\u012bt\u0101ji Baltij\u0101","datePublished":"2024-09-11T12:27:33+00:00","dateModified":"2024-09-16T08:54:05+00:00","mainEntityOfPage":{"@id":"https:\/\/www.cobalt.legal\/lv\/news-cases\/ilgtspejas-festivala-impact-day-ietvaros-pirmo-reizi-tiks-godinati-labakie-ilgtspejas-vaditaji-baltija\/"},"wordCount":224,"publisher":{"@id":"https:\/\/www.cobalt.legal\/lv\/#organization"},"image":{"@id":"https:\/\/www.cobalt.legal\/lv\/news-cases\/ilgtspejas-festivala-impact-day-ietvaros-pirmo-reizi-tiks-godinati-labakie-ilgtspejas-vaditaji-baltija\/#primaryimage"},"thumbnailUrl":"https:\/\/www.cobalt.legal\/wp-content\/uploads\/2024\/09\/esgrid.png","articleSection":["Uncategorized @lv"],"inLanguage":"lv-LV"},{"@type":"WebPage","@id":"https:\/\/www.cobalt.legal\/lv\/news-cases\/ilgtspejas-festivala-impact-day-ietvaros-pirmo-reizi-tiks-godinati-labakie-ilgtspejas-vaditaji-baltija\/","url":"https:\/\/www.cobalt.legal\/lv\/news-cases\/ilgtspejas-festivala-impact-day-ietvaros-pirmo-reizi-tiks-godinati-labakie-ilgtspejas-vaditaji-baltija\/","name":"Ilgtsp\u0113jas festiv\u0101la Impact day ietvaros pirmo reizi tiks godin\u0101ti lab\u0101kie ilgtsp\u0113jas vad\u012bt\u0101ji Baltij\u0101 | COBALT","isPartOf":{"@id":"https:\/\/www.cobalt.legal\/lv\/#website"},"primaryImageOfPage":{"@id":"https:\/\/www.cobalt.legal\/lv\/news-cases\/ilgtspejas-festivala-impact-day-ietvaros-pirmo-reizi-tiks-godinati-labakie-ilgtspejas-vaditaji-baltija\/#primaryimage"},"image":{"@id":"https:\/\/www.cobalt.legal\/lv\/news-cases\/ilgtspejas-festivala-impact-day-ietvaros-pirmo-reizi-tiks-godinati-labakie-ilgtspejas-vaditaji-baltija\/#primaryimage"},"thumbnailUrl":"https:\/\/www.cobalt.legal\/wp-content\/uploads\/2024\/09\/esgrid.png","datePublished":"2024-09-11T12:27:33+00:00","dateModified":"2024-09-16T08:54:05+00:00","description":"Ilgtsp\u0113jas festiv\u0101la Impact day ietvaros pirmo reizi tiks godin\u0101ti lab\u0101kie ilgtsp\u0113jas vad\u012bt\u0101ji Baltij\u0101. News. Naujienos. Jaunumi. Uudised.","breadcrumb":{"@id":"https:\/\/www.cobalt.legal\/lv\/news-cases\/ilgtspejas-festivala-impact-day-ietvaros-pirmo-reizi-tiks-godinati-labakie-ilgtspejas-vaditaji-baltija\/#breadcrumb"},"inLanguage":"lv-LV","potentialAction":[{"@type":"ReadAction","target":["https:\/\/www.cobalt.legal\/lv\/news-cases\/ilgtspejas-festivala-impact-day-ietvaros-pirmo-reizi-tiks-godinati-labakie-ilgtspejas-vaditaji-baltija\/"]}]},{"@type":"ImageObject","inLanguage":"lv-LV","@id":"https:\/\/www.cobalt.legal\/lv\/news-cases\/ilgtspejas-festivala-impact-day-ietvaros-pirmo-reizi-tiks-godinati-labakie-ilgtspejas-vaditaji-baltija\/#primaryimage","url":"https:\/\/www.cobalt.legal\/wp-content\/uploads\/2024\/09\/esgrid.png","contentUrl":"https:\/\/www.cobalt.legal\/wp-content\/uploads\/2024\/09\/esgrid.png","width":1080,"height":1080},{"@type":"BreadcrumbList","@id":"https:\/\/www.cobalt.legal\/lv\/news-cases\/ilgtspejas-festivala-impact-day-ietvaros-pirmo-reizi-tiks-godinati-labakie-ilgtspejas-vaditaji-baltija\/#breadcrumb","itemListElement":[{"@type":"ListItem","position":1,"name":"Home","item":"https:\/\/www.cobalt.legal\/lv\/"},{"@type":"ListItem","position":2,"name":"Ilgtsp\u0113jas festiv\u0101la Impact day ietvaros pirmo reizi tiks godin\u0101ti lab\u0101kie ilgtsp\u0113jas vad\u012bt\u0101ji Baltij\u0101"}]},{"@type":"WebSite","@id":"https:\/\/www.cobalt.legal\/lv\/#website","url":"https:\/\/www.cobalt.legal\/lv\/","name":"COBALT","description":"Top-tier law services in Estonia, Latvia and Lithuania","publisher":{"@id":"https:\/\/www.cobalt.legal\/lv\/#organization"},"potentialAction":[{"@type":"SearchAction","target":{"@type":"EntryPoint","urlTemplate":"https:\/\/www.cobalt.legal\/lv\/?s={search_term_string}"},"query-input":{"@type":"PropertyValueSpecification","valueRequired":true,"valueName":"search_term_string"}}],"inLanguage":"lv-LV"},{"@type":"Organization","@id":"https:\/\/www.cobalt.legal\/lv\/#organization","name":"COBALT","url":"https:\/\/www.cobalt.legal\/lv\/","logo":{"@type":"ImageObject","inLanguage":"lv-LV","@id":"https:\/\/www.cobalt.legal\/lv\/#\/schema\/logo\/image\/","url":"https:\/\/www.cobalt.legal\/wp-content\/uploads\/2023\/04\/cobalt-logo.png","contentUrl":"https:\/\/www.cobalt.legal\/wp-content\/uploads\/2023\/04\/cobalt-logo.png","width":400,"height":116,"caption":"COBALT"},"image":{"@id":"https:\/\/www.cobalt.legal\/lv\/#\/schema\/logo\/image\/"},"sameAs":["https:\/\/www.facebook.com\/CobaltLegal\/"]},{"@type":"Person","@id":"https:\/\/www.cobalt.legal\/lv\/#\/schema\/person\/6d0e9cbfb95641578bcd7c54eb68e450","name":"Krists B\u0113rzi\u0146\u0161","url":"https:\/\/www.cobalt.legal\/lv\/author\/krists\/"}]}},"_links":{"self":[{"href":"https:\/\/www.cobalt.legal\/lv\/wp-json\/wp\/v2\/posts\/39433","targetHints":{"allow":["GET"]}}],"collection":[{"href":"https:\/\/www.cobalt.legal\/lv\/wp-json\/wp\/v2\/posts"}],"about":[{"href":"https:\/\/www.cobalt.legal\/lv\/wp-json\/wp\/v2\/types\/post"}],"author":[{"embeddable":true,"href":"https:\/\/www.cobalt.legal\/lv\/wp-json\/wp\/v2\/users\/9"}],"replies":[{"embeddable":true,"href":"https:\/\/www.cobalt.legal\/lv\/wp-json\/wp\/v2\/comments?post=39433"}],"version-history":[{"count":3,"href":"https:\/\/www.cobalt.legal\/lv\/wp-json\/wp\/v2\/posts\/39433\/revisions"}],"predecessor-version":[{"id":39436,"href":"https:\/\/www.cobalt.legal\/lv\/wp-json\/wp\/v2\/posts\/39433\/revisions\/39436"}],"wp:featuredmedia":[{"embeddable":true,"href":"https:\/\/www.cobalt.legal\/lv\/wp-json\/wp\/v2\/media\/39335"}],"wp:attachment":[{"href":"https:\/\/www.cobalt.legal\/lv\/wp-json\/wp\/v2\/media?parent=39433"}],"wp:term":[{"taxonomy":"category","embeddable":true,"href":"https:\/\/www.cobalt.legal\/lv\/wp-json\/wp\/v2\/categories?post=39433"},{"taxonomy":"country","embeddable":true,"href":"https:\/\/www.cobalt.legal\/lv\/wp-json\/wp\/v2\/country?post=39433"}],"curies":[{"name":"wp","href":"https:\/\/api.w.org\/{rel}","templated":true}]}}